{"id":380479,"date":"2025-09-10T14:44:13","date_gmt":"2025-09-10T14:44:13","guid":{"rendered":"https:\/\/www.europesays.com\/fr\/380479\/"},"modified":"2025-09-10T14:44:13","modified_gmt":"2025-09-10T14:44:13","slug":"les-oiseaux-chantent-presque-une-heure-de-plus-chaque-jour-voici-pourquoi","status":"publish","type":"post","link":"https:\/\/www.europesays.com\/fr\/380479\/","title":{"rendered":"Les oiseaux chantent presque une heure de plus chaque jour : voici pourquoi"},"content":{"rendered":"<p data-start=\"246\" data-end=\"737\"><strong>Un matin tranquille,<br \/>\nvous entendez les oiseaux chanter un peu plus t\u00f4t et un peu plus<br \/>\nlongtemps que d\u2019habitude. Ce n\u2019est pas une impression : des<br \/>\nchercheurs ont r\u00e9cemment confirm\u00e9 que la <a href=\"https:\/\/sciencepost.fr\/cette-etude-sans-precedent-revele-une-acceleration-de-la-pollution-lumineuse-dans-le-monde\/\" target=\"_blank\" rel=\"noopener nofollow\">pollution lumineuse<\/a> modifie<br \/>\nprofond\u00e9ment le comportement des oiseaux diurnes. En examinant des<br \/>\nmillions d\u2019heures de gazouillis, ils ont d\u00e9couvert que l\u2019\u00e9clairage<br \/>\nartificiel influence le d\u00e9but et la fin du chant, avec des<br \/>\ncons\u00e9quences potentielles sur la sant\u00e9 et la reproduction des<br \/>\nesp\u00e8ces concern\u00e9es.<\/strong><\/p>\n<p>Des donn\u00e9es massives pour<br \/>\ncomprendre un ph\u00e9nom\u00e8ne mondial<\/p>\n<p data-start=\"800\" data-end=\"1424\">Pour analyser ce ph\u00e9nom\u00e8ne, une<br \/>\n\u00e9quipe de chercheurs de l\u2019Universit\u00e9 du Sud de l\u2019Illinois et de<br \/>\nl\u2019Universit\u00e9 d\u2019\u00c9tat de l\u2019Oklahoma s\u2019est appuy\u00e9e sur le projet<br \/>\nBirdWeather, une initiative de science citoyenne. Des passionn\u00e9s<br \/>\nd\u2019ornithologie installent des dispositifs bioacoustiques dans leurs<br \/>\njardins afin d\u2019enregistrer les sons environnementaux. Un logiciel<br \/>\nsp\u00e9cialis\u00e9 s\u00e9pare les chants des oiseaux du reste du bruit ambiant,<br \/>\nproduisant une base de donn\u00e9es permettant de suivre avec pr\u00e9cision<br \/>\nl\u2019activit\u00e9 vocale des oiseaux. L\u2019analyse a port\u00e9 sur 2,6 millions<br \/>\nde d\u00e9buts et cessations de chants, couvrant 583 esp\u00e8ces<br \/>\ndiurnes.<\/p>\n<p data-start=\"1426\" data-end=\"1998\">Les <a href=\"https:\/\/www.aaas.org\/\" target=\"_blank\" rel=\"noopener nofollow\">r\u00e9sultats<\/a> sont frappants : dans les zones les plus<br \/>\ntouch\u00e9es par la lumi\u00e8re artificielle, les oiseaux commencent \u00e0<br \/>\nchanter environ 18 minutes plus t\u00f4t et continuent jusqu\u2019\u00e0 32<br \/>\nminutes plus tard que leurs homologues vivant sous un ciel naturel.<br \/>\nAu total, cela repr\u00e9sente pr\u00e8s d\u2019une heure de chant suppl\u00e9mentaire<br \/>\npar jour. Ces modifications sont particuli\u00e8rement visibles chez les<br \/>\nesp\u00e8ces aux grands yeux, aux nids ouverts et aux aires de<br \/>\nr\u00e9partition \u00e9tendues, et elles sont accentu\u00e9es pendant la p\u00e9riode<br \/>\nde reproduction, lorsque la d\u00e9pense \u00e9nerg\u00e9tique est d\u00e9j\u00e0<br \/>\n\u00e9lev\u00e9e.<\/p>\n<p><img loading=\"lazy\" data-lazyloaded=\"1\" decoding=\"async\" class=\"size-full wp-image-286766\" src=\"https:\/\/www.europesays.com\/fr\/wp-content\/uploads\/2025\/08\/oisillons-oiseaux-nid-bec-ouvrir-manger.jpeg\" alt=\"oisillons nourrir nid bec ouvrir manger jeunes oiseaux\" width=\"1253\" height=\"836\"  data-\/><br \/>\nCr\u00e9dits : Gavon Manesh\/iStockL\u2019impact de la lumi\u00e8re sur<br \/>\nles rythmes biologiques<\/p>\n<p data-start=\"2054\" data-end=\"2727\">La pollution lumineuse, ou \u00ab<br \/>\nskyglow \u00bb, touche environ 80 % de la vie terrestre, perturbant les<br \/>\ncycles naturels de nombreuses esp\u00e8ces. Chez les oiseaux, elle peut<br \/>\ninfluencer la recherche de nourriture, la d\u00e9fense du territoire et<br \/>\nles interactions sociales. D\u2019autres animaux sont \u00e9galement affect\u00e9s<br \/>\n: les oiseaux migrateurs nocturnes se d\u00e9sorientent, les tortues<br \/>\nmarines nouveau-n\u00e9es s\u2019\u00e9loignent de la mer \u00e0 cause des lumi\u00e8res<br \/>\nartificielles et certains insectes meurent percut\u00e9s par les lampes.<br \/>\nLes rythmes hormonaux saisonniers et la reproduction de nombreuses<br \/>\nesp\u00e8ces peuvent ainsi \u00eatre alt\u00e9r\u00e9s, r\u00e9v\u00e9lant l\u2019\u00e9tendue des<br \/>\ncons\u00e9quences \u00e9cologiques de l\u2019\u00e9clairage artificiel.<\/p>\n<p data-start=\"2729\" data-end=\"3302\">Pour les oiseaux, l\u2019effet peut<br \/>\n\u00eatre double. D\u2019un c\u00f4t\u00e9, un chant prolong\u00e9 peut r\u00e9duire le temps de<br \/>\nrepos et g\u00e9n\u00e9rer du stress, surtout pendant la reproduction. D\u2019un<br \/>\nautre c\u00f4t\u00e9, ce temps suppl\u00e9mentaire pourrait leur permettre<br \/>\nd\u2019augmenter la recherche de nourriture ou de renforcer leurs<br \/>\ninteractions sociales, avec un impact positif sur leur condition<br \/>\nphysique. Les chercheurs insistent sur le fait que les effets<br \/>\nexacts de cette perturbation restent encore \u00e0 d\u00e9terminer et que des<br \/>\n\u00e9tudes suppl\u00e9mentaires sont n\u00e9cessaires pour comprendre les<br \/>\nimplications sur le long terme.<\/p>\n<p>Vers des solutions pour<br \/>\npr\u00e9server la nuit<\/p>\n<p data-start=\"3349\" data-end=\"3965\">L\u2019\u00e9tude souligne l\u2019urgence de<br \/>\nmieux r\u00e9guler l\u2019\u00e9clairage nocturne. Comprendre comment la lumi\u00e8re<br \/>\nartificielle impacte la faune est essentiel pour \u00e9laborer des<br \/>\nstrat\u00e9gies de conservation adapt\u00e9es. Cela pourrait inclure<br \/>\nl\u2019optimisation de l\u2019\u00e9clairage urbain, la cr\u00e9ation de zones<br \/>\nprot\u00e9g\u00e9es o\u00f9 la nuit est pr\u00e9serv\u00e9e ou l\u2019adoption de technologies<br \/>\nqui r\u00e9duisent le rayonnement lumineux inutile. Selon les<br \/>\nchercheurs, une approche coordonn\u00e9e au niveau international<br \/>\npourrait \u00eatre n\u00e9cessaire, \u00e0 l\u2019image des politiques de lutte contre<br \/>\nle changement climatique, afin de prot\u00e9ger l\u2019\u00e9quilibre naturel des<br \/>\n\u00e9cosyst\u00e8mes nocturnes.<\/p>\n<p data-start=\"3967\" data-end=\"4447\">Cette d\u00e9couverte offre<br \/>\n\u00e9galement un aper\u00e7u fascinant sur la mani\u00e8re dont les animaux<br \/>\nper\u00e7oivent et s\u2019adaptent \u00e0 un monde de plus en plus artificiel. La<br \/>\nprolongation du chant des oiseaux n\u2019est pas seulement un ph\u00e9nom\u00e8ne<br \/>\npo\u00e9tique : c\u2019est un indicateur tangible des perturbations caus\u00e9es<br \/>\npar l\u2019homme sur la biodiversit\u00e9. Et si la solution passait par un<br \/>\nretour \u00e0 l\u2019obscurit\u00e9 naturelle de nos nuits, non seulement pour le<br \/>\nbien des oiseaux, mais pour l\u2019ensemble de la vie sur Terre ?<\/p>\n","protected":false},"excerpt":{"rendered":"Un matin tranquille, vous entendez les oiseaux chanter un peu plus t\u00f4t et un peu plus longtemps que&hellip;\n","protected":false},"author":2,"featured_media":380480,"comment_status":"","ping_status":"","sticky":false,"template":"","format":"standard","meta":{"footnotes":""},"categories":[7],"tags":[1011,27,43,40,41,39,42,44],"class_list":{"0":"post-380479","1":"post","2":"type-post","3":"status-publish","4":"format-standard","5":"has-post-thumbnail","7":"category-sciences-et-technologies","8":"tag-fr","9":"tag-france","10":"tag-science","11":"tag-science-and-technology","12":"tag-sciences","13":"tag-sciences-et-technologies","14":"tag-technologies","15":"tag-technology"},"share_on_mastodon":{"url":"https:\/\/pubeurope.com\/@fr\/115180540043374915","error":""},"_links":{"self":[{"href":"https:\/\/www.europesays.com\/fr\/wp-json\/wp\/v2\/posts\/380479","targetHints":{"allow":["GET"]}}],"collection":[{"href":"https:\/\/www.europesays.com\/fr\/wp-json\/wp\/v2\/posts"}],"about":[{"href":"https:\/\/www.europesays.com\/fr\/wp-json\/wp\/v2\/types\/post"}],"author":[{"embeddable":true,"href":"https:\/\/www.europesays.com\/fr\/wp-json\/wp\/v2\/users\/2"}],"replies":[{"embeddable":true,"href":"https:\/\/www.europesays.com\/fr\/wp-json\/wp\/v2\/comments?post=380479"}],"version-history":[{"count":0,"href":"https:\/\/www.europesays.com\/fr\/wp-json\/wp\/v2\/posts\/380479\/revisions"}],"wp:featuredmedia":[{"embeddable":true,"href":"https:\/\/www.europesays.com\/fr\/wp-json\/wp\/v2\/media\/380480"}],"wp:attachment":[{"href":"https:\/\/www.europesays.com\/fr\/wp-json\/wp\/v2\/media?parent=380479"}],"wp:term":[{"taxonomy":"category","embeddable":true,"href":"https:\/\/www.europesays.com\/fr\/wp-json\/wp\/v2\/categories?post=380479"},{"taxonomy":"post_tag","embeddable":true,"href":"https:\/\/www.europesays.com\/fr\/wp-json\/wp\/v2\/tags?post=380479"}],"curies":[{"name":"wp","href":"https:\/\/api.w.org\/{rel}","templated":true}]}}