{"id":380485,"date":"2025-09-10T14:48:15","date_gmt":"2025-09-10T14:48:15","guid":{"rendered":"https:\/\/www.europesays.com\/fr\/380485\/"},"modified":"2025-09-10T14:48:15","modified_gmt":"2025-09-10T14:48:15","slug":"direct-bloquons-tout-au-moins-3-000-manifestants-a-chambery-1-300-a-annecy-suivez-la-mobilisation","status":"publish","type":"post","link":"https:\/\/www.europesays.com\/fr\/380485\/","title":{"rendered":"DIRECT &#8211; \u00ab\u00a0Bloquons tout\u00a0\u00bb : au moins 3.000 manifestants \u00e0 Chamb\u00e9ry, 1.300 \u00e0 Annecy, suivez la mobilisation"},"content":{"rendered":"<p>Ce mercredi, pour la journ\u00e9e \u00ab\u00a0Bloquons tout\u00a0\u00bb, des manifestations ont lieu dans plusieurs villes de Savoie et de Haute-Savoie, ainsi que des blocages. On compte au moins 3.000 manifestants \u00e0 Chamb\u00e9ry et 1.300 \u00e0 Annecy. Suivez cette journ\u00e9e de mobilisation avec ICI Pays de Savoie.<\/p>\n<p>Ce mercredi 10 septembre, le mouvement\u00a0<a class=\"IciLink ici-link IciArticleLink g-ici-body-regular-1 underline brand svelte-lu7k6w\" href=\"https:\/\/www.francebleu.fr\/theme\/bloquons-tout-mouvement-de-blocage-du-10-septembre\" rel=\"nofollow noopener\" target=\"_blank\">\u00ab\u00a0Bloquons tout\u00a0\u00bb<\/a>, n\u00e9 sur les r\u00e9seaux sociaux, doit s&rsquo;incarner \u00e0 travers la France\u00a0: une mobilisation contre la politique d&rsquo;Emmanuel Macron, la vie ch\u00e8re, les in\u00e9galit\u00e9s ou tout simplement l&rsquo;expression d&rsquo;un\u00a0<a class=\"IciLink ici-link IciArticleLink g-ici-body-regular-1 underline brand svelte-lu7k6w\" href=\"https:\/\/www.francebleu.fr\/infos\/economie-social\/temoignages-j-ai-envie-que-la-marmite-deborde-pourquoi-ces-francais-veulent-ils-tout-bloquer-le-10-septembre-3312950\" rel=\"nofollow noopener\" target=\"_blank\">ras-le-bol g\u00e9n\u00e9ral<\/a>. ICI Pays de Savoie vous fait suivre la situation, au plus pr\u00e8s, en Savoie et en Haute-Savoie.<\/p>\n<p>L&rsquo;essentiel en Savoie<\/p>\n<ul>\n<li>La manifestation syndicale partie \u00e0 14h de la place du Palais de Justice a Chamb\u00e9ry rassemble au moins 3.000 personnes, \u00e0 Albertville environ 300 personnes sont rassembl\u00e9es devant la mairie depuis le d\u00e9but d&rsquo;apr\u00e8s-midi<\/li>\n<li>\u00c0 Chamb\u00e9ry, un cort\u00e8ge \u00ab\u00a0v\u00e9lorutionnaire\u00a0\u00bb rassemblant 120 personnes a perturb\u00e9 la circulation dans le centre-ville de Chamb\u00e9ry<\/li>\n<li>Le centre commercial Chamnord a \u00e9t\u00e9 bloqu\u00e9 par une centaine de manifestants, et la VRU a \u00e9t\u00e9 partiellement coup\u00e9e<\/li>\n<li>Un barrage filtrant a \u00e9t\u00e9 organis\u00e9 \u00e0 Albertville sur un rond-point (avenue du Champ de mars), les 70 manifestants se sont bri\u00e8vement introduits sur la RN90 vers 10h, avant d&rsquo;en \u00eatre \u00e9cart\u00e9s par les forces de l&rsquo;ordre<\/li>\n<\/ul>\n<p>L&rsquo;essentiel en Haute-Savoie<\/p>\n<ul>\n<li>\u00c0 Annecy, la manifestation \u00e0 l&rsquo;appel d&rsquo;une intersyndicale rassemble depuis le d\u00e9but d&rsquo;apr\u00e8s-midi au moins 1.300 personnes (2.000 selon les syndicats), une autre manifestation est pr\u00e9vue \u00e0 Thonon place des Arts \u00e0 17h30, un autre rassemblement avait lieu \u00e0 8h \u00e0 Sallanches ce matin<\/li>\n<li>Des ronds-points ont \u00e9t\u00e9 occup\u00e9s en matin\u00e9e \u00e0 Annecy (rond-point devant la Banque de France et rond-point de la Crois\u00e9e), Saint-Julien-en-Genevois (rond-point du Casino) et Annemasse (rond-point du Burger-King)<\/li>\n<li>Une trentaine de personnes se sont aussi retrouv\u00e9es \u00e0 Publier, \u00e0 l&rsquo;entr\u00e9e de l&rsquo;usine d&#8217;embouteillage des eaux d&rsquo;Evian et ont bloqu\u00e9 des camions jusqu&rsquo;\u00e0 9h<\/li>\n<\/ul>\n<p>Au moins 3.000 manifestants \u00e0 Chamb\u00e9ry, 1.300 \u00e0 Annecy<\/p>\n<p>\u00c0 Chamb\u00e9ry, le cort\u00e8ge d&rsquo;au 3.000 personnes (selon la police) s&rsquo;est \u00e9lanc\u00e9 vers 14h45 depuis la place du Palais de Justice. <strong>A Annecy, o\u00f9 plus de 1.300 personnes sont rassembl\u00e9es (2.000 selon les syndicats), le rond-point du commissariat a \u00e9t\u00e9 bri\u00e8vement bloqu\u00e9.<\/strong> L&rsquo;acc\u00e8s \u00e0 Annecy depuis Sevrier et le long du lac par la RD1508 n&rsquo;\u00e9tait pas possible. Les manifestants ont repris ensuite la direction de la mairie, avant de se\u00a0diriger vers le centre Courier, via la rue du pr\u00e9sident Favre.\u00a0Le rond-point du tunnel Courier a \u00e9t\u00e9 bloqu\u00e9 par le cort\u00e8ge, men\u00e9 par des lyc\u00e9ens. Un autre appel au rassemblement a \u00e9t\u00e9 d\u00e9pos\u00e9 en pr\u00e9fecture pour 17h30 place des Arts \u00e0 Thonon-les-Bains.<\/p>\n<p> <img loading=\"lazy\" decoding=\"async\" class=\"VisualPreview svelte-1rldrkz\" src=\"data:image\/jpeg;base64,\/9j\/2wBDACgcHiMeGSgjISMtKygwPGRBPDc3PHtYXUlkkYCZlo+AjIqgtObDoKrarYqMyP\/L2u71\/\/\/\/m8H\/\/\/\/6\/+b9\/\/j\/2wBDASstLTw1PHZBQXb4pYyl+Pj4+Pj4+Pj4+Pj4+Pj4+Pj4+Pj4+Pj4+Pj4+Pj4+Pj4+Pj4+Pj4+Pj4+Pj4+Pj4+Pj\/wAARCAAfACoDASIAAhEBAxEB\/8QAGAABAQEBAQAAAAAAAAAAAAAAAwEEAgD\/xAAZEAADAQEBAAAAAAAAAAAAAAAAAQISEQP\/xAAVAQEBAAAAAAAAAAAAAAAAAAAAAf\/EABURAQEAAAAAAAAAAAAAAAAAAAAR\/9oADAMBAAIRAxEAPwA\/OjTFmCKGmyo27I6M6suwEbJ0PR7QGFMSaBR0mAyo60EmXpAqougul6KP\/9k=\" alt=\"A Annecy, le rond-point du tunnel Courier a \u00e9t\u00e9 bloqu\u00e9 par le cort\u00e8ge, men\u00e9 par des lyc\u00e9ens\" width=\"600\" height=\"450\"\/>  A Annecy, le rond-point du tunnel Courier a \u00e9t\u00e9 bloqu\u00e9 par le cort\u00e8ge, men\u00e9 par des lyc\u00e9ens \u00a9 Radio France &#8211; Richard Vivion<img loading=\"lazy\" decoding=\"async\" class=\"VisualPreview svelte-1rldrkz\" src=\"data:image\/jpeg;base64,\/9j\/2wBDACgcHiMeGSgjISMtKygwPGRBPDc3PHtYXUlkkYCZlo+AjIqgtObDoKrarYqMyP\/L2u71\/\/\/\/m8H\/\/\/\/6\/+b9\/\/j\/2wBDASstLTw1PHZBQXb4pYyl+Pj4+Pj4+Pj4+Pj4+Pj4+Pj4+Pj4+Pj4+Pj4+Pj4+Pj4+Pj4+Pj4+Pj4+Pj4+Pj4+Pj\/wAARCAAfACoDASIAAhEBAxEB\/8QAFwABAQEBAAAAAAAAAAAAAAAAAQIABP\/EABYQAQEBAAAAAAAAAAAAAAAAAAABEf\/EABcBAQEBAQAAAAAAAAAAAAAAAAACAQP\/xAAWEQEBAQAAAAAAAAAAAAAAAAAAEQH\/2gAMAwEAAhEDEQA\/AOc4xVjNGNigqpgDUNpFRURKqOSyKoWFIipVUFI\/\/9k=\" alt=\"La place du Palais de Justice se remplit \u00e0 Chamb\u00e9ry avant le d\u00e9part de la manifestation\" width=\"600\" height=\"450\"\/>  La place du Palais de Justice se remplit \u00e0 Chamb\u00e9ry avant le d\u00e9part de la manifestation \u00a9 Radio France &#8211; M\u00e9lanie Tournadre<img loading=\"lazy\" decoding=\"async\" class=\"VisualPreview svelte-1rldrkz\" src=\"data:image\/jpeg;base64,\/9j\/2wBDACgcHiMeGSgjISMtKygwPGRBPDc3PHtYXUlkkYCZlo+AjIqgtObDoKrarYqMyP\/L2u71\/\/\/\/m8H\/\/\/\/6\/+b9\/\/j\/2wBDASstLTw1PHZBQXb4pYyl+Pj4+Pj4+Pj4+Pj4+Pj4+Pj4+Pj4+Pj4+Pj4+Pj4+Pj4+Pj4+Pj4+Pj4+Pj4+Pj4+Pj\/wAARCAAXACoDASIAAhEBAxEB\/8QAFwABAQEBAAAAAAAAAAAAAAAAAAECA\/\/EABcQAQEBAQAAAAAAAAAAAAAAAAABEQL\/xAAWAQEBAQAAAAAAAAAAAAAAAAAAAgH\/xAAWEQEBAQAAAAAAAAAAAAAAAAAAARH\/2gAMAwEAAhEDEQA\/AMxqGALqVBsEqFRUqMd7yzYCFs1mgCWpoA\/\/2Q==\" alt=\"Les pancartes sont pr\u00eates pour le d\u00e9fil\u00e9, comme ici \u00e0 Chamb\u00e9ry\" width=\"600\" height=\"337\"\/>  Les pancartes sont pr\u00eates pour le d\u00e9fil\u00e9, comme ici \u00e0 Chamb\u00e9ry \u00a9 Radio France &#8211; M\u00e9lanie Tournadre<img loading=\"lazy\" decoding=\"async\" class=\"VisualPreview svelte-1rldrkz\" src=\"data:image\/jpeg;base64,\/9j\/2wBDACgcHiMeGSgjISMtKygwPGRBPDc3PHtYXUlkkYCZlo+AjIqgtObDoKrarYqMyP\/L2u71\/\/\/\/m8H\/\/\/\/6\/+b9\/\/j\/2wBDASstLTw1PHZBQXb4pYyl+Pj4+Pj4+Pj4+Pj4+Pj4+Pj4+Pj4+Pj4+Pj4+Pj4+Pj4+Pj4+Pj4+Pj4+Pj4+Pj4+Pj\/wAARCAAfACoDASIAAhEBAxEB\/8QAGAAAAwEBAAAAAAAAAAAAAAAAAAIDAQT\/xAAYEAEBAQEBAAAAAAAAAAAAAAAAAQISEf\/EABYBAQEBAAAAAAAAAAAAAAAAAAEAAv\/EABURAQEAAAAAAAAAAAAAAAAAAAAR\/9oADAMBAAIRAxEAPwBuzTblmzTQTp7Zdo9C6NUUui9J3TOjREpTSpw8ZaN6PWBIWs9FL6Q\/\/9k=\" alt=\"A Annecy, plusieurs centaines de personnes sont rassembl\u00e9es devant la mairie en d\u00e9but d'apr\u00e8s-midi\" width=\"600\" height=\"450\"\/>  A Annecy, plusieurs centaines de personnes sont rassembl\u00e9es devant la mairie en d\u00e9but d&rsquo;apr\u00e8s-midi \u00a9 Radio France &#8211; Richard VivionRapide incursion sur la RN90 \u00e0 Albertville<\/p>\n<p>A Albertville, un barrage filtrant a \u00e9t\u00e9 organis\u00e9 dans la matin\u00e9e\u00a0<a target=\"_blank\" rel=\"nofollow noopener noreferrer\" class=\"IciLink ici-link IciArticleLink g-ici-body-regular-1 underline brand svelte-lu7k6w\" href=\"https:\/\/www.facebook.com\/share\/v\/1CzV68Je18\/\">sur un rond-point avenue du Champ de mars<\/a>. Les 70 manifestants se sont bri\u00e8vement introduits sur la RN90 et la voie sur berge vers 10h, avant d&rsquo;en \u00eatre \u00e9cart\u00e9s par les forces de l&rsquo;ordre. Ils \u00e9taient environ 250 \u00e0 se rassembler en d\u00e9but d&rsquo;apr\u00e8s-midi devant la mairie d&rsquo;Albertville.<\/p>\n<p>Une centaine de manifestants bloquent la zone commerciale Chamnord<\/p>\n<p>Autre blocage, celui de la zone commerciale Chamnord \u00e0 Chamb\u00e9ry. Les participants au mouvement s&rsquo;\u00e9taient donn\u00e9s rendez-vous sur le parking de King Jouet \u00e0 7h30. Des barricades ont \u00e9t\u00e9 dress\u00e9es au niveau du garage Feu Vert, rendant impossible l&rsquo;acc\u00e8s \u00e0 la zone commerciale. Vers 10h, des manifestants ont aussi bloqu\u00e9 la circulation sur la VRU de Chamb\u00e9ry, avant d&rsquo;\u00eatre d\u00e9log\u00e9s par les forces de l&rsquo;ordre.\u00a0<strong>En cons\u00e9quence, la circulation a \u00e9t\u00e9 ferm\u00e9e dans les deux sens entre le Tunnel des Monts et la sortie n\u00b013 La Motte-Servolex<\/strong>. Les manifestants ont \u00e9t\u00e9 \u00e9cart\u00e9s de la VRU vers 10h30 par les forces de l&rsquo;ordre.<\/p>\n<p>Reprise du trafic sur la VRU \u00e0 la mi-journ\u00e9e<\/p>\n<p>Une partie des manifestants qui bloquaient la VRU se sont report\u00e9s en fin de matin\u00e9e sur le rond-point situ\u00e9 derri\u00e8re le Carrefour Chamb\u00e9ry Chamnord. Ils ont form\u00e9 des barricades \u00e0 l&rsquo;aide de caddies.\u00a0Tous les acc\u00e8s au magasin Carrefour ont \u00e9t\u00e9 bloqu\u00e9s. Vers 11h45, <strong>une partie des manifestants a quitt\u00e9 la zone commerciale pour regagner le centre-ville et le Palais de justice<\/strong>. Ceux qui restent sont progressivement d\u00e9log\u00e9s par les forces de l&rsquo;ordre qui retirent les barricades, notamment au niveau de l&rsquo;entr\u00e9e principale de la zone commerciale. Elle devrait \u00eatre accessible \u00e0 nouveau cet apr\u00e8s-midi. Il reste en revanche des blocages et des caddies \u00e0 proximit\u00e9 du magasin Boulanger. La circulation a \u00e9t\u00e9 r\u00e9tablie sur la VRU \u00e0 la mi-journ\u00e9e.<\/p>\n<p><img loading=\"lazy\" decoding=\"async\" class=\"VisualPreview svelte-1rldrkz\" src=\"data:image\/jpeg;base64,\/9j\/2wBDACgcHiMeGSgjISMtKygwPGRBPDc3PHtYXUlkkYCZlo+AjIqgtObDoKrarYqMyP\/L2u71\/\/\/\/m8H\/\/\/\/6\/+b9\/\/j\/2wBDASstLTw1PHZBQXb4pYyl+Pj4+Pj4+Pj4+Pj4+Pj4+Pj4+Pj4+Pj4+Pj4+Pj4+Pj4+Pj4+Pj4+Pj4+Pj4+Pj4+Pj\/wAARCAAfACoDASIAAhEBAxEB\/8QAGAAAAwEBAAAAAAAAAAAAAAAAAQIDAAT\/xAAYEAEBAQEBAAAAAAAAAAAAAAAAARECEv\/EABUBAQEAAAAAAAAAAAAAAAAAAAAB\/8QAFBEBAAAAAAAAAAAAAAAAAAAAAP\/aAAwDAQACEQMRAD8A48GDg4gbmqTpONqivsPaVpfQHwcaGgoYFh8Cgl0RTogj\/9k=\" alt=\"Les manifestants sont toujours en place avec des caddies renvers\u00e9s, des poubelles et des palettes, \u00e0 proximit\u00e9 du magasin Boulanger ce midi.\" width=\"600\" height=\"450\"\/>  Les manifestants sont toujours en place avec des caddies renvers\u00e9s, des poubelles et des palettes, \u00e0 proximit\u00e9 du magasin Boulanger ce midi. \u00a9 Radio France &#8211; Isabelle Gaudin<img loading=\"lazy\" decoding=\"async\" class=\"VisualPreview svelte-1rldrkz\" src=\"data:image\/jpeg;base64,\/9j\/2wBDACgcHiMeGSgjISMtKygwPGRBPDc3PHtYXUlkkYCZlo+AjIqgtObDoKrarYqMyP\/L2u71\/\/\/\/m8H\/\/\/\/6\/+b9\/\/j\/2wBDASstLTw1PHZBQXb4pYyl+Pj4+Pj4+Pj4+Pj4+Pj4+Pj4+Pj4+Pj4+Pj4+Pj4+Pj4+Pj4+Pj4+Pj4+Pj4+Pj4+Pj\/wAARCAAfACoDASIAAhEBAxEB\/8QAFwAAAwEAAAAAAAAAAAAAAAAAAAIDAf\/EABgQAQEBAQEAAAAAAAAAAAAAAAABEhEC\/8QAFQEBAQAAAAAAAAAAAAAAAAAAAAH\/xAAUEQEAAAAAAAAAAAAAAAAAAAAA\/9oADAMBAAIRAxEAPwAtJ6PYWxROsh8jKKPJ+skNwQ+WZV4OAlkYV43IJzyMq5GQf\/\/Z\" alt=\"Les forces de l'ordre d\u00e9logent les manifestants et enl\u00e8vent les barricades sur la zone commerciale.\" width=\"600\" height=\"450\"\/>  Les forces de l&rsquo;ordre d\u00e9logent les manifestants et enl\u00e8vent les barricades sur la zone commerciale. \u00a9 Radio France &#8211; Isabelle Gaudin<img loading=\"lazy\" decoding=\"async\" class=\"VisualPreview svelte-1rldrkz\" src=\"data:image\/jpeg;base64,\/9j\/2wBDACgcHiMeGSgjISMtKygwPGRBPDc3PHtYXUlkkYCZlo+AjIqgtObDoKrarYqMyP\/L2u71\/\/\/\/m8H\/\/\/\/6\/+b9\/\/j\/2wBDASstLTw1PHZBQXb4pYyl+Pj4+Pj4+Pj4+Pj4+Pj4+Pj4+Pj4+Pj4+Pj4+Pj4+Pj4+Pj4+Pj4+Pj4+Pj4+Pj4+Pj\/wAARCAAfACoDASIAAhEBAxEB\/8QAFwABAQEBAAAAAAAAAAAAAAAAAwEAAv\/EABgQAQEBAQEAAAAAAAAAAAAAAAASAQIR\/8QAFQEBAQAAAAAAAAAAAAAAAAAAAAH\/xAAUEQEAAAAAAAAAAAAAAAAAAAAA\/9oADAMBAAIRAxEAPwBM1aF63qoaksVJvQprSwb0lA7Z140oDTSSm8gLULKSK\/\/Z\" alt=\"Les manifestants ont pris place sur la zone commerciale des Landiers\" width=\"600\" height=\"450\"\/>  Les manifestants ont pris place sur la zone commerciale des Landiers \u00a9 Radio France &#8211; Isabelle Gaudin<img loading=\"lazy\" decoding=\"async\" class=\"VisualPreview svelte-1rldrkz\" src=\"data:image\/jpeg;base64,\/9j\/2wBDACgcHiMeGSgjISMtKygwPGRBPDc3PHtYXUlkkYCZlo+AjIqgtObDoKrarYqMyP\/L2u71\/\/\/\/m8H\/\/\/\/6\/+b9\/\/j\/2wBDASstLTw1PHZBQXb4pYyl+Pj4+Pj4+Pj4+Pj4+Pj4+Pj4+Pj4+Pj4+Pj4+Pj4+Pj4+Pj4+Pj4+Pj4+Pj4+Pj4+Pj\/wAARCAAfACoDASIAAhEBAxEB\/8QAGAAAAwEBAAAAAAAAAAAAAAAAAAEDAgT\/xAAYEAEAAwEAAAAAAAAAAAAAAAAAAQIREv\/EABYBAQEBAAAAAAAAAAAAAAAAAAABAv\/EABURAQEAAAAAAAAAAAAAAAAAAAAR\/9oADAMBAAIRAxEAPwDejpPS6brEWizUWQ6OLIroi59oRYdAlpAYig9LDAaesgV\/\/9k=\" alt=\"Les acc\u00e8s au Carrefour Chamb\u00e9ry Chamnord sont enti\u00e8rement bloqu\u00e9s.\" width=\"600\" height=\"450\"\/>  Les acc\u00e8s au Carrefour Chamb\u00e9ry Chamnord sont enti\u00e8rement bloqu\u00e9s. \u00a9 Radio France &#8211; Isabelle Gaudin<img loading=\"lazy\" decoding=\"async\" class=\"VisualPreview svelte-1rldrkz\" src=\"data:image\/jpeg;base64,\/9j\/2wBDACgcHiMeGSgjISMtKygwPGRBPDc3PHtYXUlkkYCZlo+AjIqgtObDoKrarYqMyP\/L2u71\/\/\/\/m8H\/\/\/\/6\/+b9\/\/j\/2wBDASstLTw1PHZBQXb4pYyl+Pj4+Pj4+Pj4+Pj4+Pj4+Pj4+Pj4+Pj4+Pj4+Pj4+Pj4+Pj4+Pj4+Pj4+Pj4+Pj4+Pj\/wAARCAAfACoDASIAAhEBAxEB\/8QAGAAAAwEBAAAAAAAAAAAAAAAAAAIDAQT\/xAAXEAEBAQEAAAAAAAAAAAAAAAAAAQIR\/8QAFgEBAQEAAAAAAAAAAAAAAAAAAQAC\/8QAFBEBAAAAAAAAAAAAAAAAAAAAAP\/aAAwDAQACEQMRAD8ArK20kotIJuufa+0dBI2M4pwcBdUrbSSjrQGkqe0tRLwBqT\/\/2Q==\" alt=\"Les manifestants ont bloqu\u00e9s avec des caddies le rond point situ\u00e9 \u00e0 l'arri\u00e8re du Carrefour\" width=\"600\" height=\"450\"\/>  Les manifestants ont bloqu\u00e9s avec des caddies le rond point situ\u00e9 \u00e0 l&rsquo;arri\u00e8re du Carrefour \u00a9 Radio France &#8211; Isabelle Gaudin<img loading=\"lazy\" decoding=\"async\" class=\"VisualPreview svelte-1rldrkz\" src=\"data:image\/jpeg;base64,\/9j\/2wBDACgcHiMeGSgjISMtKygwPGRBPDc3PHtYXUlkkYCZlo+AjIqgtObDoKrarYqMyP\/L2u71\/\/\/\/m8H\/\/\/\/6\/+b9\/\/j\/2wBDASstLTw1PHZBQXb4pYyl+Pj4+Pj4+Pj4+Pj4+Pj4+Pj4+Pj4+Pj4+Pj4+Pj4+Pj4+Pj4+Pj4+Pj4+Pj4+Pj4+Pj\/wAARCAAfACoDASIAAhEBAxEB\/8QAFwAAAwEAAAAAAAAAAAAAAAAAAAECA\/\/EABgQAQEBAQEAAAAAAAAAAAAAAAABEQIS\/8QAFQEBAQAAAAAAAAAAAAAAAAAAAAH\/xAAUEQEAAAAAAAAAAAAAAAAAAAAA\/9oADAMBAAIRAxEAPwDPFQAFyrnTLRqo3nZ+2E6P0CSOpRQAcgHDEh4D\/9k=\" alt=\"Les CRS ont repouss\u00e9 les manifestants de la VRU avec des gaz lacrymog\u00e8nes.\" width=\"600\" height=\"450\"\/>  Les CRS ont repouss\u00e9 les manifestants de la VRU avec des gaz lacrymog\u00e8nes. \u00a9 Radio France &#8211; Isabelle GaudinDes manifestants bloquent l&rsquo;usine d&#8217;embouteillage des eaux d&rsquo;Evian \u00e0 Publier<\/p>\n<p>Ce mercredi vers 5h30, 25 personnes se sont retrouv\u00e9es \u00e0 Publier, \u00e0 l&rsquo;entr\u00e9e de l&rsquo;usine d&#8217;embouteillage des eaux d&rsquo;Evian. <strong>Ils ont bloqu\u00e9 plusieurs camions qui tentaient de rentrer ou de sortir<\/strong>. L&rsquo;objectif \u00e9tait selon eux \u00ab\u00a0de d\u00e9noncer la casse sociale organis\u00e9e par les gouvernements Macron depuis des ann\u00e9es. Les eux d&rsquo;Evian ont \u00e9t\u00e9 choisies comme symbole de ces multinationales qui engrangent des super-profits sans participer \u00e0 l&rsquo;effort collectif.\u00a0\u00bb Le blocage a \u00e9t\u00e9 lev\u00e9 vers 9h.<\/p>\n<p>Des difficult\u00e9s de circulations \u00e0 Annecy et Chamb\u00e9ry<\/p>\n<p>Ce mercredi \u00e0 8h, les actions en lien avec le mouvement ont commenc\u00e9 \u00e0 provoquer des difficult\u00e9s de circulation, notamment \u00e0 Annecy\u00a0<strong>au niveau du rond point de la banque de France<\/strong> (o\u00f9 une quinzaine de personnes \u00e9taient rassembl\u00e9es) <strong>mais \u00e9galement\u00a0dans le secteur du rond-point de la Crois\u00e9e<\/strong>. Le trafic \u00e9tait \u00e9galement tr\u00e8s charg\u00e9 \u00e0 Chamb\u00e9ry dans le secteur du rond-point pr\u00e8s du Lyc\u00e9e Monge (jusqu&rsquo;\u00e0 80 lyc\u00e9ens ont \u00e9t\u00e9 mobilis\u00e9s), \u00e0 la suite de l&rsquo;action de la centaine de participants au cort\u00e8ge \u00ab\u00a0v\u00e9lorutionnaire\u00a0\u00bb, qui a pris la direction du centre-ville et du lyc\u00e9e Vaugelas.<\/p>\n<p>\u00ab\u00a0Aujourd&rsquo;hui, je ne m&rsquo;en sors pas\u00a0\u00bb<\/p>\n<p>Vers 7h mercredi matin, pr\u00e8s de 120 cyclistes ont pris la direction du rond-point de la place Monge \u00e0 Chamb\u00e9ry. Ils comptent tourner autour des ronds-points et ralentir la circulation, mais sans bloquer. Les premiers participants se sont rassembl\u00e9s d\u00e8s 6h45 pour prendre part \u00e0 ce cort\u00e8ge \u00ab\u00a0v\u00e9lorutionnaire\u00a0\u00bb pr\u00e8s de l&rsquo;espace Malraux \u00e0 Chamb\u00e9ry. \u00ab\u00a0Moi, il y a dix ans encore j&rsquo;\u00e9tais au Smic, aujourd&rsquo;hui je ne m&rsquo;en sors pas\u00a0\u00bb, nous expliquait un participant. \u00ab\u00a0Les retraites qui sont \u00e0 900 euros, ce n&rsquo;est pas possible. Aujourd&rsquo;hui, c&rsquo;est une catastrophe\u00a0\u00bb, nous expliquait Brigitte, une retrait\u00e9e.<\/p>\n<p>loading<\/p>\n<p><img loading=\"lazy\" decoding=\"async\" class=\"VisualPreview svelte-1rldrkz\" src=\"data:image\/jpeg;base64,\/9j\/2wBDACgcHiMeGSgjISMtKygwPGRBPDc3PHtYXUlkkYCZlo+AjIqgtObDoKrarYqMyP\/L2u71\/\/\/\/m8H\/\/\/\/6\/+b9\/\/j\/2wBDASstLTw1PHZBQXb4pYyl+Pj4+Pj4+Pj4+Pj4+Pj4+Pj4+Pj4+Pj4+Pj4+Pj4+Pj4+Pj4+Pj4+Pj4+Pj4+Pj4+Pj\/wAARCAAfACoDASIAAhEBAxEB\/8QAGAAAAwEBAAAAAAAAAAAAAAAAAAECAwT\/xAAXEAEBAQEAAAAAAAAAAAAAAAAAEhEB\/8QAFgEBAQEAAAAAAAAAAAAAAAAAAAEC\/8QAFBEBAAAAAAAAAAAAAAAAAAAAAP\/aAAwDAQACEQMRAD8A6rFuexbSOixbCytBvZWxsrBjR6jihVaNSED0aRA\/\/9k=\" alt=\"Les cyclistes tournent et bloquent le rond-point de la place Monge \u00e0 Chamb\u00e9ry\" width=\"600\" height=\"450\"\/>  Les cyclistes tournent et bloquent le rond-point de la place Monge \u00e0 Chamb\u00e9ry \u00a9 Radio France &#8211; Isabelle Gaudin <img loading=\"lazy\" decoding=\"async\" class=\"VisualPreview svelte-1rldrkz\" src=\"data:image\/jpeg;base64,\/9j\/2wBDACgcHiMeGSgjISMtKygwPGRBPDc3PHtYXUlkkYCZlo+AjIqgtObDoKrarYqMyP\/L2u71\/\/\/\/m8H\/\/\/\/6\/+b9\/\/j\/2wBDASstLTw1PHZBQXb4pYyl+Pj4+Pj4+Pj4+Pj4+Pj4+Pj4+Pj4+Pj4+Pj4+Pj4+Pj4+Pj4+Pj4+Pj4+Pj4+Pj4+Pj\/wAARCAAfACoDASIAAhEBAxEB\/8QAFwABAQEBAAAAAAAAAAAAAAAAAgEDAP\/EABgQAQEBAQEAAAAAAAAAAAAAAAABAhES\/8QAFgEBAQEAAAAAAAAAAAAAAAAAAAEC\/8QAFBEBAAAAAAAAAAAAAAAAAAAAAP\/aAAwDAQACEQMRAD8Ak0srGU5UVpaz0vR1QY7jPjXQ8BrIsOZd5aZFKdg2IoWJw+JwH\/\/Z\" alt=\"Environ 80 cyclistes ont pris la direction du rond point de la Place Monge \u00e0 Chamb\u00e9ry\" width=\"600\" height=\"450\"\/>  Environ 80 cyclistes ont pris la direction du rond point de la Place Monge \u00e0 Chamb\u00e9ry \u00a9 Radio France &#8211; Isabelle Gaudin<img loading=\"lazy\" decoding=\"async\" class=\"VisualPreview svelte-1rldrkz\" src=\"data:image\/jpeg;base64,\/9j\/2wBDACgcHiMeGSgjISMtKygwPGRBPDc3PHtYXUlkkYCZlo+AjIqgtObDoKrarYqMyP\/L2u71\/\/\/\/m8H\/\/\/\/6\/+b9\/\/j\/2wBDASstLTw1PHZBQXb4pYyl+Pj4+Pj4+Pj4+Pj4+Pj4+Pj4+Pj4+Pj4+Pj4+Pj4+Pj4+Pj4+Pj4+Pj4+Pj4+Pj4+Pj\/wAARCAAfACoDASIAAhEBAxEB\/8QAFwAAAwEAAAAAAAAAAAAAAAAAAAECA\/\/EABcQAQADAAAAAAAAAAAAAAAAAAABERL\/xAAVAQEBAAAAAAAAAAAAAAAAAAAAAf\/EABQRAQAAAAAAAAAAAAAAAAAAAAD\/2gAMAwEAAhEDEQA\/AHoWzsWiqmUyLKQTKFylUaUdLyMgihTTIyDKYLLbJYB\/\/9k=\" alt=\"Environ 80 cyclistes ont pris la direction du rond point de la Place Monge \u00e0 Chamb\u00e9ry\" width=\"600\" height=\"450\"\/>  Environ 80 cyclistes ont pris la direction du rond point de la Place Monge \u00e0 Chamb\u00e9ry \u00a9 Radio France &#8211; Isabelle Gaudin\u00c0 lire aussi   <img decoding=\"async\" src=\"https:\/\/www.europesays.com\/fr\/wp-content\/uploads\/2025\/09\/1757515695_736_560x315\" alt=\"Les appels au blocage s'organisent sur les r\u00e9seaux sociaux : plusieurs actions sont annonc\u00e9es pour la journ\u00e9e du 10 septembre\" style=\"--_image-preview:url('data:image\/jpeg;base64,\/9j\/2wBDACgcHiMeGSgjISMtKygwPGRBPDc3PHtYXUlkkYCZlo+AjIqgtObDoKrarYqMyP\/L2u71\/\/\/\/m8H\/\/\/\/6\/+b9\/\/j\/2wBDASstLTw1PHZBQXb4pYyl+Pj4+Pj4+Pj4+Pj4+Pj4+Pj4+Pj4+Pj4+Pj4+Pj4+Pj4+Pj4+Pj4+Pj4+Pj4+Pj4+Pj\/wAARCAAXACoDASIAAhEBAxEB\/8QAFwABAQEBAAAAAAAAAAAAAAAAAAIDAf\/EABcQAQEBAQAAAAAAAAAAAAAAAAABEQL\/xAAWAQEBAQAAAAAAAAAAAAAAAAACAQD\/xAAWEQEBAQAAAAAAAAAAAAAAAAAAARH\/2gAMAwEAAhEDEQA\/AOSqjOVcoVVFIUdXHNc0qdJmUrTmg1aNeVYAKz6iAOI\/\/9k=');\" loading=\"lazy\" fetchpriority=\"low\" aria-hidden=\"true\" class=\"svelte-1pnmlwx rounded\" onload=\"this.__e=event\" onerror=\"this.__e=event\"\/><\/p>\n","protected":false},"excerpt":{"rendered":"Ce mercredi, pour la journ\u00e9e \u00ab\u00a0Bloquons tout\u00a0\u00bb, des manifestations ont lieu dans plusieurs villes de Savoie et de&hellip;\n","protected":false},"author":2,"featured_media":380486,"comment_status":"","ping_status":"","sticky":false,"template":"","format":"standard","meta":{"footnotes":""},"categories":[2],"tags":[11,1011,27,12],"class_list":{"0":"post-380485","1":"post","2":"type-post","3":"status-publish","4":"format-standard","5":"has-post-thumbnail","7":"category-actualites","8":"tag-actualites","9":"tag-fr","10":"tag-france","11":"tag-news"},"share_on_mastodon":{"url":"https:\/\/pubeurope.com\/@fr\/115180555752667749","error":""},"_links":{"self":[{"href":"https:\/\/www.europesays.com\/fr\/wp-json\/wp\/v2\/posts\/380485","targetHints":{"allow":["GET"]}}],"collection":[{"href":"https:\/\/www.europesays.com\/fr\/wp-json\/wp\/v2\/posts"}],"about":[{"href":"https:\/\/www.europesays.com\/fr\/wp-json\/wp\/v2\/types\/post"}],"author":[{"embeddable":true,"href":"https:\/\/www.europesays.com\/fr\/wp-json\/wp\/v2\/users\/2"}],"replies":[{"embeddable":true,"href":"https:\/\/www.europesays.com\/fr\/wp-json\/wp\/v2\/comments?post=380485"}],"version-history":[{"count":0,"href":"https:\/\/www.europesays.com\/fr\/wp-json\/wp\/v2\/posts\/380485\/revisions"}],"wp:featuredmedia":[{"embeddable":true,"href":"https:\/\/www.europesays.com\/fr\/wp-json\/wp\/v2\/media\/380486"}],"wp:attachment":[{"href":"https:\/\/www.europesays.com\/fr\/wp-json\/wp\/v2\/media?parent=380485"}],"wp:term":[{"taxonomy":"category","embeddable":true,"href":"https:\/\/www.europesays.com\/fr\/wp-json\/wp\/v2\/categories?post=380485"},{"taxonomy":"post_tag","embeddable":true,"href":"https:\/\/www.europesays.com\/fr\/wp-json\/wp\/v2\/tags?post=380485"}],"curies":[{"name":"wp","href":"https:\/\/api.w.org\/{rel}","templated":true}]}}