{"id":380487,"date":"2025-09-10T14:49:18","date_gmt":"2025-09-10T14:49:18","guid":{"rendered":"https:\/\/www.europesays.com\/fr\/380487\/"},"modified":"2025-09-10T14:49:18","modified_gmt":"2025-09-10T14:49:18","slug":"40-places-de-plus-pour-la-cantine-de-lecole-lamartine","status":"publish","type":"post","link":"https:\/\/www.europesays.com\/fr\/380487\/","title":{"rendered":"40 places de plus pour la cantine de l\u2019\u00e9cole Lamartine"},"content":{"rendered":"<p>Ce lundi midi au menu de la cantine Lamartine, c\u2019est haricot, gratin de chou-fleur et pilon de poulet.<\/p>\n<p>Pas vraiment de quoi enthousiasmer la grosse centaine d\u2019\u00e9coliers qui mangent ce jour-l\u00e0 au restaurant scolaire. Mais au moins, depuis la rentr\u00e9e, ils ont plus d\u2019espace et davantage de temps pour d\u00e9jeuner\u00a0: les enfants disposent d\u00e9sormais d\u2019une salle suppl\u00e9mentaire de 40 places.<\/p>\n<p>Des enfants mangeaient dans les locaux du p\u00e9riscolaire<\/p>\n<p>En effet, face \u00e0 la demande toujours croissante des parents, la Ville s\u2019est pench\u00e9e cet \u00e9t\u00e9 sur le cas de l\u2019\u00e9cole Lamartine.<\/p>\n<p>Ici, chaque midi, les enfants d\u2019\u00e9l\u00e9mentaire et de maternelle sont rejoints par leurs camarades de l\u2019\u00e9cole C\u00e9zanne. Et l\u2019an dernier, il a fallu pousser les murs pour accueillir tout le monde.<\/p>\n<p>\u00ab\u00a0Nous avons d\u00fb mettre en place une solution temporaire&#8230;<\/p>\n","protected":false},"excerpt":{"rendered":"Ce lundi midi au menu de la cantine Lamartine, c\u2019est haricot, gratin de chou-fleur et pilon de poulet.&hellip;\n","protected":false},"author":2,"featured_media":380488,"comment_status":"","ping_status":"","sticky":false,"template":"","format":"standard","meta":{"footnotes":""},"categories":[9653],"tags":[1111,11,2430,7539,1057,1777,674,1011,27,10425,12,25,9669,9670,4001],"class_list":{"0":"post-380487","1":"post","2":"type-post","3":"status-publish","4":"format-standard","5":"has-post-thumbnail","7":"category-saint-etienne","8":"tag-actu","9":"tag-actualites","10":"tag-auvergne-rhone-alpes","11":"tag-edition-loire-sud","12":"tag-education","13":"tag-eu","14":"tag-europe","15":"tag-fr","16":"tag-france","17":"tag-maternelle-elementaire","18":"tag-news","19":"tag-republique-francaise","20":"tag-saint-chamond","21":"tag-saint-chamond-ville","22":"tag-saint-etienne"},"share_on_mastodon":{"url":"https:\/\/pubeurope.com\/@fr\/115180559653649485","error":""},"_links":{"self":[{"href":"https:\/\/www.europesays.com\/fr\/wp-json\/wp\/v2\/posts\/380487","targetHints":{"allow":["GET"]}}],"collection":[{"href":"https:\/\/www.europesays.com\/fr\/wp-json\/wp\/v2\/posts"}],"about":[{"href":"https:\/\/www.europesays.com\/fr\/wp-json\/wp\/v2\/types\/post"}],"author":[{"embeddable":true,"href":"https:\/\/www.europesays.com\/fr\/wp-json\/wp\/v2\/users\/2"}],"replies":[{"embeddable":true,"href":"https:\/\/www.europesays.com\/fr\/wp-json\/wp\/v2\/comments?post=380487"}],"version-history":[{"count":0,"href":"https:\/\/www.europesays.com\/fr\/wp-json\/wp\/v2\/posts\/380487\/revisions"}],"wp:featuredmedia":[{"embeddable":true,"href":"https:\/\/www.europesays.com\/fr\/wp-json\/wp\/v2\/media\/380488"}],"wp:attachment":[{"href":"https:\/\/www.europesays.com\/fr\/wp-json\/wp\/v2\/media?parent=380487"}],"wp:term":[{"taxonomy":"category","embeddable":true,"href":"https:\/\/www.europesays.com\/fr\/wp-json\/wp\/v2\/categories?post=380487"},{"taxonomy":"post_tag","embeddable":true,"href":"https:\/\/www.europesays.com\/fr\/wp-json\/wp\/v2\/tags?post=380487"}],"curies":[{"name":"wp","href":"https:\/\/api.w.org\/{rel}","templated":true}]}}