{"id":380489,"date":"2025-09-10T14:50:23","date_gmt":"2025-09-10T14:50:23","guid":{"rendered":"https:\/\/www.europesays.com\/fr\/380489\/"},"modified":"2025-09-10T14:50:23","modified_gmt":"2025-09-10T14:50:23","slug":"fete-du-livre-2025-a-saint-etienne-les-evenements-a-ne-pas-manquer-2","status":"publish","type":"post","link":"https:\/\/www.europesays.com\/fr\/380489\/","title":{"rendered":"F\u00eate du livre 2025 \u00e0 Saint-Etienne : les \u00e9v\u00e9nements \u00e0 ne pas manquer"},"content":{"rendered":"<p><img loading=\"lazy\" decoding=\"async\" alt=\"\u00a9 Ville de Saint-Etienne - La F\u00eate du livre de Saint-Etienne sera pr\u00e9sente en centre-ville tout en proposant une dizaine d'\u00e9v\u00e9nements hors-les-murs.\" data-zoom-src=\"https:\/\/www.europesays.com\/fr\/wp-content\/uploads\/2025\/09\/initial-fete-du-livre-saint-etienne.jpg\" data-zoomable=\"\" height=\"702\" src=\"https:\/\/www.europesays.com\/fr\/wp-content\/uploads\/2025\/09\/initial-fete-du-livre-saint-etienne.jpg\" width=\"1248\"\/>  <\/p>\n<p class=\"article-desc\">\u00a9 Ville de Saint-Etienne &#8211; La F\u00eate du livre de Saint-Etienne sera pr\u00e9sente en centre-ville tout en proposant une dizaine d&rsquo;\u00e9v\u00e9nements hors-les-murs. <\/p>\n<p>Cette 39e \u00e9dition de la F\u00eate du livre de Saint-\u00c9tienne revient pour trois jours du 10 au 12 octobre prochain. Fait de rencontres et d\u00e9bats, d&rsquo;une dizaine d&rsquo;\u00e9v\u00e9nements hors-les-murs, l&rsquo;\u00e9v\u00e9nement accueille <strong>pr\u00e8s de 200 auteurs<\/strong>, et des libraires, en mobilisant une centaine de b\u00e9n\u00e9voles.\u00a0 <\/p>\n<p>Parmi la flop\u00e9e de rendez-vous programm\u00e9s lors de cette \u00e9dition 2025 qui compte pour marraine l&rsquo;autrice alsacienne <strong>Agn\u00e8s Ledig<\/strong>, tandis que l&rsquo;illustrateur et auteur de bande dessin\u00e9e et de litt\u00e9rature jeunesse <strong>Benjamin Lacombe<\/strong>, sera le parrain du Festival Les mots en sc\u00e8ne, retenons tout d&rsquo;abord <strong>la soir\u00e9e d&rsquo;ouverture \u00e0 La Com\u00e8te<\/strong>, vendredi 10 octobre \u00e0 18h15. <\/p>\n<p>Prix litt\u00e9raires, espace jeunes, concours de dict\u00e9e, la F\u00eate du livre de Saint-\u00c9tienne est de retour\u00a0 <\/p>\n<p>Apr\u00e8s une lecture musicale des Promesses orphelines de <strong>Gilles Marchand<\/strong>, accompagn\u00e9 du musicien Emmanuel Gros, ce sont <strong>huit prix litt\u00e9raires qui seront remis<\/strong>. Parmi lesquels, le Grand prix de litt\u00e9rature de la Ville de Saint-\u00c9tienne, le Prix Lucien Neuwirth qui distingue des auteurs locaux, ou encore les Prix Charles Exbrayat et Claude Fauriel. Une soir\u00e9e gratuite sur inscription pr\u00e9alable.<\/p>\n<p> <img decoding=\"async\" alt=\"\" class=\"img-align-center\" data-zoomable=\"\" height=\"1500\" loading=\"lazy\" src=\"https:\/\/www.europesays.com\/fr\/wp-content\/uploads\/2025\/09\/fete-du-livre-2025-saint-etienne.jpg\" width=\"2000\"\/> \u00a9 St\u00e9phanie V\u00e9ron &#8211; Anna Jouchoux, commissaire de la f\u00eate du livre et Marc Chassaub\u00e9n\u00e9, l&rsquo;adjoint \u00e0 la culture, lors de la pr\u00e9sentation. <\/p>\n<p>Une <strong>battle de bande dessin\u00e9e<\/strong> se d\u00e9roulera le lendemain, samedi 11 octobre de 18h40 \u00e0 19h10 sur la place de l&rsquo;h\u00f4tel de ville. Aux crayons, la star du monde de la jeunesse <strong>Ana\u00efs Vaugelade<\/strong> et l&rsquo;illustrateur Henri Meunier pour une comp\u00e9tition de dessin en direct, avec un temps imparti pour illustrer un th\u00e8me donn\u00e9.<\/p>\n<p> Une dizaine d&rsquo;\u00e9v\u00e9nements hors-les-murs <\/p>\n<p>Mais avant cela, rendez-vous \u00e0 11h le m\u00eame jour, salle Lebrun \u00e0 la mairie, pour tester son orthographe. L&rsquo;association Lire \u00e0 Saint-\u00c9tienne organise la finale de la <strong>29e \u00e9dition de la Dict\u00e9e de la F\u00eate<\/strong>. <\/p>\n<p>Parall\u00e8lement, tout au long de la journ\u00e9e de ce samedi entre 10h et 19h, mais aussi dimanche 12 octobre, la Librairie de Paris pousse les murs pour organiser un <strong>escape game. <\/strong>\u00c0 l&rsquo;occasion des 20 ans de la s\u00e9rie litt\u00e9raire <strong>La Guerre des Clans\u00a0<\/strong>d\u2019Erin Hunter, il s&rsquo;agira de r\u00e9soudre des \u00e9nigmes en lien avec les ouvrages. <\/p>\n<p>Si vous souhaitez rencontrer l&rsquo;auteur distingu\u00e9 par le Prix des \u00e9tudiants de l&rsquo;Universit\u00e9 Jean-Monnet, il sera pr\u00e9sent \u00e0 la biblioth\u00e8que universitaire au campus Tr\u00e9filerie, pour une rencontre samedi 11 octobre de 17 heures \u00e0 18 heures. <\/p>\n<p>Pour les enfants et les ados, direction l&rsquo;<strong>espace jeunesse<\/strong> de la place Chavanelle pour d\u00e9couvrir l\u2019univers des contes de f\u00e9es de l&rsquo;autrice et illustratrice <strong>Camille Garoche<\/strong>. Sur place, aux horaires d&rsquo;ouverture de l&rsquo;espace pendant ces trois jours, des jeux, des livres \u00e0 lire sur place et des coloriages.\u00a0 <\/p>\n<p class=\"encadre_color\">Toute la programmation de la F\u00eate du livre est \u00e0 retrouver sur le site <a href=\"https:\/\/fetedulivre.saint-etienne.fr\/\" rel=\"noopener\" target=\"_blank\">fetedulivre.saint-etienne.fr<\/a><\/p>\n","protected":false},"excerpt":{"rendered":"\u00a9 Ville de Saint-Etienne &#8211; La F\u00eate du livre de Saint-Etienne sera pr\u00e9sente en centre-ville tout en proposant&hellip;\n","protected":false},"author":2,"featured_media":380366,"comment_status":"","ping_status":"","sticky":false,"template":"","format":"standard","meta":{"footnotes":""},"categories":[9653],"tags":[1111,11,2430,1777,674,1011,27,11431,1380,1393,12,25,4001,9893],"class_list":{"0":"post-380489","1":"post","2":"type-post","3":"status-publish","4":"format-standard","5":"has-post-thumbnail","7":"category-saint-etienne","8":"tag-actu","9":"tag-actualites","10":"tag-auvergne-rhone-alpes","11":"tag-eu","12":"tag-europe","13":"tag-fr","14":"tag-france","15":"tag-idu00e9es-de-sorties","16":"tag-livres","17":"tag-loisirs","18":"tag-news","19":"tag-republique-francaise","20":"tag-saint-etienne","21":"tag-saint-etienne-mu00e9tropole"},"share_on_mastodon":{"url":"https:\/\/pubeurope.com\/@fr\/115180563747799507","error":""},"_links":{"self":[{"href":"https:\/\/www.europesays.com\/fr\/wp-json\/wp\/v2\/posts\/380489","targetHints":{"allow":["GET"]}}],"collection":[{"href":"https:\/\/www.europesays.com\/fr\/wp-json\/wp\/v2\/posts"}],"about":[{"href":"https:\/\/www.europesays.com\/fr\/wp-json\/wp\/v2\/types\/post"}],"author":[{"embeddable":true,"href":"https:\/\/www.europesays.com\/fr\/wp-json\/wp\/v2\/users\/2"}],"replies":[{"embeddable":true,"href":"https:\/\/www.europesays.com\/fr\/wp-json\/wp\/v2\/comments?post=380489"}],"version-history":[{"count":0,"href":"https:\/\/www.europesays.com\/fr\/wp-json\/wp\/v2\/posts\/380489\/revisions"}],"wp:featuredmedia":[{"embeddable":true,"href":"https:\/\/www.europesays.com\/fr\/wp-json\/wp\/v2\/media\/380366"}],"wp:attachment":[{"href":"https:\/\/www.europesays.com\/fr\/wp-json\/wp\/v2\/media?parent=380489"}],"wp:term":[{"taxonomy":"category","embeddable":true,"href":"https:\/\/www.europesays.com\/fr\/wp-json\/wp\/v2\/categories?post=380489"},{"taxonomy":"post_tag","embeddable":true,"href":"https:\/\/www.europesays.com\/fr\/wp-json\/wp\/v2\/tags?post=380489"}],"curies":[{"name":"wp","href":"https:\/\/api.w.org\/{rel}","templated":true}]}}