{"id":380492,"date":"2025-09-10T14:53:40","date_gmt":"2025-09-10T14:53:40","guid":{"rendered":"https:\/\/www.europesays.com\/fr\/380492\/"},"modified":"2025-09-10T14:53:40","modified_gmt":"2025-09-10T14:53:40","slug":"immobilier-cette-ville-de-lorraine-est-lune-des-moins-cheres-en-france","status":"publish","type":"post","link":"https:\/\/www.europesays.com\/fr\/380492\/","title":{"rendered":"Immobilier : cette ville de Lorraine est l\u2019une des moins ch\u00e8res en France"},"content":{"rendered":"<p>Cette ville du Grand Est est de plus en plus attractive. <a href=\"https:\/\/www.capital.fr\/immobilier\/prix-de-l-immobilier-a-nancy-en-mai-2025-les-indices-a-l-achat-et-a-la-location-1512314\" rel=\"nofollow noopener\" target=\"_blank\">Nancy<\/a>, qui se classe troisi\u00e8me au classement des agglom\u00e9rations o\u00f9 il fait bon vivre en Lorraine, a vu sa population l\u00e9g\u00e8rement augmenter en 2024. Pourquoi\u00a0? Les prix de l\u2019immobilier y sont <strong>tr\u00e8s abordables<\/strong>, rapporte <a href=\"https:\/\/actu.fr\/grand-est\/nancy_54395\/immobilier-cette-ville-du-grand-est-ou-il-fait-bon-vivre-est-l-une-des-moins-cheres-de-france_62058116.html\" rel=\"nofollow noopener\" target=\"_blank\">Actu.fr<\/a> et Nancy se classe parmi les m\u00e9tropoles fran\u00e7aises les moins ch\u00e8res en la mati\u00e8re.<\/p>\n<p>\u00c0 Nancy, comptez <strong>2\u00a0386\u00a0euros en moyenne<\/strong> pour un m\u00e8tre carr\u00e9. <a href=\"https:\/\/www.capital.fr\/immobilier\/comment-rediger-une-offre-dachat-immobilier-1464808\" rel=\"nofollow noopener\" target=\"_blank\">Pour acheter<\/a> un appartement, il faudra d\u00e9bourser 2\u00a0359\u00a0euros par m\u00e8tre carr\u00e9, et 2\u00a0764\u00a0euros pour une maison. D\u2019apr\u00e8s une \u00e9tude publi\u00e9e par le site Particulier \u00e0 particulier, m\u00eame si les prix de la cit\u00e9 ducale ont augment\u00e9 de 21,1% depuis 2020, la courbe s\u2019est invers\u00e9e et <a href=\"https:\/\/www.capital.fr\/immobilier\/immobilier-jusquou-les-prix-baisseront-ils-en-2025-les-previsions-pour-paris-et-les-regions-1507294\" rel=\"nofollow noopener\" target=\"_blank\">une baisse<\/a> <strong>de 2,3%<\/strong> a \u00e9t\u00e9 constat\u00e9e entre\u00a02023 et\u00a02024.<\/p>\n<p>Des prix tr\u00e8s disparates<\/p>\n<p>Certains coins de Nancy sont plus chers que d\u2019autres. Pour faire une bonne affaire concernant un appartement, il faut se tourner vers le quartier Buth\u00e9gnemont, qui affiche des biens <strong>\u00e0 1\u00a0580\u00a0euros du m\u00e8tre carr\u00e9<\/strong> en moyenne, tandis que le quartier le plus on\u00e9reux est Port Sainte-Catherine Le Jardin d\u2019eau, avec 2\u00a0867\u00a0euros du m\u00e8tre carr\u00e9.<\/p>\n<p>Pour acheter <a href=\"https:\/\/www.capital.fr\/immobilier\/immobilier-jai-double-la-surface-de-ma-maison-achetee-moins-de-100-000-euros-1506421\" rel=\"nofollow noopener\" target=\"_blank\">une maison \u00e0 bas prix<\/a>, il est recommand\u00e9 de se tourner vers Gambetta Carmes Fa\u00efencerie qui propose des propri\u00e9t\u00e9s \u00e0 1\u00a0912\u00a0euros du m\u00e8tre carr\u00e9. Les demeures les plus ch\u00e8res se trouvent dans les quartiers Charles III Sud Jardiniers, Oudinot Cimeti\u00e8re du Sud Doumer et Leclerc Nord Garenne Sud, <strong>\u00e0 4\u00a0836\u00a0euros du m\u00e8tre carr\u00e9<\/strong> en moyenne.<\/p>\n","protected":false},"excerpt":{"rendered":"Cette ville du Grand Est est de plus en plus attractive. Nancy, qui se classe troisi\u00e8me au classement&hellip;\n","protected":false},"author":2,"featured_media":380493,"comment_status":"","ping_status":"","sticky":false,"template":"","format":"standard","meta":{"footnotes":""},"categories":[9635],"tags":[1111,11,1777,674,1011,27,775,1702,12,25],"class_list":{"0":"post-380492","1":"post","2":"type-post","3":"status-publish","4":"format-standard","5":"has-post-thumbnail","7":"category-nancy","8":"tag-actu","9":"tag-actualites","10":"tag-eu","11":"tag-europe","12":"tag-fr","13":"tag-france","14":"tag-grand-est","15":"tag-nancy","16":"tag-news","17":"tag-republique-francaise"},"share_on_mastodon":{"url":"https:\/\/pubeurope.com\/@fr\/115180575337626748","error":""},"_links":{"self":[{"href":"https:\/\/www.europesays.com\/fr\/wp-json\/wp\/v2\/posts\/380492","targetHints":{"allow":["GET"]}}],"collection":[{"href":"https:\/\/www.europesays.com\/fr\/wp-json\/wp\/v2\/posts"}],"about":[{"href":"https:\/\/www.europesays.com\/fr\/wp-json\/wp\/v2\/types\/post"}],"author":[{"embeddable":true,"href":"https:\/\/www.europesays.com\/fr\/wp-json\/wp\/v2\/users\/2"}],"replies":[{"embeddable":true,"href":"https:\/\/www.europesays.com\/fr\/wp-json\/wp\/v2\/comments?post=380492"}],"version-history":[{"count":0,"href":"https:\/\/www.europesays.com\/fr\/wp-json\/wp\/v2\/posts\/380492\/revisions"}],"wp:featuredmedia":[{"embeddable":true,"href":"https:\/\/www.europesays.com\/fr\/wp-json\/wp\/v2\/media\/380493"}],"wp:attachment":[{"href":"https:\/\/www.europesays.com\/fr\/wp-json\/wp\/v2\/media?parent=380492"}],"wp:term":[{"taxonomy":"category","embeddable":true,"href":"https:\/\/www.europesays.com\/fr\/wp-json\/wp\/v2\/categories?post=380492"},{"taxonomy":"post_tag","embeddable":true,"href":"https:\/\/www.europesays.com\/fr\/wp-json\/wp\/v2\/tags?post=380492"}],"curies":[{"name":"wp","href":"https:\/\/api.w.org\/{rel}","templated":true}]}}