{"id":380496,"date":"2025-09-10T14:56:10","date_gmt":"2025-09-10T14:56:10","guid":{"rendered":"https:\/\/www.europesays.com\/fr\/380496\/"},"modified":"2025-09-10T14:56:10","modified_gmt":"2025-09-10T14:56:10","slug":"38-000-etudiants-seraient-dans-une-situation-de-grande-precarite","status":"publish","type":"post","link":"https:\/\/www.europesays.com\/fr\/380496\/","title":{"rendered":"38 000 \u00e9tudiants seraient dans une situation de grande pr\u00e9carit\u00e9"},"content":{"rendered":"<p>            Par<br \/>\n        <strong><br \/>\n            <a href=\"https:\/\/actu.fr\/auteur\/g-martin\" title=\"Consulter tous les articles de Gil Martin\" rel=\"nofollow noopener\" target=\"_blank\">Gil Martin<\/a><br \/>\n        <\/strong><\/p>\n<p>        Publi\u00e9 le<\/p>\n<p>            10 sept. 2025 \u00e0 16h37        <\/p>\n<p>L\u2019association nationale <strong>1cabaspour1\u00e9tudiant<\/strong> a publi\u00e9 les chiffres de la rentr\u00e9e 2025-2026, confirmant que la pr\u00e9carit\u00e9 gagne du terrain chez les \u00e9tudiants, <a href=\"https:\/\/actu.fr\/occitanie\/montpellier_34172\/montpellier-etudiants-precarite-selection-sans-facs-une-rentree-sous-tension_63096706.html\" rel=\"nofollow noopener\" target=\"_blank\">comme l\u2019annon\u00e7ait aussi le SCUM<\/a>, un syndicat \u00e9tudiant local, le 30 ao\u00fbt dernier\u00a0 : \u00ab <strong>1 \u00e9tudiant sur 5<\/strong> vit aujourd\u2019hui sous le <strong>seuil de pauvret\u00e9<\/strong> en France, et 33 % sautent des repas \u00bb, une situation d\u2019extr\u00eame pr\u00e9carit\u00e9 qui concernerait \u00ab <strong>plus de 38 000 \u00e9tudiants \u00e0 Montpellier<\/strong> \u00bb, assure l\u2019association en pr\u00e9cisant que l\u2019inflation, si elle continue d\u2019impacter le quotidien de tous Fran\u00e7ais, touche plus durement encore les jeunes.<\/p>\n<p>Une r\u00e9ponse : le parrainage<\/p>\n<p class=\" wall-content\">Face \u00e0 ce constat alarmant, l\u2019association rappelle qu\u2019elle a mis en place, dans toutes les villes \u00e9tudiantes, un dispositif de reposant \u00ab\u00a0<strong>sur le parrainage de proximit\u00e9<\/strong>, simple et humain\u00a0: nous mettons en relation des \u00e9tudiants en situation de pr\u00e9carit\u00e9 avec des citoyens solidaires qui leur apportent r\u00e9guli\u00e8rement des <strong>cabas de courses<\/strong> tout en cr\u00e9ant <strong>un lien de proximit\u00e9 bienveillant<\/strong> : rencontres, invitations, loisirs partag\u00e9s, soutien moral\u2026\u00a0\u00bb, d\u00e9taille 1cabaspour1\u00e9tudiant.<\/p>\n<blockquote class=\"ac-article-quote wall-content\">\n<p>\u00ab\u00a0Il y a urgence : des centaines de jeunes s\u2019inscrivent \u00e0 Montpellier\u00a0\u00bb<\/p>\n<p>    <strong>1cabaspour1\u00e9tudiant<\/strong>\n            <\/p><\/blockquote>\n<p class=\" wall-content\">\u00ab Dans le contexte actuel, nous appelons \u00e0 une <strong>mobilisation massive<\/strong> pour r\u00e9pondre \u00e0 une demande en hausse sur le territoire montpelli\u00e9rain\u00a0\u00bb, compl\u00e8te l\u2019association qui explique que depuis 2021, plus de 80 parrainages ont \u00e9t\u00e9 finalis\u00e9s \u00e0 Montpellier, \u00ab\u00a0soit \u00a06 800 parrainages en France et 65 000 cabas distribu\u00e9s aux \u00e9tudiants par les parrains et marraines\u00a0\u00bb.<\/p>\n<p>    <a href=\"https:\/\/www.google.com\/maps\/embed?pb=!1m18!1m12!1m3!1d92442.71762967017!2d3.7917680376049825!3d43.60997855799656!2m3!1f0!2f0!3f0!3m2!1i1024!2i768!4f13.1!3m3!1m2!1s0x12b6af0725dd9db1%3A0xad8756742894e802!2sMontpellier!5e0!3m2!1sfr!2sfr!4v1757436810699!5m2!1sfr!2sfr\" title=\"Ouvrie le lien\" rel=\"nofollow noopener\" target=\"_blank\">Cliquez ici pour visualiser le contenu<\/a><\/p>\n<p>Vid\u00e9os : en ce moment sur ActuBesoin de parrains-marraines<\/p>\n<p class=\" wall-content\">L\u2019association insiste sur l\u2019urgence \u00e0 agir : \u00ab L\u2019\u00e9quipe d\u20191cabaspour1\u00e9tudiant redoute cette rentr\u00e9e : <strong>des centaines de jeunes s\u2019inscrivent \u00e0 Montpellier,<\/strong> et ailleurs en France, mais tous ne peuvent pas \u00eatre aid\u00e9s par manque de parrains-marraines\u00a0\u00bb. L\u2019association ass\u00e8ne un autre chiffre refl\u00e9tant la situation d\u00e9grad\u00e9e des fran\u00e7aises et des fran\u00e7ais : 30% des \u00e9tudiants ne peuvent pas \u00eatre financi\u00e8rement aid\u00e9s par leurs proches, et 600 000 \u00e9tudiants se retrouvent cette ann\u00e9e sous le seule de pauvret\u00e9.<\/p>\n<p class=\" wall-content\">\u00ab\u00a0 Nous lan\u00e7ons donc <strong>un appel national<\/strong> : il faut une mobilisation de tous les citoyens \u00e0 qui nous disons de parrainez un \u00e9tudiant dans leur ville. Il s\u2019agit d\u2019offrir plus qu\u2019un cabas : un lien humain, un coup de pouce, une chance\u2026\u00bb<\/p>\n<p>Votre r\u00e9gion, votre actu !<\/p>\n<p>Recevez chaque jour les infos qui comptent pour vous.<\/p>\n<p>\t<a href=\"https:\/\/actu.fr\/newsletter\" class=\"ac-btn ac-btn--corner ac-btn--medium ac-btn--blue800\" rel=\"nofollow noopener\" target=\"_blank\">S&rsquo;incrire<\/a><br \/>\n<strong>Infos pratiques :<\/strong><br \/>\nLe lien : <a href=\"http:\/\/www.1cabaspour1etudiant.fr\/inscription\/\" rel=\"nofollow noopener\" target=\"_blank\">www.1cabaspour1etudiant.fr\/inscription\/<\/a><\/p>\n<p class=\" wall-content\">.<\/p>\n<p class=\" wall-content\">Personnalisez votre actualit\u00e9 en ajoutant vos villes et m\u00e9dias en favori avec <a href=\"https:\/\/moncompte.actu.fr\" title=\"D\u00e9couvez Mon Actu\" rel=\"nofollow noopener\" data-trk=\"{&quot;cta&quot;:{&quot;action&quot;:&quot;https:\\\/\\\/moncompte.actu.fr&quot;,&quot;category&quot;:&quot;mon compte&quot;,&quot;from&quot;:&quot;article footer&quot;,&quot;name&quot;:&quot;Mon actu&quot;,&quot;type&quot;:&quot;cta&quot;}}\" target=\"_blank\">Mon Actu<\/a>.<\/p>\n","protected":false},"excerpt":{"rendered":"Par Gil Martin Publi\u00e9 le 10 sept. 2025 \u00e0 16h37 L\u2019association nationale 1cabaspour1\u00e9tudiant a publi\u00e9 les chiffres de&hellip;\n","protected":false},"author":2,"featured_media":380497,"comment_status":"","ping_status":"","sticky":false,"template":"","format":"standard","meta":{"footnotes":""},"categories":[9599],"tags":[1111,11,1777,674,1011,27,2208,12,2680,25,104],"class_list":{"0":"post-380496","1":"post","2":"type-post","3":"status-publish","4":"format-standard","5":"has-post-thumbnail","7":"category-montpellier","8":"tag-actu","9":"tag-actualites","10":"tag-eu","11":"tag-europe","12":"tag-fr","13":"tag-france","14":"tag-montpellier","15":"tag-news","16":"tag-occitanie","17":"tag-republique-francaise","18":"tag-societe"},"share_on_mastodon":{"url":"https:\/\/pubeurope.com\/@fr\/115180587216997438","error":""},"_links":{"self":[{"href":"https:\/\/www.europesays.com\/fr\/wp-json\/wp\/v2\/posts\/380496","targetHints":{"allow":["GET"]}}],"collection":[{"href":"https:\/\/www.europesays.com\/fr\/wp-json\/wp\/v2\/posts"}],"about":[{"href":"https:\/\/www.europesays.com\/fr\/wp-json\/wp\/v2\/types\/post"}],"author":[{"embeddable":true,"href":"https:\/\/www.europesays.com\/fr\/wp-json\/wp\/v2\/users\/2"}],"replies":[{"embeddable":true,"href":"https:\/\/www.europesays.com\/fr\/wp-json\/wp\/v2\/comments?post=380496"}],"version-history":[{"count":0,"href":"https:\/\/www.europesays.com\/fr\/wp-json\/wp\/v2\/posts\/380496\/revisions"}],"wp:featuredmedia":[{"embeddable":true,"href":"https:\/\/www.europesays.com\/fr\/wp-json\/wp\/v2\/media\/380497"}],"wp:attachment":[{"href":"https:\/\/www.europesays.com\/fr\/wp-json\/wp\/v2\/media?parent=380496"}],"wp:term":[{"taxonomy":"category","embeddable":true,"href":"https:\/\/www.europesays.com\/fr\/wp-json\/wp\/v2\/categories?post=380496"},{"taxonomy":"post_tag","embeddable":true,"href":"https:\/\/www.europesays.com\/fr\/wp-json\/wp\/v2\/tags?post=380496"}],"curies":[{"name":"wp","href":"https:\/\/api.w.org\/{rel}","templated":true}]}}