{"id":380498,"date":"2025-09-10T14:57:11","date_gmt":"2025-09-10T14:57:11","guid":{"rendered":"https:\/\/www.europesays.com\/fr\/380498\/"},"modified":"2025-09-10T14:57:11","modified_gmt":"2025-09-10T14:57:11","slug":"un-nouvel-outil-de-pointe-au-service-de-lircm-de-montpellier-pour-accelerer-la-recherche-sur-le-cancer","status":"publish","type":"post","link":"https:\/\/www.europesays.com\/fr\/380498\/","title":{"rendered":"Un nouvel outil de pointe au service de l\u2019IRCM de Montpellier pour acc\u00e9l\u00e9rer la recherche sur le cancer"},"content":{"rendered":"<p>\n                                                                L\u2019Institut de Recherche en Canc\u00e9rologie de Montpellier a d\u00e9voil\u00e9 ce mercredi 10\u00a0septembre son nouvel appareil\u00a0de chromatographie ionique de derni\u00e8re g\u00e9n\u00e9ration.\n                            <\/p>\n<p>L\u2019Institut de Recherche en Canc\u00e9rologie de Montpellier (IRCM) a inaugur\u00e9 ce mercredi 10\u00a0septembre un appareil de chromatographie ionique de derni\u00e8re g\u00e9n\u00e9ration, acquis gr\u00e2ce au soutien du fonds de dotation du Montpellier Handball (MHB), de l\u2019entreprise VOGO et des partenaires m\u00e9c\u00e8nes du club, pour un montant de 60\u00a0000\u00a0\u20ac. Ce nouvel outil disponible pour la communaut\u00e9 scientifique permettra de r\u00e9aliser une meilleure s\u00e9paration des mol\u00e9cules issues du m\u00e9tabolisme, afin d\u2019optimiser leur d\u00e9tection.<\/p>\n<p>Approfondir le lien entre nutrition et cancer<\/p>\n<p>Les chercheurs pourront ainsi approfondir l\u2019\u00e9tude des liens entre nutrition et cancer, un champ de recherche cl\u00e9 pour am\u00e9liorer la pr\u00e9vention et le traitement de la maladie. L\u2019\u00e9v\u00e9nement s\u2019est tenu au sein du b\u00e2timent de recherche de l\u2019ICM, en pr\u00e9sence de repr\u00e9sentants de l\u2019INSERM, de l\u2019Universit\u00e9 de Montpellier, du MHB et de l\u2019entreprise VOGO.<\/p>\n<p>Apr\u00e8s les discours officiels, les participants ont pu d\u00e9couvrir les laboratoires de recherche et assister \u00e0 une pr\u00e9sentation d\u00e9taill\u00e9e du nouvel \u00e9quipement. \u00ab\u00a0Cet appareil ouvre de nouvelles perspectives pour nos travaux. Il nous permettra de progresser dans la compr\u00e9hension fine des m\u00e9canismes m\u00e9taboliques li\u00e9s au cancer. Nous sommes tr\u00e8s fiers du soutien du fonds de dotation du MHB\u00a0\u00bb, a soulign\u00e9 Laurent Lecam, Directeur Adjoint de l\u2019IRCM.<\/p>\n<p>\u00ab\u00a0Nous sommes fiers que le fonds de dotation du Montpellier Handball puisse contribuer \u00e0 doter l\u2019IRCM d\u2019un \u00e9quipement de pointe qui servira directement la recherche contre le cancer. Au-del\u00e0 du sport, notre mission est aussi de mobiliser nos partenaires et notre communaut\u00e9 autour de causes qui comptent pour tous. Soutenir l\u2019innovation scientifique et la sant\u00e9, c\u2019est investir dans l\u2019avenir\u00a0\u00bb, s\u2019est r\u00e9joui\u00a0Philippe Rivi\u00e8re, pr\u00e9sident du fonds de dotation du MHB.<\/p>\n","protected":false},"excerpt":{"rendered":"L\u2019Institut de Recherche en Canc\u00e9rologie de Montpellier a d\u00e9voil\u00e9 ce mercredi 10\u00a0septembre son nouvel appareil\u00a0de chromatographie ionique de&hellip;\n","protected":false},"author":2,"featured_media":380499,"comment_status":"","ping_status":"","sticky":false,"template":"","format":"standard","meta":{"footnotes":""},"categories":[9599],"tags":[1111,11,1777,674,1011,27,2208,12,2680,25],"class_list":{"0":"post-380498","1":"post","2":"type-post","3":"status-publish","4":"format-standard","5":"has-post-thumbnail","7":"category-montpellier","8":"tag-actu","9":"tag-actualites","10":"tag-eu","11":"tag-europe","12":"tag-fr","13":"tag-france","14":"tag-montpellier","15":"tag-news","16":"tag-occitanie","17":"tag-republique-francaise"},"share_on_mastodon":{"url":"https:\/\/pubeurope.com\/@fr\/115180591065913630","error":""},"_links":{"self":[{"href":"https:\/\/www.europesays.com\/fr\/wp-json\/wp\/v2\/posts\/380498","targetHints":{"allow":["GET"]}}],"collection":[{"href":"https:\/\/www.europesays.com\/fr\/wp-json\/wp\/v2\/posts"}],"about":[{"href":"https:\/\/www.europesays.com\/fr\/wp-json\/wp\/v2\/types\/post"}],"author":[{"embeddable":true,"href":"https:\/\/www.europesays.com\/fr\/wp-json\/wp\/v2\/users\/2"}],"replies":[{"embeddable":true,"href":"https:\/\/www.europesays.com\/fr\/wp-json\/wp\/v2\/comments?post=380498"}],"version-history":[{"count":0,"href":"https:\/\/www.europesays.com\/fr\/wp-json\/wp\/v2\/posts\/380498\/revisions"}],"wp:featuredmedia":[{"embeddable":true,"href":"https:\/\/www.europesays.com\/fr\/wp-json\/wp\/v2\/media\/380499"}],"wp:attachment":[{"href":"https:\/\/www.europesays.com\/fr\/wp-json\/wp\/v2\/media?parent=380498"}],"wp:term":[{"taxonomy":"category","embeddable":true,"href":"https:\/\/www.europesays.com\/fr\/wp-json\/wp\/v2\/categories?post=380498"},{"taxonomy":"post_tag","embeddable":true,"href":"https:\/\/www.europesays.com\/fr\/wp-json\/wp\/v2\/tags?post=380498"}],"curies":[{"name":"wp","href":"https:\/\/api.w.org\/{rel}","templated":true}]}}