{"id":380500,"date":"2025-09-10T14:58:12","date_gmt":"2025-09-10T14:58:12","guid":{"rendered":"https:\/\/www.europesays.com\/fr\/380500\/"},"modified":"2025-09-10T14:58:12","modified_gmt":"2025-09-10T14:58:12","slug":"oceane-aubert-responsable-du-bureau-de-la-vie-etudiante","status":"publish","type":"post","link":"https:\/\/www.europesays.com\/fr\/380500\/","title":{"rendered":"Oc\u00e9ane Aubert, responsable du Bureau de la vie \u00e9tudiante"},"content":{"rendered":"<p>Publi\u00e9 le 10\/09\/2025<\/p>\n<ul>\n<li><strong>Pouvez-vous vous pr\u00e9senter et nous dire quel est votre r\u00f4le au sein de l\u2019universit\u00e9 de Rouen Normandie\u00a0?<\/strong><\/li>\n<\/ul>\n<p>Je m\u2019appelle Oc\u00e9ane Aubert, je suis responsable depuis un an du Bureau de la vie \u00e9tudiante (BVE) au sein de la Direction des enseignements et du suivi des parcours \u00e9tudiants (DEPE) de l\u2019universit\u00e9 de Rouen Normandie.<\/p>\n<p>\u00a0<\/p>\n<ul>\n<li><strong>Parlez nous du BVE, qui fait donc lui-m\u00eame partie de la DEPE.<\/strong><\/li>\n<\/ul>\n<p>Le Bureau de la vie \u00e9tudiante accueille, accompagne et informe les \u00e9tudiants. Nos missions visent \u00e0 am\u00e9liorer leurs conditions de vie et leur quotidien. Au BVE, ils obtiendront des r\u00e9ponses \u00e0 leurs questions en mati\u00e8re de vie associative, d\u2019aide universitaire ou encore d\u2019engagement \u00e9tudiant.<\/p>\n<p>\u00a0<\/p>\n<ul>\n<li><strong>La vie \u00e9tudiante est essentielle dans une universit\u00e9, c\u2019est ce qui permet aux \u00e9tudiants de sortir des cours. Comment travaille-t-on sur le sujet\u00a0? <\/strong><\/li>\n<\/ul>\n<p>La vie \u00e9tudiante est un vaste sujet, aussi divers que les \u00e9tudiants qui la composent. Pour travailler sur cette th\u00e9matique, nous formons une \u00e9quipe mobilis\u00e9e, aussi bien au sein du Bureau de la vie \u00e9tudiante que de l\u2019\u00e9tablissement dans son ensemble. Nous collaborons \u00e9troitement avec la vice-pr\u00e9sidente vie \u00e9tudiante et vie de campus, H\u00e9l\u00e8ne Houisse, avec les vice-pr\u00e9sidents \u00e9tudiants Camille Guillin et Axel Duthil-Vatine, et nous \u00e9changeons quotidiennement avec les associations qui font vivre la vie \u00e9tudiante.<\/p>\n<p>\u00a0<\/p>\n<ul>\n<li><strong>Pour cette rentr\u00e9e 2025, est-ce qu\u2019il y a des nouveaut\u00e9s du c\u00f4t\u00e9 du BVE et des actions propos\u00e9es \u00e0 destination des \u00e9tudiants\u00a0? <\/strong><\/li>\n<\/ul>\n<p>Comme chaque ann\u00e9e depuis 3 ans, le BVE proposera des distributions de culottes menstruelles durant l\u2019ann\u00e9e universitaire. La nouveaut\u00e9 cette ann\u00e9e, en collaboration avec la boutique sociale et solidaire du SSE (Service sant\u00e9 des \u00e9tudiants), sera de proposer des distributions de kits hivers (bonnets, \u00e9charpes, gants) aux \u00e9tudiants dans le besoin.<\/p>\n<p>\u00a0<\/p>\n<ul>\n<li><strong>Le BVE est \u00e9galement en charge de la CVEC. Pourquoi payer cette contribution est essentiel pour le fonctionnement de l\u2019Universit\u00e9\u00a0? <\/strong><\/li>\n<\/ul>\n<p>Gr\u00e2ce \u00e0 la Contribution Vie \u00e9tudiante et de campus (CVEC), un ensemble d\u2019acteurs peut proposer et mettre en \u0153uvre des projets en faveur de la vie \u00e9tudiante. Qu\u2019il s\u2019agisse de projets port\u00e9s par l\u2019\u00e9tablissement ou par des associations \u00e9tudiantes, la CVEC favorise l\u2019accueil et l\u2019accompagnement des \u00e9tudiants dans tous les domaines, qu\u2019ils soient culturels, sociaux, sanitaires ou sportifs.<\/p>\n<p>\u00a0<\/p>\n<ul>\n<li><strong>Le BVE s\u2019investit beaucoup sur \u00ab\u00a0Bienvenue \u00e0 l\u2019Universit\u00e9\u00a0!\u00a0\u00bb et \u00ab\u00a0Campus en sc\u00e8ne\u00a0\u00bb, pouvez-vous nous parler de ces \u00e9v\u00e9nements\u00a0?<\/strong><\/li>\n<\/ul>\n<p>\u00ab\u00a0Bienvenue \u00e0 l\u2019Universit\u00e9\u00a0!\u00a0\u00bb est le dispositif d\u2019accueil des nouveaux \u00e9tudiants. Pendant un mois, toute la communaut\u00e9 universitaire se mobilise. Vous pourrez d\u2019ailleurs retrouver, du 15 au 18 septembre, sur les diff\u00e9rents campus, des actions propos\u00e9es par les associations.<\/p>\n<p>\u00ab\u00a0Campus en sc\u00e8ne\u00a0\u00bb est l\u2019\u00e9v\u00e9nement de cl\u00f4ture de ce dispositif. Il se d\u00e9roulera le jeudi 2 octobre, de 13h30 \u00e0 19h, sur la presqu\u2019\u00eele Rollet \u00e0 Rouen. Au programme : une color run, un village des associations et des partenaires, un DJ set, ainsi que des animations pour vous amuser ou vous restaurer. Un \u00e9v\u00e9nement festif, rempli de couleurs, d\u2019\u00e9nergie et de rencontres enrichissantes.<\/p>\n<p>\u00a0<\/p>\n<ul>\n<li><strong>\u00c0 titre personnel, qu\u2019appr\u00e9ciez-vous le plus dans votre travail ? <\/strong><\/li>\n<\/ul>\n<p>Ce que j\u2019aime le plus dans mon travail est difficile \u00e0 r\u00e9sumer, car il y a tant d\u2019aspects que j\u2019appr\u00e9cie. Mais ce qui me touche le plus, c\u2019est de voir l\u2019engagement de chacun au service de la communaut\u00e9 : cette \u00e9nergie collective qui fait avancer les projets et rapproche les gens est vraiment ce qui rend mon quotidien si enrichissant.<\/p>\n","protected":false},"excerpt":{"rendered":"Publi\u00e9 le 10\/09\/2025 Pouvez-vous vous pr\u00e9senter et nous dire quel est votre r\u00f4le au sein de l\u2019universit\u00e9 de&hellip;\n","protected":false},"author":2,"featured_media":380501,"comment_status":"","ping_status":"","sticky":false,"template":"","format":"standard","meta":{"footnotes":""},"categories":[9587],"tags":[1111,11,1777,674,1011,27,12,5161,25,9590],"class_list":{"0":"post-380500","1":"post","2":"type-post","3":"status-publish","4":"format-standard","5":"has-post-thumbnail","7":"category-rouen","8":"tag-actu","9":"tag-actualites","10":"tag-eu","11":"tag-europe","12":"tag-fr","13":"tag-france","14":"tag-news","15":"tag-normandie","16":"tag-republique-francaise","17":"tag-rouen"},"share_on_mastodon":{"url":"https:\/\/pubeurope.com\/@fr\/115180595050690251","error":""},"_links":{"self":[{"href":"https:\/\/www.europesays.com\/fr\/wp-json\/wp\/v2\/posts\/380500","targetHints":{"allow":["GET"]}}],"collection":[{"href":"https:\/\/www.europesays.com\/fr\/wp-json\/wp\/v2\/posts"}],"about":[{"href":"https:\/\/www.europesays.com\/fr\/wp-json\/wp\/v2\/types\/post"}],"author":[{"embeddable":true,"href":"https:\/\/www.europesays.com\/fr\/wp-json\/wp\/v2\/users\/2"}],"replies":[{"embeddable":true,"href":"https:\/\/www.europesays.com\/fr\/wp-json\/wp\/v2\/comments?post=380500"}],"version-history":[{"count":0,"href":"https:\/\/www.europesays.com\/fr\/wp-json\/wp\/v2\/posts\/380500\/revisions"}],"wp:featuredmedia":[{"embeddable":true,"href":"https:\/\/www.europesays.com\/fr\/wp-json\/wp\/v2\/media\/380501"}],"wp:attachment":[{"href":"https:\/\/www.europesays.com\/fr\/wp-json\/wp\/v2\/media?parent=380500"}],"wp:term":[{"taxonomy":"category","embeddable":true,"href":"https:\/\/www.europesays.com\/fr\/wp-json\/wp\/v2\/categories?post=380500"},{"taxonomy":"post_tag","embeddable":true,"href":"https:\/\/www.europesays.com\/fr\/wp-json\/wp\/v2\/tags?post=380500"}],"curies":[{"name":"wp","href":"https:\/\/api.w.org\/{rel}","templated":true}]}}