{"id":380506,"date":"2025-09-10T15:01:11","date_gmt":"2025-09-10T15:01:11","guid":{"rendered":"https:\/\/www.europesays.com\/fr\/380506\/"},"modified":"2025-09-10T15:01:11","modified_gmt":"2025-09-10T15:01:11","slug":"au-moins-2-000-personnes-dans-la-rue-les-tramways-stoppes","status":"publish","type":"post","link":"https:\/\/www.europesays.com\/fr\/380506\/","title":{"rendered":"au moins 2 000 personnes dans la rue, les tramways stopp\u00e9s"},"content":{"rendered":"<p>            Par<br \/>\n        <strong><br \/>\n            <a href=\"https:\/\/actu.fr\/auteur\/lisa-rodrigues\" title=\"Consulter tous les articles de Lisa Rodrigues\" target=\"_blank\" rel=\"noopener\">Lisa Rodrigues<\/a><br \/>\n        <\/strong><\/p>\n<p>        Publi\u00e9 le<\/p>\n<p>            10 sept. 2025 \u00e0 16h49        <\/p>\n<p>Elle est annonc\u00e9e comme le <a href=\"https:\/\/actu.fr\/auvergne-rhone-alpes\/grenoble_38185\/blocages-du-10-septembre-a-grenoble-une-grande-mobilisation-attendue-par-lfi_63136031.html\" target=\"_blank\" rel=\"noopener\">grand point de rassemblement<\/a> de la journ\u00e9e du 10 septembre \u00e0 <a href=\"https:\/\/actu.fr\/auvergne-rhone-alpes\/grenoble_38185\" target=\"_blank\" rel=\"noopener\">Grenoble<\/a>. Peu apr\u00e8s 16 heures, une manifestation s\u2019est \u00e9lanc\u00e9e de la place Victor-Hugo, pour se diriger dans les rues du centre-ville, en passant par les quais de l\u2019Is\u00e8re, le quartier Notre-Dame et la pr\u00e9fecture. Au moins <strong>2 000 personnes<\/strong> sont pr\u00e9sentes, selon <a href=\"https:\/\/c.ledauphine.com\/social\/2025\/09\/08\/isere-mouvement-du-10-septembre-suivez-la-journee-en-direct\" target=\"_blank\" rel=\"noopener\">Le Dauphin\u00e9 Lib\u00e9r\u00e9<\/a>.<\/p>\n<p class=\" wall-content\">La manifestation doit se terminer au parc Paul-Mistral, o\u00f9 une assembl\u00e9e citoyenne du <strong>mouvement \u00ab\u00a0Bloquons tout\u00a0\u00bb<\/strong> doit se tenir \u00e0 19 heures pour d\u00e9cider des suites \u00e0 donner au mouvement.<\/p>\n<p>Tramways stopp\u00e9s en centre-ville<\/p>\n<p class=\" wall-content\">Des perturbations sont attendues du c\u00f4t\u00e9 des transports en commun. M\u2019R\u00e9so a ainsi <strong>stopp\u00e9 la circulation de trois lignes de tram<\/strong>\u00a0:\u00a0<\/p>\n<ul class=\" wall-content\">\n<li>La ligne A ne circule plus entre l\u2019arr\u00eat \u00ab\u00a0Albert 1er\u00a0\u00bb et \u00ab\u00a0Gares\u00a0\u00bb<\/li>\n<li>Les lignes B et D ne circulent plus entre les stations \u00ab\u00a0Sainte-Claire Les Halles\u00a0\u00bb et \u00ab\u00a0Gares\u00a0\u00bb<\/li>\n<\/ul>\n<p class=\" wall-content\">Le retour \u00e0 la normale est estim\u00e9 \u00e0 19 heures, mais le trafic pourrait reprendre plus t\u00f4t en fonction de l\u2019avanc\u00e9e des manifestants.<\/p>\n<p class=\" wall-content\">Selon plusieurs m\u00e9dias locaux, plusieurs <strong>commerces du centre-ville se sont \u00e9galement barricad\u00e9s<\/strong> en pr\u00e9vision, pour tenter de limiter le <a href=\"https:\/\/actu.fr\/auvergne-rhone-alpes\/grenoble_38185\/mort-de-nahel-la-situation-s-enflamme-a-grenoble-avec-des-scenes-de-chaos_59798191.html\" target=\"_blank\" rel=\"noopener\">risque de pillages et de d\u00e9gradations<\/a> comme en 2023 avec les \u00e9meutes suite \u00e0 la mort de Nahel.<\/p>\n<p>Votre r\u00e9gion, votre actu !<\/p>\n<p>Recevez chaque jour les infos qui comptent pour vous.<\/p>\n<p>\t<a href=\"https:\/\/actu.fr\/newsletter\" class=\"ac-btn ac-btn--corner ac-btn--medium ac-btn--blue800\" target=\"_blank\" rel=\"noopener\">S&rsquo;incrire<\/a><br \/>\n12 interpellations recens\u00e9es<\/p>\n<p class=\" wall-content\">Les forces de l\u2019ordre sont par ailleurs <a href=\"https:\/\/actu.fr\/auvergne-rhone-alpes\/grenoble_38185\/bloquons-tout-le-10-septembre-a-grenoble-et-en-isere-voici-le-dispositif-de-securite-xxl_63137649.html\" target=\"_blank\" rel=\"noopener\">mobilis\u00e9es en nombre<\/a>. Sur la journ\u00e9e, 700 policiers et gendarmes sont d\u00e9ploy\u00e9s sur toute l\u2019Is\u00e8re, \u00e0 la demande de la pr\u00e9fecture, qui a aussi autoris\u00e9 la captation d\u2019images par drones au-dessus de Grenoble.<\/p>\n<p class=\" wall-content\">Juste avant le d\u00e9but de la manifestation de 16 heures, les services de l\u2019\u00c9tat is\u00e9rois pr\u00e9cisent que 12 interpellations ont \u00e9t\u00e9 r\u00e9alis\u00e9es dans la journ\u00e9e.<\/p>\n<p class=\" wall-content\">Personnalisez votre actualit\u00e9 en ajoutant vos villes et m\u00e9dias en favori avec <a href=\"https:\/\/moncompte.actu.fr\" title=\"D\u00e9couvez Mon Actu\" rel=\"nofollow noopener\" data-trk=\"{&quot;cta&quot;:{&quot;action&quot;:&quot;https:\\\/\\\/moncompte.actu.fr&quot;,&quot;category&quot;:&quot;mon compte&quot;,&quot;from&quot;:&quot;article footer&quot;,&quot;name&quot;:&quot;Mon actu&quot;,&quot;type&quot;:&quot;cta&quot;}}\" target=\"_blank\">Mon Actu<\/a>.<\/p>\n","protected":false},"excerpt":{"rendered":"Par Lisa Rodrigues Publi\u00e9 le 10 sept. 2025 \u00e0 16h49 Elle est annonc\u00e9e comme le grand point de&hellip;\n","protected":false},"author":2,"featured_media":380507,"comment_status":"","ping_status":"","sticky":false,"template":"","format":"standard","meta":{"footnotes":""},"categories":[9566],"tags":[1111,11,2430,47212,1777,674,1011,27,2731,1272,50957,12,25,104],"class_list":{"0":"post-380506","1":"post","2":"type-post","3":"status-publish","4":"format-standard","5":"has-post-thumbnail","7":"category-grenoble","8":"tag-actu","9":"tag-actualites","10":"tag-auvergne-rhone-alpes","11":"tag-bloquons-tout","12":"tag-eu","13":"tag-europe","14":"tag-fr","15":"tag-france","16":"tag-grenoble","17":"tag-manifestations","18":"tag-mouvement-du-10-septembre","19":"tag-news","20":"tag-republique-francaise","21":"tag-societe"},"share_on_mastodon":{"url":"https:\/\/pubeurope.com\/@fr\/115180606853638209","error":""},"_links":{"self":[{"href":"https:\/\/www.europesays.com\/fr\/wp-json\/wp\/v2\/posts\/380506","targetHints":{"allow":["GET"]}}],"collection":[{"href":"https:\/\/www.europesays.com\/fr\/wp-json\/wp\/v2\/posts"}],"about":[{"href":"https:\/\/www.europesays.com\/fr\/wp-json\/wp\/v2\/types\/post"}],"author":[{"embeddable":true,"href":"https:\/\/www.europesays.com\/fr\/wp-json\/wp\/v2\/users\/2"}],"replies":[{"embeddable":true,"href":"https:\/\/www.europesays.com\/fr\/wp-json\/wp\/v2\/comments?post=380506"}],"version-history":[{"count":0,"href":"https:\/\/www.europesays.com\/fr\/wp-json\/wp\/v2\/posts\/380506\/revisions"}],"wp:featuredmedia":[{"embeddable":true,"href":"https:\/\/www.europesays.com\/fr\/wp-json\/wp\/v2\/media\/380507"}],"wp:attachment":[{"href":"https:\/\/www.europesays.com\/fr\/wp-json\/wp\/v2\/media?parent=380506"}],"wp:term":[{"taxonomy":"category","embeddable":true,"href":"https:\/\/www.europesays.com\/fr\/wp-json\/wp\/v2\/categories?post=380506"},{"taxonomy":"post_tag","embeddable":true,"href":"https:\/\/www.europesays.com\/fr\/wp-json\/wp\/v2\/tags?post=380506"}],"curies":[{"name":"wp","href":"https:\/\/api.w.org\/{rel}","templated":true}]}}