{"id":38051,"date":"2025-04-20T05:00:20","date_gmt":"2025-04-20T05:00:20","guid":{"rendered":"https:\/\/www.europesays.com\/fr\/38051\/"},"modified":"2025-04-20T05:00:20","modified_gmt":"2025-04-20T05:00:20","slug":"a-10-minutes-de-lyon-le-plus-grand-village-moto-deurope-vient-douvrir","status":"publish","type":"post","link":"https:\/\/www.europesays.com\/fr\/38051\/","title":{"rendered":"\u00e0 10 minutes de Lyon, le plus grand village moto d\u2019Europe vient d\u2019ouvrir"},"content":{"rendered":"<p>\u00ab\u00a0C\u2019est tr\u00e8s grand, propre et joli\u00a0!\u00a0\u00bb s\u2019exclament Bernard, Roger et Jacques, trois retrait\u00e9s de La Verpilli\u00e8re, en d\u00e9couvrant Mo-Town. Les trois bikers ont parcouru la trentaine de kilom\u00e8tres qui les s\u00e9pare du village moto qui vient d\u2019ouvrir \u00e0 V\u00e9nissieux. Et ils sont ravis\u00a0: \u00ab\u00a0Pour nous, c\u2019est beaucoup plus proche que l\u2019autre p\u00f4le \u00e0 Dardilly. J\u2019aime beaucoup cette architecture en pyramide, \u00e7a fait ancienne usine\u00a0!\u00a0\u00bb ajoute Roger.<\/p>\n<p><strong>&gt;&gt; <a href=\"https:\/\/www.leprogres.fr\/economie\/2024\/04\/12\/projet-mo-town-un-nouvel-eldorado-de-la-moto-aux-portes-de-lyon\" target=\"_blank\" rel=\"nofollow noopener\">Avec le projet Mo-Town, un nouvel eldorado de la moto aux portes de Lyon<\/a><\/strong><\/p>\n<p>\u00ab\u00a0On veut aussi cr\u00e9er des \u00e9v\u00e9nements\u00a0\u00bb<\/p>\n<p>Pour ce projet, le promoteur Hudson Development et <a href=\"https:\/\/www.facebook.com\/story.php\/?story_fbid=466875549595031&amp;id=100088177686967&amp;_rdr\" target=\"_blank\" rel=\"nofollow noopener\">l\u2019agence d\u2019architecture SOHO<\/a> ont vu grand. 2 hectares de terrain, une vingtaine de magasins, un restaurant, 200 places de parking pour&#8230;<\/p>\n","protected":false},"excerpt":{"rendered":"\u00ab\u00a0C\u2019est tr\u00e8s grand, propre et joli\u00a0!\u00a0\u00bb s\u2019exclament Bernard, Roger et Jacques, trois retrait\u00e9s de La Verpilli\u00e8re, en d\u00e9couvrant&hellip;\n","protected":false},"author":2,"featured_media":38052,"comment_status":"","ping_status":"","sticky":false,"template":"","format":"standard","meta":{"footnotes":""},"categories":[1889],"tags":[1111,11,1976,646,2430,33,3152,1777,674,107,1011,27,2428,12,25,2429,4604,273,3151,517,4375,4407,216],"class_list":{"0":"post-38051","1":"post","2":"type-post","3":"status-publish","4":"format-standard","5":"has-post-thumbnail","7":"category-lyon","8":"tag-actu","9":"tag-actualites","10":"tag-auto-moto","11":"tag-automobile","12":"tag-auvergne-rhone-alpes","13":"tag-economie","14":"tag-edition-est-lyonnais","15":"tag-eu","16":"tag-europe","17":"tag-fil-info","18":"tag-fr","19":"tag-france","20":"tag-lyon","21":"tag-news","22":"tag-republique-francaise","23":"tag-rhone","24":"tag-selection-abonne","25":"tag-selection-de-la-redaction","26":"tag-selection-de-la-redaction-69","27":"tag-sport","28":"tag-venissieux","29":"tag-venissieux-bassin","30":"tag-vie-des-entreprises"},"share_on_mastodon":{"url":"https:\/\/pubeurope.com\/@fr\/114368533187934350","error":""},"_links":{"self":[{"href":"https:\/\/www.europesays.com\/fr\/wp-json\/wp\/v2\/posts\/38051","targetHints":{"allow":["GET"]}}],"collection":[{"href":"https:\/\/www.europesays.com\/fr\/wp-json\/wp\/v2\/posts"}],"about":[{"href":"https:\/\/www.europesays.com\/fr\/wp-json\/wp\/v2\/types\/post"}],"author":[{"embeddable":true,"href":"https:\/\/www.europesays.com\/fr\/wp-json\/wp\/v2\/users\/2"}],"replies":[{"embeddable":true,"href":"https:\/\/www.europesays.com\/fr\/wp-json\/wp\/v2\/comments?post=38051"}],"version-history":[{"count":0,"href":"https:\/\/www.europesays.com\/fr\/wp-json\/wp\/v2\/posts\/38051\/revisions"}],"wp:featuredmedia":[{"embeddable":true,"href":"https:\/\/www.europesays.com\/fr\/wp-json\/wp\/v2\/media\/38052"}],"wp:attachment":[{"href":"https:\/\/www.europesays.com\/fr\/wp-json\/wp\/v2\/media?parent=38051"}],"wp:term":[{"taxonomy":"category","embeddable":true,"href":"https:\/\/www.europesays.com\/fr\/wp-json\/wp\/v2\/categories?post=38051"},{"taxonomy":"post_tag","embeddable":true,"href":"https:\/\/www.europesays.com\/fr\/wp-json\/wp\/v2\/tags?post=38051"}],"curies":[{"name":"wp","href":"https:\/\/api.w.org\/{rel}","templated":true}]}}