{"id":380510,"date":"2025-09-10T15:03:10","date_gmt":"2025-09-10T15:03:10","guid":{"rendered":"https:\/\/www.europesays.com\/fr\/380510\/"},"modified":"2025-09-10T15:03:10","modified_gmt":"2025-09-10T15:03:10","slug":"cest-ma-premiere-action-de-cette-ampleur-qui-sont-les-manifestants-du-10-septembre-a-rennes","status":"publish","type":"post","link":"https:\/\/www.europesays.com\/fr\/380510\/","title":{"rendered":"\u00ab\u00a0C\u2019est ma premi\u00e8re action de cette ampleur\u00a0\u00bb\u00a0: qui sont les manifestants du 10\u00a0septembre \u00e0 Rennes\u00a0?"},"content":{"rendered":"<p>C\u2019est une journ\u00e9e \u00e0 la fois \u00e0 part et avec un go\u00fbt de d\u00e9j\u00e0-vu qu\u2019a v\u00e9cu Rennes ce mercredi 10 septembre 2025. Des centaines de manifestants qui occupent les portes d\u2019Alma, de Maurepas, de Br\u00e9quigny et des Longs Champs, afin de bloquer la rocade, o\u00f9 <a href=\"https:\/\/www.letelegramme.fr\/ille-et-vilaine\/rennes-35000\/un-bus-incendie-sur-la-rocade-de-rennes-lors-du-mouvement-bloquons-tout-ce-que-lon-sait-6886332.php\" target=\"_blank\" rel=\"noopener\">un bus a \u00e9t\u00e9 incendi\u00e9<\/a>, quatre lyc\u00e9es (Jean-Mac\u00e9, Br\u00e9quigny, Emile-Zola et Co\u00ebtlogon) bloqu\u00e9s ou filtr\u00e9s, le d\u00e9p\u00f4t de bus du STAR bloqu\u00e9, et une manifestation qui a r\u00e9uni plus de 10 000 personnes dans le centre-ville, m\u00eame Rennes, pourtant habitu\u00e9e des mouvements sociaux, a rarement vu \u00e7a.<\/p>\n<p>Des \u00e9l\u00e9ments rompus aux mouvements sociaux<\/p>\n<p>Rare du fait de la diversit\u00e9 des actions et de son ampleur, cette journ\u00e9e \u00ab Bloquons tout \u00bb ne l\u2019est pourtant pas tant que \u00e7a si l\u2019on s\u2019attarde sur ses acteurs. D\u00e8s 6 h 30, aux stations de m\u00e9tros Alma et ViaSilva, ce sont majoritairement des jeunes, certains v\u00eatus de noir, cagoul\u00e9s et issus de mouvements radicaux, qui ont r\u00e9ussi \u00e0 bloquer la rocade sud de 7 h \u00e0 11 h.<\/p>\n<p>Des \u00e9l\u00e9ments rompus aux affrontements avec les forces de l\u2019ordre, pr\u00eats \u00e0 prodiguer des conseils aux moins exp\u00e9riment\u00e9s, comme Camille, \u00e9tudiante, qui s\u2019avouait \u00ab stress\u00e9e \u00bb pour sa \u00ab premi\u00e8re action de cette ampleur \u00bb alors qu\u2019elle faisait face \u00e0 la gendarmerie mobile qui envoyait des bombes lacrymog\u00e8nes sur le pont au-dessus de la rocade. \u00ab Attention \u00e0 vous quand les lacrymog\u00e8nes arriveront, ne les ramassez pas, vous pourriez vous br\u00fbler ou qu\u2019elles vous arrachent la main \u00bb, pouvait-on ainsi entendre au m\u00e9gaphone ce mercredi matin sur la rocade.<\/p>\n<p>Des profils qui, \u00e0 l\u2019instant T, \u00e9cartent un mouvement type Gilets jaunes de 2018, plus spontan\u00e9 et moins encadr\u00e9. Les classes dites populaires et moyennes \u00e9taient, elles, davantage pr\u00e9sentes dans le d\u00e9fil\u00e9, tr\u00e8s suivi, de la mi-journ\u00e9e. Non initi\u00e9e par les syndicats, bien que pr\u00e9sents, cette marche dans le centre-ville a \u00e9t\u00e9 plus festive, plus spontan\u00e9e -en t\u00e9moigne cette fin de manifestation sous les arcades de R\u00e9publique au son d\u2019une fanfare- et anim\u00e9e autant par des \u00e9tudiants que par des familles venues avec leurs enfants et des retrait\u00e9s.<\/p>\n<p>\u00ab Nos dirigeants n\u2019\u00e9coutent pas \u00bb<\/p>\n<p>Des manifestants avec le m\u00eame mot d\u2019ordre : \u00ab On a l\u2019impression que nos dirigeants n\u2019\u00e9coutent pas les revendications des citoyens qui n\u2019en peuvent plus des r\u00e9formes d\u2019aust\u00e9rit\u00e9 qui p\u00e8sent toujours sur les m\u00eames \u00bb, r\u00e9sume Sylvie, 67ans. \u00ab <a href=\"https:\/\/www.letelegramme.fr\/politique\/ruptures-de-sebastien-lecornu-aide-de-francois-bayrou-ce-quils-ont-dit-lors-de-leur-passation-de-pouvoirs-6886610.php\" target=\"_blank\" rel=\"noopener\">Nommer S\u00e9bastien Lecornu<\/a>, un proche de Macron, Premier ministre, c\u2019est se moquer de nous \u00bb, rench\u00e9rit Julien, 21 ans, \u00e9tudiant en \u00e9cole d\u2019ing\u00e9nieur \u00e0 Rennes qui n\u2019avait pas pr\u00e9vu de manifester, ce mercredi. Jusqu\u2019\u00e0 la nomination du nouveau chef du gouvernement. \u00ab Les gens r\u00e9clament quelqu\u2019un de gauche, on n\u2019est pas \u00e9cout\u00e9. \u00bb<\/p>\n<p>Des revendications d\u00e9j\u00e0 vues lors de pr\u00e9c\u00e9dentes manifestations \u00e0 Rennes. Une manifestation qui s\u2019est termin\u00e9e par des affrontements entre ces m\u00eames mouvements radicaux et les forces de l\u2019ordre, place Sainte-Anne, en milieu d\u2019apr\u00e8s-midi. De quoi rappeler les journ\u00e9es tendues de 2023 contre la r\u00e9forme des retraites.<\/p>\n","protected":false},"excerpt":{"rendered":"C\u2019est une journ\u00e9e \u00e0 la fois \u00e0 part et avec un go\u00fbt de d\u00e9j\u00e0-vu qu\u2019a v\u00e9cu Rennes ce&hellip;\n","protected":false},"author":2,"featured_media":380511,"comment_status":"","ping_status":"","sticky":false,"template":"","format":"standard","meta":{"footnotes":""},"categories":[2821],"tags":[1111,11,829,1777,674,1011,27,848,50747,12,584,25],"class_list":{"0":"post-380510","1":"post","2":"type-post","3":"status-publish","4":"format-standard","5":"has-post-thumbnail","7":"category-rennes","8":"tag-actu","9":"tag-actualites","10":"tag-bretagne","11":"tag-eu","12":"tag-europe","13":"tag-fr","14":"tag-france","15":"tag-ille-et-vilaine","16":"tag-mobilisation-du-10-septembre-2025","17":"tag-news","18":"tag-rennes","19":"tag-republique-francaise"},"share_on_mastodon":{"url":"https:\/\/pubeurope.com\/@fr\/115180614741252198","error":""},"_links":{"self":[{"href":"https:\/\/www.europesays.com\/fr\/wp-json\/wp\/v2\/posts\/380510","targetHints":{"allow":["GET"]}}],"collection":[{"href":"https:\/\/www.europesays.com\/fr\/wp-json\/wp\/v2\/posts"}],"about":[{"href":"https:\/\/www.europesays.com\/fr\/wp-json\/wp\/v2\/types\/post"}],"author":[{"embeddable":true,"href":"https:\/\/www.europesays.com\/fr\/wp-json\/wp\/v2\/users\/2"}],"replies":[{"embeddable":true,"href":"https:\/\/www.europesays.com\/fr\/wp-json\/wp\/v2\/comments?post=380510"}],"version-history":[{"count":0,"href":"https:\/\/www.europesays.com\/fr\/wp-json\/wp\/v2\/posts\/380510\/revisions"}],"wp:featuredmedia":[{"embeddable":true,"href":"https:\/\/www.europesays.com\/fr\/wp-json\/wp\/v2\/media\/380511"}],"wp:attachment":[{"href":"https:\/\/www.europesays.com\/fr\/wp-json\/wp\/v2\/media?parent=380510"}],"wp:term":[{"taxonomy":"category","embeddable":true,"href":"https:\/\/www.europesays.com\/fr\/wp-json\/wp\/v2\/categories?post=380510"},{"taxonomy":"post_tag","embeddable":true,"href":"https:\/\/www.europesays.com\/fr\/wp-json\/wp\/v2\/tags?post=380510"}],"curies":[{"name":"wp","href":"https:\/\/api.w.org\/{rel}","templated":true}]}}