{"id":380512,"date":"2025-09-10T15:04:21","date_gmt":"2025-09-10T15:04:21","guid":{"rendered":"https:\/\/www.europesays.com\/fr\/380512\/"},"modified":"2025-09-10T15:04:21","modified_gmt":"2025-09-10T15:04:21","slug":"le-tribunal-administratif-de-strasbourg-autorise-le-recours-aux-drones","status":"publish","type":"post","link":"https:\/\/www.europesays.com\/fr\/380512\/","title":{"rendered":"le tribunal administratif de Strasbourg autorise le recours aux drones"},"content":{"rendered":"<p>Les pr\u00e9fets du Bas-Rhin et de la Moselle ont tous deux pris un arr\u00eat\u00e9 autorisant l\u2019usage, par les forces de l\u2019ordre, dans des p\u00e9rim\u00e8tres g\u00e9ographiques d\u00e9finis, de drones \u00ab\u00a0\u00e9quip\u00e9s de cam\u00e9ras de surveillance lors des manifestations\u00a0\u00bb du mouvement \u00ab\u00a0Bloquons tout\u00a0\u00bb ce mercredi.<\/p>\n<p>Le juge des r\u00e9f\u00e9r\u00e9s du tribunal administratif de Strasbourg a \u00e9t\u00e9 saisi de deux recours en \u00ab\u00a0r\u00e9f\u00e9r\u00e9-libert\u00e9\u00a0\u00bb contre ces arr\u00eat\u00e9s, recours d\u00e9pos\u00e9s par le syndicat des avocat.e.s de France (SAF), le syndicat de la magistrature (SM) et l\u2019association de d\u00e9fense des libert\u00e9s constitutionnelles (Adelico) Ce type de recours permet au juge de prendre en urgence des mesures \u00ab\u00a0pour pr\u00e9server l\u2019exercice d\u2019une libert\u00e9 fondamentale lorsqu\u2019une atteinte grave et manifestement ill\u00e9gale y est port\u00e9e par l\u2019administration\u00a0\u00bb. Le juge doit s\u2019assurer que cette mesure de surveillance est \u00ab\u00a0bien n\u00e9cessaire et proportionn\u00e9e\u00a0\u00bb.<\/p>\n<p>L&rsquo;arr\u00eat\u00e9 valid\u00e9 dans le Bas-Rhin, mais retoqu\u00e9 en Moselle<\/p>\n<p>Notant que l\u2019arr\u00eat\u00e9 du pr\u00e9fet du Bas-Rhin reste circonscrit \u00e0 un p\u00e9rim\u00e8tre g\u00e9ographique bien limit\u00e9 et cartographi\u00e9, dans lequel des d\u00e9bordements ont d\u00e9j\u00e0 eu lieu dans le pass\u00e9, le juge a convenu qu\u2019il faut aux forces de l\u2019ordre \u00ab\u00a0pouvoir disposer d\u2019une vision globale permettant de d\u00e9celer rapidement toute d\u00e9gradation ou mouvement de foule et orienter les interventions des services de s\u00e9curit\u00e9\u00a0\u00bb.<\/p>\n<p>Le juge a estim\u00e9 en revanche que l\u2019arr\u00eat\u00e9 du pr\u00e9fet de Moselle portait, de mani\u00e8re g\u00e9n\u00e9rale et sans justification de la r\u00e9alit\u00e9 du risque, sur une zone de survol tr\u00e8s large s\u2019\u00e9tendant aux communes de Metz, Longeville-l\u00e8s-Metz, Montigny-l\u00e8s-Metz, Scy-Chazelles, Le Ban-Saint-Martin, Plappeville, Woippy, Saint-Julien-l\u00e8s-Metz. \u00ab\u00a0Le pr\u00e9fet n\u2019apportait ainsi pas la preuve que les objectifs de maintien de l\u2019ordre ne pouvaient \u00eatre atteints sans recourir \u00e0 l\u2019utilisation des drones\u00a0\u00bb, souligne le tribunal administratif.<\/p>\n<p>L\u2019arr\u00eat\u00e9 du pr\u00e9fet de Moselle a donc \u00e9t\u00e9 suspendu. En revanche, l\u2019usage de drones par les forces de l\u2019ordre dans le cadre des manifestations de ce mercredi est autoris\u00e9 \u00e0 Strasbourg.<\/p>\n<p>Des manifestations sont pr\u00e9vues ce mercredi \u00e0 Strasbourg (d\u00e9part \u00e0 14 h de la place Kl\u00e9ber) et \u00e0 Mulhouse (d\u00e9part \u00e0 14 h du square de la Bourse). \u00c0 Colmar, un rassemblement est pr\u00e9vu \u00e0 11 h au kiosque du Champ de Mars pour d\u00e9battre d\u2019une action collective \u00e0 suivre.<\/p>\n<p>D\u2019autres rassemblements sont programm\u00e9s: \u00e0 Saverne, place de la Gare, avant un convoi prenant la route vers Strasbourg ; \u00e0 S\u00e9lestat \u00e0 10h, place d\u2019Armes ; devant le si\u00e8ge de la CEA, place du Quartier-Blanc \u00e0 Strasbourg, o\u00f9 un \u00abbal des indign\u00e9s\u00bb pourrait se tenir ; au rond-point de Kingersheim d\u00e8s 9h.<\/p>\n<p>Le collectif \u00ab\u00a0Mobilisation Val d&rsquo;Argent\u00a0\u00bb\u00a0de son c\u00f4t\u00e9 a annonc\u00e9 mardi soir que son action de mercredi 10 septembre aura lieu \u00e0 partir de 16h30 au rond point de l&rsquo;entr\u00e9e du contournement de Ch\u00e2tenois, \u00e0 la convergence des routes de la vall\u00e9e de Vill\u00e9 et du Val d&rsquo;Argent. Un covoiturage est organis\u00e9 depuis Sainte-Marie-aux-Mines, parking de Corne &amp; Caotte \u00e0 16h.<\/p>\n<p>Mais le mouvement \u201cBloquons tout\u201d, par d\u00e9finition, ne peut se contenter de manifester : chacun a encore en t\u00eate l\u2019\u00e9chec des <a href=\"https:\/\/www.dna.fr\/social\/2025\/06\/05\/un-millier-de-manifestants-pour-les-retraites-l-emploi-et-les-salaires\" target=\"_blank\" rel=\"nofollow noopener\">mobilisations syndicales contre la derni\u00e8re r\u00e9forme des retraites<\/a>. Sont notamment envisag\u00e9s la perturbation du trafic routier sur les rocades des grandes agglom\u00e9rations et ferroviaire aux environs des gares, des blocages de caisses dans des hypermarch\u00e9s, des blocages de d\u00e9p\u00f4ts p\u00e9troliers, des op\u00e9rations \u201cp\u00e9age gratuit\u201d sur les autoroutes\u2026 \u00c0 Strasbourg, rendez-vous est donn\u00e9 pour un \u00ab \u00e9chauffement \u00bb \u00e0 l\u2019arr\u00eat de tram Montagne-Verte d\u00e8s 7 h.<\/p>\n<p>Dans l\u2019agglom\u00e9ration strasbourgeoise, les commissariats de secteur seront ferm\u00e9s afin de concentrer les forces sur la s\u00e9curisation du mouvement \u00ab Bloquons tout \u00bb. Les commer\u00e7ants se trouvant sur le parcours des manifestations ont \u00e9t\u00e9 sensibilis\u00e9s par les forces de l\u2019ordre. D\u00e8s ce mardi matin, plusieurs magasins strasbourgeois ont pos\u00e9 des panneaux de bois pour prot\u00e9ger leurs vitrines. Des sources polici\u00e8res indiquent qu\u2019une attention particuli\u00e8re sera port\u00e9e aux \u00e9ventuels blocages d\u2019\u00e9tablissements scolaires, de zones commerciales (\u00e0 l\u2019instar du Kaligone \u00e0 Kingersheim), d\u2019autoroutes ou de d\u00e9p\u00f4ts de transports en commun. La semaine de session du Parlement europ\u00e9en complique la chose \u00e0 Strasbourg, o\u00f9 ils seront au moins 150 policiers, \u00e9paul\u00e9s par des unit\u00e9s mobiles. AMulhouse, \u00abun maximum d\u2019effectifs\u00bb seront d\u00e9ploy\u00e9s, des personnels en repos \u00e9tant rappel\u00e9s.<\/p>\n<p>De leur c\u00f4t\u00e9, les militants syndicaux ralli\u00e9s au mouvement citoyen ces derni\u00e8res semaines insistent sur l\u2019importance de la gr\u00e8ve. \u00ab Ce n\u2019est pas en restant chez nous ou en ne se servant pas de nos cartes de cr\u00e9dit [autres \u201cactions\u201d \u00e9voqu\u00e9es sur les r\u00e9seaux sociaux, NDLR] que l\u2019on va r\u00e9ussir \u00e0 destituer Macron. Il faut comprendre que ce droit constitutionnel qu\u2019est la gr\u00e8ve, c\u2019est celui qui nous expose le moins \u00e0 la r\u00e9pression, c\u2019est aussi le moyen plus efficace de bloquer le pays \u00bb, a plaid\u00e9 Mathieu Relin, \u00e9lu Grand Est de Sud Rail \u00e0 la SNCF, samedi devant le collectif haut-rhinois.<\/p>\n","protected":false},"excerpt":{"rendered":"Les pr\u00e9fets du Bas-Rhin et de la Moselle ont tous deux pris un arr\u00eat\u00e9 autorisant l\u2019usage, par les&hellip;\n","protected":false},"author":2,"featured_media":380389,"comment_status":"","ping_status":"","sticky":false,"template":"","format":"standard","meta":{"footnotes":""},"categories":[2820],"tags":[1111,11,2389,9671,2880,1777,674,274,107,1011,27,775,12,25,801,640],"class_list":{"0":"post-380512","1":"post","2":"type-post","3":"status-publish","4":"format-standard","5":"has-post-thumbnail","7":"category-strasbourg","8":"tag-actu","9":"tag-actualites","10":"tag-alsace","11":"tag-conflit-social","12":"tag-edition-strasbourg","13":"tag-eu","14":"tag-europe","15":"tag-faits-divers-justice","16":"tag-fil-info","17":"tag-fr","18":"tag-france","19":"tag-grand-est","20":"tag-news","21":"tag-republique-francaise","22":"tag-social","23":"tag-strasbourg"},"share_on_mastodon":{"url":"https:\/\/pubeurope.com\/@fr\/115180619366937832","error":""},"_links":{"self":[{"href":"https:\/\/www.europesays.com\/fr\/wp-json\/wp\/v2\/posts\/380512","targetHints":{"allow":["GET"]}}],"collection":[{"href":"https:\/\/www.europesays.com\/fr\/wp-json\/wp\/v2\/posts"}],"about":[{"href":"https:\/\/www.europesays.com\/fr\/wp-json\/wp\/v2\/types\/post"}],"author":[{"embeddable":true,"href":"https:\/\/www.europesays.com\/fr\/wp-json\/wp\/v2\/users\/2"}],"replies":[{"embeddable":true,"href":"https:\/\/www.europesays.com\/fr\/wp-json\/wp\/v2\/comments?post=380512"}],"version-history":[{"count":0,"href":"https:\/\/www.europesays.com\/fr\/wp-json\/wp\/v2\/posts\/380512\/revisions"}],"wp:featuredmedia":[{"embeddable":true,"href":"https:\/\/www.europesays.com\/fr\/wp-json\/wp\/v2\/media\/380389"}],"wp:attachment":[{"href":"https:\/\/www.europesays.com\/fr\/wp-json\/wp\/v2\/media?parent=380512"}],"wp:term":[{"taxonomy":"category","embeddable":true,"href":"https:\/\/www.europesays.com\/fr\/wp-json\/wp\/v2\/categories?post=380512"},{"taxonomy":"post_tag","embeddable":true,"href":"https:\/\/www.europesays.com\/fr\/wp-json\/wp\/v2\/tags?post=380512"}],"curies":[{"name":"wp","href":"https:\/\/api.w.org\/{rel}","templated":true}]}}