{"id":380513,"date":"2025-09-10T15:05:10","date_gmt":"2025-09-10T15:05:10","guid":{"rendered":"https:\/\/www.europesays.com\/fr\/380513\/"},"modified":"2025-09-10T15:05:10","modified_gmt":"2025-09-10T15:05:10","slug":"decouvrez-les-images-de-la-manifestation","status":"publish","type":"post","link":"https:\/\/www.europesays.com\/fr\/380513\/","title":{"rendered":"d\u00e9couvrez les images de la manifestation"},"content":{"rendered":"<p>            Par<br \/>\n        <strong><br \/>\n            <a href=\"https:\/\/actu.fr\/auteur\/ivan-capecchi\" title=\"Consulter tous les articles de Ivan CAPECCHI\" target=\"_blank\" rel=\"noopener\">Ivan CAPECCHI<\/a><br \/>\n        <\/strong><\/p>\n<p>        Publi\u00e9 le<\/p>\n<p>            10 sept. 2025 \u00e0 16h44        <\/p>\n<p>\u00c0 <strong>Strasbourg<\/strong>, l\u2019appel du <strong>mouvement \u00ab Bloquons tout \u00bb<\/strong> a trouv\u00e9 un large \u00e9cho ce <strong>mercredi 10 septembre<\/strong>. Parti \u00e0 14h de la <strong>place Kl\u00e9ber<\/strong>, le cort\u00e8ge a r\u00e9uni <strong>plusieurs milliers de personnes<\/strong> dans les rues du centre-ville. <strong>Syndicats<\/strong>, <strong>\u00e9tudiants<\/strong>, <strong>collectifs<\/strong> et <strong>habitants<\/strong> d\u00e9filent c\u00f4te \u00e0 c\u00f4te, dans une ambiance festive mais revendicative.\u00a0<\/p>\n<blockquote class=\"tiktok-embed\" cite=\"https:\/\/www.tiktok.com\/@lorraine.actu\/video\/7548460893894364438\" data-video-id=\"7548460893894364438\" data-embed-from=\"oembed\" style=\"max-width:605px; min-width:325px;\"><p>\n<a target=\"_blank\" title=\"@lorraine.actu\" href=\"https:\/\/www.tiktok.com\/@lorraine.actu?refer=embed\" rel=\"noopener\">@lorraine.actu<\/a> <\/p>\n<p>\u00c0 Strasbourg, l\u2019appel du mouvement \u00ab Bloquons tout \u00bb a \u00e9t\u00e9 largement suivi ce mercredi 10 septembre. La manifestation, partie \u00e0 14h de la place Kl\u00e9ber, a rassembl\u00e9 une foule dense dans les rues du centre-ville. \u00c9tudiants, syndicats, collectifs et simples citoyens d\u00e9filent c\u00f4te \u00e0 c\u00f4te, dans une ambiance festive mais revendicative. <a title=\"bloquonstout\" target=\"_blank\" href=\"https:\/\/www.tiktok.com\/tag\/bloquonstout?refer=embed\" rel=\"noopener\">#bloquonstout<\/a> <a title=\"10septembre\" target=\"_blank\" href=\"https:\/\/www.tiktok.com\/tag\/10septembre?refer=embed\" rel=\"noopener\">#10septembre<\/a> <a title=\"strasbourg\" target=\"_blank\" href=\"https:\/\/www.tiktok.com\/tag\/strasbourg?refer=embed\" rel=\"noopener\">#Strasbourg<\/a> <\/p>\n<p> <a target=\"_blank\" title=\"\u266c son original - Lorraine Actu\" href=\"https:\/\/www.tiktok.com\/music\/son-original-7548460896612289302?refer=embed\" rel=\"noopener\">\u266c son original \u2013 Lorraine Actu<\/a> <\/p>\n<\/blockquote>\n<p>La nomination de S\u00e9bastien Lecornu au poste de premier ministre ne passe pas<\/p>\n<p class=\" wall-content\">\u00ab\u00a0On est l\u00e0 pour que Macron d\u00e9gage. <strong>Il y a un gros d\u00e9ni de d\u00e9mocratie<\/strong>. Chaque nouvelle semaine, il nous met un premier ministre plus \u00e0 droite que le pr\u00e9c\u00e9dent, et \u00e7a on n\u2019en veut pas\u00a0\u00bb, d\u00e9plore Emmanuel, 31 ans, enseignant.<\/p>\n<p class=\" wall-content\">La d\u00e9cision d\u2019Emmanuel Macron de <a href=\"https:\/\/actu.fr\/politique\/sebastien-lecornu-nomme-premier-ministre-quand-sera-forme-le-nouveau-gouvernement_63140082.html\" target=\"_blank\" rel=\"noopener\">nommer S\u00e9bastien Lecornu au poste de premier ministre<\/a> a <strong>suscit\u00e9 de vives critiques dans la classe politique<\/strong>. Plusieurs responsables, \u00e0 gauche comme \u00e0 droite, ont d\u00e9nonc\u00e9 un <strong>choix marqu\u00e9 par la continuit\u00e9<\/strong> plut\u00f4t que par l\u2019ouverture, estimant qu\u2019il ne r\u00e9pond pas aux attentes de renouvellement. De son c\u00f4t\u00e9, <a href=\"https:\/\/actu.fr\/grand-est\/strasbourg_67482\/municipales-2026-jeanne-barseghian-maire-de-strasbourg-candidate-a-sa-reelection_62866356.html\" target=\"_blank\" rel=\"noopener\">Jeanne Barseghian<\/a>, la maire Les Ecologistes de Strasbourg, pr\u00e9sente en d\u00e9but de manifestation ce mercredi, avait appel\u00e9 \u00e0 un \u00ab\u00a0<strong>gouvernement v\u00e9ritablement l\u00e9gitime, de gauche, \u00e9cologiste et solidaire<\/strong>\u00a0\u00bb \u00e0 la suite de la chute de ce dernier.<\/p>\n<blockquote class=\"tiktok-embed\" cite=\"https:\/\/www.tiktok.com\/@lorraine.actu\/video\/7548443890483875094\" data-video-id=\"7548443890483875094\" data-embed-from=\"oembed\" style=\"max-width:605px; min-width:325px;\"><p>\n<a target=\"_blank\" title=\"@lorraine.actu\" href=\"https:\/\/www.tiktok.com\/@lorraine.actu?refer=embed\" rel=\"noopener\">@lorraine.actu<\/a> <\/p>\n<p>Le 10 septembre 2025, la mobilisation \u00ab Bloquons tout \u00bb se d\u00e9ploie partout en France. Des milliers de personnes descendent dans les rues, organisent des cort\u00e8ges et bloquent routes, gares ou axes strat\u00e9giques. Les transports sont perturb\u00e9s, les rassemblements se multiplient \u00e0 Strasbourg, Metz, Nancy ou Paris. \u00c9tudiants, salari\u00e9s et citoyens expriment leur col\u00e8re face au gouvernement. <a title=\"bloquonstout\" target=\"_blank\" href=\"https:\/\/www.tiktok.com\/tag\/bloquonstout?refer=embed\" rel=\"noopener\">#bloquonstout<\/a> <a title=\"strasbourg\" target=\"_blank\" href=\"https:\/\/www.tiktok.com\/tag\/strasbourg?refer=embed\" rel=\"noopener\">#Strasbourg<\/a> <\/p>\n<p> <a target=\"_blank\" title=\"\u266c son original - Lorraine Actu\" href=\"https:\/\/www.tiktok.com\/music\/son-original-7548443893324024598?refer=embed\" rel=\"noopener\">\u266c son original \u2013 Lorraine Actu<\/a> <\/p>\n<\/blockquote>\n<p>\u00ab\u00a0Ras-le-bol g\u00e9n\u00e9ral\u00a0\u00bb<\/p>\n<p class=\" wall-content\">\u00ab\u00a0Si la R\u00e9publique avait \u00e9t\u00e9 respect\u00e9e, on aurait un gouvernement de gauche\u00a0\u00bb, poursuit Lauriane, 36 ans, fonctionnaire, qui d\u00e9crit un \u00ab\u00a0<strong>ras-le-bol g\u00e9n\u00e9ral<\/strong>\u00ab\u00a0. Aux <strong>l\u00e9gislatives anticip\u00e9es de l\u2019\u00e9t\u00e9 2024<\/strong>,<strong> le Nouveau Front populaire s\u2019\u00e9tait impos\u00e9<\/strong>, devant la coalition pr\u00e9sidentielle et le <a href=\"https:\/\/actu.fr\/tag\/rassemblement-national-rn\" target=\"_blank\" rel=\"noopener\">Rassemblement national<\/a>.<\/p>\n<p>Votre r\u00e9gion, votre actu !<\/p>\n<p>Recevez chaque jour les infos qui comptent pour vous.<\/p>\n<p>\t<a href=\"https:\/\/actu.fr\/newsletter\" class=\"ac-btn ac-btn--corner ac-btn--medium ac-btn--blue800\" target=\"_blank\" rel=\"noopener\">S&rsquo;incrire<\/a><\/p>\n<p class=\" wall-content\">\u00ab\u00a0<strong>On en a marre de ce gouvernement<\/strong>\u00ab\u00a0, r\u00e9sume Amin, 56 ans, artiste.\u00a0<\/p>\n<p>\u00ab\u00a0Bloquons tout\u00a0\u00bb : plusieurs perturbations ce mercredi \u00e0 Strasbourg<\/p>\n<p class=\" wall-content\">A Strasbourg comme ailleurs, la mobilisation du 10 septembre a entra\u00een\u00e9 de nombreuses <strong>perturbations<\/strong>, que ce soit sur le <a href=\"https:\/\/actu.fr\/grand-est\/strasbourg_67482\/mouvement-de-greve-du-10-septembre-les-trams-et-les-bus-perturbes-a-strasbourg-voici-le-detail_63132166.html\" target=\"_blank\" rel=\"noopener\">r\u00e9seau CTS<\/a>, au niveau du <a href=\"https:\/\/actu.fr\/societe\/blocage-du-10-septembre-le-trafic-sncf-perturbe-en-alsace-voici-les-lignes-concernees_63137618.html\" target=\"_blank\" rel=\"noopener\">trafic SNCF<\/a>, ou des march\u00e9s qui ont d\u00fb fermer plus t\u00f4t.<\/p>\n<p class=\" wall-content\">Par ailleurs, des <a href=\"https:\/\/actu.fr\/grand-est\/strasbourg_67482\/blocage-du-10-septembre-plusieurs-commissariats-fermes-ce-mercredi-a-strasbourg-voici-lesquels_63134828.html\" target=\"_blank\" rel=\"noopener\">commissariats de police sont rest\u00e9s portes closes<\/a> ce mercredi, et des <a href=\"https:\/\/actu.fr\/grand-est\/strasbourg_67482\/volotea-3-vols-annules-depuis-l-aeroport-de-strasbourg-a-cause-d-un-mouvement-de-greve_63142283.html\" target=\"_blank\" rel=\"noopener\">vols Volotea ont \u00e9t\u00e9 annul\u00e9s<\/a> depuis l\u2019a\u00e9roport de Strasbourg, en lien avec la gr\u00e8ve des contr\u00f4leurs a\u00e9riens.<\/p>\n<p class=\" wall-content\">Personnalisez votre actualit\u00e9 en ajoutant vos villes et m\u00e9dias en favori avec <a href=\"https:\/\/moncompte.actu.fr\" title=\"D\u00e9couvez Mon Actu\" rel=\"nofollow noopener\" data-trk=\"{&quot;cta&quot;:{&quot;action&quot;:&quot;https:\\\/\\\/moncompte.actu.fr&quot;,&quot;category&quot;:&quot;mon compte&quot;,&quot;from&quot;:&quot;article footer&quot;,&quot;name&quot;:&quot;Mon actu&quot;,&quot;type&quot;:&quot;cta&quot;}}\" target=\"_blank\">Mon Actu<\/a>.<\/p>\n<p>                    <script async src=\"\/\/www.tiktok.com\/embed.js\"><\/script><\/p>\n","protected":false},"excerpt":{"rendered":"Par Ivan CAPECCHI Publi\u00e9 le 10 sept. 2025 \u00e0 16h44 \u00c0 Strasbourg, l\u2019appel du mouvement \u00ab Bloquons tout&hellip;\n","protected":false},"author":2,"featured_media":380514,"comment_status":"","ping_status":"","sticky":false,"template":"","format":"standard","meta":{"footnotes":""},"categories":[2820],"tags":[1111,11,1073,1777,674,1011,27,775,1272,12,25,11067,104,640],"class_list":{"0":"post-380513","1":"post","2":"type-post","3":"status-publish","4":"format-standard","5":"has-post-thumbnail","7":"category-strasbourg","8":"tag-actu","9":"tag-actualites","10":"tag-emmanuel-macron","11":"tag-eu","12":"tag-europe","13":"tag-fr","14":"tag-france","15":"tag-grand-est","16":"tag-manifestations","17":"tag-news","18":"tag-republique-francaise","19":"tag-sebastien-lecornu","20":"tag-societe","21":"tag-strasbourg"},"share_on_mastodon":{"url":"https:\/\/pubeurope.com\/@fr\/115180622479972702","error":""},"_links":{"self":[{"href":"https:\/\/www.europesays.com\/fr\/wp-json\/wp\/v2\/posts\/380513","targetHints":{"allow":["GET"]}}],"collection":[{"href":"https:\/\/www.europesays.com\/fr\/wp-json\/wp\/v2\/posts"}],"about":[{"href":"https:\/\/www.europesays.com\/fr\/wp-json\/wp\/v2\/types\/post"}],"author":[{"embeddable":true,"href":"https:\/\/www.europesays.com\/fr\/wp-json\/wp\/v2\/users\/2"}],"replies":[{"embeddable":true,"href":"https:\/\/www.europesays.com\/fr\/wp-json\/wp\/v2\/comments?post=380513"}],"version-history":[{"count":0,"href":"https:\/\/www.europesays.com\/fr\/wp-json\/wp\/v2\/posts\/380513\/revisions"}],"wp:featuredmedia":[{"embeddable":true,"href":"https:\/\/www.europesays.com\/fr\/wp-json\/wp\/v2\/media\/380514"}],"wp:attachment":[{"href":"https:\/\/www.europesays.com\/fr\/wp-json\/wp\/v2\/media?parent=380513"}],"wp:term":[{"taxonomy":"category","embeddable":true,"href":"https:\/\/www.europesays.com\/fr\/wp-json\/wp\/v2\/categories?post=380513"},{"taxonomy":"post_tag","embeddable":true,"href":"https:\/\/www.europesays.com\/fr\/wp-json\/wp\/v2\/tags?post=380513"}],"curies":[{"name":"wp","href":"https:\/\/api.w.org\/{rel}","templated":true}]}}