{"id":380515,"date":"2025-09-10T15:06:11","date_gmt":"2025-09-10T15:06:11","guid":{"rendered":"https:\/\/www.europesays.com\/fr\/380515\/"},"modified":"2025-09-10T15:06:11","modified_gmt":"2025-09-10T15:06:11","slug":"a-nice-ces-etudiants-denoncent-la-perturbation-des-campus-et-appellent-a-un-acces-protege-malgre-les-manifestations","status":"publish","type":"post","link":"https:\/\/www.europesays.com\/fr\/380515\/","title":{"rendered":"\u00e0 Nice, ces \u00e9tudiants d\u00e9noncent la perturbation des campus et appellent \u00e0 un acc\u00e8s prot\u00e9g\u00e9 malgr\u00e9 les manifestations"},"content":{"rendered":"<p><strong>\u00c0 Nice, le mouvement national \u00ab\u00a0Bloquons tout\u00a0\u00bb a\u00a0conduit mercredi \u00e0\u00a0la fermeture de deux campus univer\u00adsi\u00adtaires, emp\u00eachant des centaines d\u2019\u00e9tudiants de suivre leurs cours. La FACE 06, premi\u00e8re f\u00e9d\u00e9ration estudiante du d\u00e9par\u00adtement, alerte sur les d\u00e9rives de ces actions qui p\u00e9nalisent avant tout les jeunes.<\/strong><\/p>\n<p><strong>En bref &#8211; <\/strong>D\u00e8s le matin, le climat s\u2019est tendu. Carlone a\u00a0d\u2019abord \u00e9t\u00e9 ferm\u00e9 par mesure de pr\u00e9caution ce 10 septembre, avant que les manifes\u00adtants ne d\u00e9placent leur action vers Valrose, qui a\u00a0d\u00fb lui aussi fermer ses portes. R\u00e9sultat\u00a0: une partie des jeunes s\u2019est retrouv\u00e9e emp\u00each\u00e9e de bosser.<\/p>\n<p>Au-\u200bdel\u00e0 du symbole, ces ferme\u00adtures cr\u00e9ent un v\u00e9ritable casse-\u200bt\u00eate. Cours suspendus, services perturb\u00e9s (avec un risque sur la restau\u00adration CROUS, qui p\u00e8serait sur les plus pr\u00e9caires): les \u00e9tudiants subissent les effets imm\u00e9diats de ce bras de\u00a0fer.\u00a0<\/p>\n<p>Le droit de manifester n\u2019est pas contest\u00e9, mais son exercice ne saurait primer sur celui d\u2019\u00e9tudier\u00a0: la FACE 06 rappelle dans un commu\u00adniqu\u00e9 que l\u2019universit\u00e9 doit rester un lieu ouvert, accueillant, garant de l\u2019\u00e9galit\u00e9 des chances. Pour l\u2019organisation, la libert\u00e9 d\u2019expression et la mobili\u00adsation doivent trouver leur place\u2026 sans pour autant p\u00e9naliser des milliers d\u2019apprenants.<\/p>\n<p>L\u2019organisation insiste sur l\u2019importance d\u2019un \u00e9quilibre\u00a0: d\u00e9fendre ses id\u00e9es, oui, mais pas au d\u00e9triment de ceux qui souhaitent travailler, pr\u00e9parer leurs dipl\u00f4mes ou simplement acc\u00e9der aux services de base.  Depuis plusieurs ann\u00e9es, la f\u00e9d\u00e9ration \u00ab\u00a0se bat pour que les \u00e9tablis\u00adse\u00adments restent ouverts en toutes circonstances\u00a0\u00bb.\u00a0<\/p>\n","protected":false},"excerpt":{"rendered":"\u00c0 Nice, le mouvement national \u00ab\u00a0Bloquons tout\u00a0\u00bb a\u00a0conduit mercredi \u00e0\u00a0la fermeture de deux campus univer\u00adsi\u00adtaires, emp\u00eachant des centaines&hellip;\n","protected":false},"author":2,"featured_media":380516,"comment_status":"","ping_status":"","sticky":false,"template":"","format":"standard","meta":{"footnotes":""},"categories":[2819],"tags":[1111,11,1777,674,1011,27,12,2401,882,25],"class_list":{"0":"post-380515","1":"post","2":"type-post","3":"status-publish","4":"format-standard","5":"has-post-thumbnail","7":"category-nice","8":"tag-actu","9":"tag-actualites","10":"tag-eu","11":"tag-europe","12":"tag-fr","13":"tag-france","14":"tag-news","15":"tag-nice","16":"tag-provence-alpes-cote-dazur","17":"tag-republique-francaise"},"share_on_mastodon":{"url":"","error":""},"_links":{"self":[{"href":"https:\/\/www.europesays.com\/fr\/wp-json\/wp\/v2\/posts\/380515","targetHints":{"allow":["GET"]}}],"collection":[{"href":"https:\/\/www.europesays.com\/fr\/wp-json\/wp\/v2\/posts"}],"about":[{"href":"https:\/\/www.europesays.com\/fr\/wp-json\/wp\/v2\/types\/post"}],"author":[{"embeddable":true,"href":"https:\/\/www.europesays.com\/fr\/wp-json\/wp\/v2\/users\/2"}],"replies":[{"embeddable":true,"href":"https:\/\/www.europesays.com\/fr\/wp-json\/wp\/v2\/comments?post=380515"}],"version-history":[{"count":0,"href":"https:\/\/www.europesays.com\/fr\/wp-json\/wp\/v2\/posts\/380515\/revisions"}],"wp:featuredmedia":[{"embeddable":true,"href":"https:\/\/www.europesays.com\/fr\/wp-json\/wp\/v2\/media\/380516"}],"wp:attachment":[{"href":"https:\/\/www.europesays.com\/fr\/wp-json\/wp\/v2\/media?parent=380515"}],"wp:term":[{"taxonomy":"category","embeddable":true,"href":"https:\/\/www.europesays.com\/fr\/wp-json\/wp\/v2\/categories?post=380515"},{"taxonomy":"post_tag","embeddable":true,"href":"https:\/\/www.europesays.com\/fr\/wp-json\/wp\/v2\/tags?post=380515"}],"curies":[{"name":"wp","href":"https:\/\/api.w.org\/{rel}","templated":true}]}}