{"id":380517,"date":"2025-09-10T15:07:10","date_gmt":"2025-09-10T15:07:10","guid":{"rendered":"https:\/\/www.europesays.com\/fr\/380517\/"},"modified":"2025-09-10T15:07:10","modified_gmt":"2025-09-10T15:07:10","slug":"un-orage-dune-ampleur-inattendue-eclate-la-grele-tombe-soudainement","status":"publish","type":"post","link":"https:\/\/www.europesays.com\/fr\/380517\/","title":{"rendered":"un orage \u00ab\u00a0d&rsquo;une ampleur inattendue\u00a0\u00bb \u00e9clate, la gr\u00eale tombe soudainement"},"content":{"rendered":"<p>            Par<br \/>\n        <strong><br \/>\n            <a href=\"https:\/\/actu.fr\/auteur\/manon-reinhardt\" title=\"Consulter tous les articles de Manon Reinhardt\" target=\"_blank\" rel=\"noopener\">Manon Reinhardt<\/a><br \/>\n        <\/strong><\/p>\n<p>        Publi\u00e9 le<\/p>\n<p>            10 sept. 2025 \u00e0 16h14        <\/p>\n<p>On ne s\u2019y attendait pas du tout. Ce mercredi 10\u00a0septembre 2025, un spectaculaire orage a \u00e9clat\u00e9 dans le ciel de <a href=\"https:\/\/actu.fr\/provence-alpes-cote-d-azur\/nice_06088\" target=\"_blank\" rel=\"noopener\">Nice<\/a> (<a href=\"https:\/\/actu.fr\/provence-alpes-cote-d-azur\/alpes-maritimes_06\" target=\"_blank\" rel=\"noopener\">Alpes-Maritimes<\/a>) et a stationn\u00e9 pendant plus d\u2019une heure. La pluie s\u2019est accompagn\u00e9e<strong> d\u2019impressionnants gr\u00ealons<\/strong> et d\u2019impacts de foudre.<\/p>\n<p class=\" wall-content\">Le m\u00e9t\u00e9orologue Guillaume S\u00e9chet, fondateur de <a href=\"https:\/\/www.meteo-villes.com\/\" target=\"_blank\" rel=\"noopener\">m\u00e9t\u00e9o-villes.com<\/a>, \u00e9voque un \u00e9pisode qui s\u2019est soudainement form\u00e9 et d\u2019une \u00ab\u2009ampleur inattendue\u2009\u00bb.<\/p>\n<p>100\u00a0mm de pluie \u00e0 l\u2019ouest de Nice<\/p>\n<p class=\" wall-content\">Un \u00e9norme orage s\u2019est abattu sur la capitale azur\u00e9enne aux alentours de 14h ce mercredi apr\u00e8s-midi. La pluie est tomb\u00e9e <strong>de mani\u00e8re intense<\/strong>, avec de la gr\u00eale en plein centre-ville.<\/p>\n<p class=\" wall-content\">La pr\u00e9cipitation, qui \u00ab\u2009s\u2019est form\u00e9e d\u2019un seul coup\u2009\u00bb, selon le sp\u00e9cialiste Guillaume S\u00e9chet, est rest\u00e9e stationn\u00e9e dans le ciel pendant plus d\u2019une heure. Elle a \u00e9galement pris \u00ab\u2009une ampleur inattendue\u2009\u00bb.<\/p>\n<p class=\" wall-content\">\n<p class=\" wall-content\">\u00ab\u2009On peut estimer \u00e0 <strong>100\u00a0mm<\/strong> la lame d\u2019eau tomb\u00e9e au nord-ouest de Nice\u2009\u00bb, estime le m\u00e9t\u00e9orologue.<\/p>\n<p>Des gr\u00ealons impressionnants<\/p>\n<p class=\" wall-content\">La gr\u00eale s\u2019est av\u00e9r\u00e9e quelque peu impressionnante. Selon le compte Facebook <a href=\"https:\/\/www.facebook.com\/NiceMeteo\" target=\"_blank\" rel=\"noopener\">Nice M\u00e9t\u00e9o<\/a>, 303 \u00e9clairs ont \u00e9galement \u00e9t\u00e9 recens\u00e9s dont 130 \u00e0 Nice. Il serait tomb\u00e9 deux mois de pluie en seulement une heure.<\/p>\n<p class=\" wall-content\">\n<p class=\" wall-content\">\n<p>    <a href=\"https:\/\/www.facebook.com\/plugins\/post.php?href=https%3A%2F%2Fwww.facebook.com%2FmeteoCA%2Fposts%2Fpfbid0ffPJJNydLgp7Dro36XqsCLBXMvt9SxC8hSTxBN3yYnBtcAyhkzUA4k1GQ5TXHDdFl&amp;show_text=true&amp;width=350\" title=\"Ouvrie le lien\" target=\"_blank\" rel=\"noopener\">Cliquez ici pour visualiser le contenu<\/a><\/p>\n<p>Votre r\u00e9gion, votre actu !<\/p>\n<p>Recevez chaque jour les infos qui comptent pour vous.<\/p>\n<p>\t<a href=\"https:\/\/actu.fr\/newsletter\" class=\"ac-btn ac-btn--corner ac-btn--medium ac-btn--blue800\" target=\"_blank\" rel=\"noopener\">S&rsquo;incrire<\/a><\/p>\n<p class=\" wall-content\">La cellule orageuse a peu \u00e0 peu perdu de son intensit\u00e9 et la C\u00f4te d\u2019Azur retrouve doucement des \u00e9claircies.<\/p>\n<p class=\" wall-content\">Personnalisez votre actualit\u00e9 en ajoutant vos villes et m\u00e9dias en favori avec <a href=\"https:\/\/moncompte.actu.fr\" title=\"D\u00e9couvez Mon Actu\" rel=\"nofollow noopener\" data-trk=\"{&quot;cta&quot;:{&quot;action&quot;:&quot;https:\\\/\\\/moncompte.actu.fr&quot;,&quot;category&quot;:&quot;mon compte&quot;,&quot;from&quot;:&quot;article footer&quot;,&quot;name&quot;:&quot;Mon actu&quot;,&quot;type&quot;:&quot;cta&quot;}}\" target=\"_blank\">Mon Actu<\/a>.<\/p>\n","protected":false},"excerpt":{"rendered":"Par Manon Reinhardt Publi\u00e9 le 10 sept. 2025 \u00e0 16h14 On ne s\u2019y attendait pas du tout. Ce&hellip;\n","protected":false},"author":2,"featured_media":380518,"comment_status":"","ping_status":"","sticky":false,"template":"","format":"standard","meta":{"footnotes":""},"categories":[2819],"tags":[1111,11,1777,674,1011,27,3059,2487,2357,12,2401,882,25],"class_list":{"0":"post-380517","1":"post","2":"type-post","3":"status-publish","4":"format-standard","5":"has-post-thumbnail","7":"category-nice","8":"tag-actu","9":"tag-actualites","10":"tag-eu","11":"tag-europe","12":"tag-fr","13":"tag-france","14":"tag-intemperies","15":"tag-meteo","16":"tag-meteo-france","17":"tag-news","18":"tag-nice","19":"tag-provence-alpes-cote-dazur","20":"tag-republique-francaise"},"share_on_mastodon":{"url":"https:\/\/pubeurope.com\/@fr\/115180630664214357","error":""},"_links":{"self":[{"href":"https:\/\/www.europesays.com\/fr\/wp-json\/wp\/v2\/posts\/380517","targetHints":{"allow":["GET"]}}],"collection":[{"href":"https:\/\/www.europesays.com\/fr\/wp-json\/wp\/v2\/posts"}],"about":[{"href":"https:\/\/www.europesays.com\/fr\/wp-json\/wp\/v2\/types\/post"}],"author":[{"embeddable":true,"href":"https:\/\/www.europesays.com\/fr\/wp-json\/wp\/v2\/users\/2"}],"replies":[{"embeddable":true,"href":"https:\/\/www.europesays.com\/fr\/wp-json\/wp\/v2\/comments?post=380517"}],"version-history":[{"count":0,"href":"https:\/\/www.europesays.com\/fr\/wp-json\/wp\/v2\/posts\/380517\/revisions"}],"wp:featuredmedia":[{"embeddable":true,"href":"https:\/\/www.europesays.com\/fr\/wp-json\/wp\/v2\/media\/380518"}],"wp:attachment":[{"href":"https:\/\/www.europesays.com\/fr\/wp-json\/wp\/v2\/media?parent=380517"}],"wp:term":[{"taxonomy":"category","embeddable":true,"href":"https:\/\/www.europesays.com\/fr\/wp-json\/wp\/v2\/categories?post=380517"},{"taxonomy":"post_tag","embeddable":true,"href":"https:\/\/www.europesays.com\/fr\/wp-json\/wp\/v2\/tags?post=380517"}],"curies":[{"name":"wp","href":"https:\/\/api.w.org\/{rel}","templated":true}]}}