{"id":380519,"date":"2025-09-10T15:08:31","date_gmt":"2025-09-10T15:08:31","guid":{"rendered":"https:\/\/www.europesays.com\/fr\/380519\/"},"modified":"2025-09-10T15:08:31","modified_gmt":"2025-09-10T15:08:31","slug":"carte-bloquons-tout-en-loire-atlantique-quelles-consequences-sur-la-circulation","status":"publish","type":"post","link":"https:\/\/www.europesays.com\/fr\/380519\/","title":{"rendered":"CARTE. \u00ab\u00a0Bloquons tout\u00a0\u00bb\u00a0en Loire-Atlantique\u00a0: quelles cons\u00e9quences sur la circulation\u00a0?"},"content":{"rendered":"<p>Des perturbations sont \u00e0 pr\u00e9voir ce mercredi 10\u00a0septembre 2025 en Loire-Atlantique sur les principaux axes routiers.<br \/>De nombreux blocages sont attendus, notamment\u00a0au rond-point de la Janvraie (pont de Chevir\u00e9) \u00e0 6\u00a0h\u00a0; Le Cardo (Nantes nord) \u00e0 6\u00a0h\u00a0; rond-point de la Prairie-de-Mauves (Nantes est) \u00e0 7\u00a0h\u00a030\u00a0; place Rosa-Parks (Malakoff) \u00e0 6\u00a0h.<\/p>\n<p><strong>? \u00c0 LIRE AUSSI\u00a0: <\/strong> <a href=\"https:\/\/nantes.maville.com\/actu\/actudet_--bloquons-tout-le-10-septembre-quelles-consequences-sur-les-trams-et-les-bus-a-nantes-_8-6965625_actu.Htm\" target=\"_self\" rel=\"noopener\"> <strong>Des perturbations dans les transports en commun<\/strong> <\/a><\/p>\n<p>\u00c0 Saint-Nazaire, des manifestants seront mobilis\u00e9s \u00e0 partir de 7\u00a0h au rond-point de Cert\u00e9 (boulangerie Ange et Renault), \u00e0 l\u2019entr\u00e9e de Trignac. Un second rassemblement est pr\u00e9vu autour de la gare, \u00e0 12\u00a0h, sur l\u2019esplanade Anna Marly.<br \/>D\u2019autres mobilisations sont pr\u00e9vues dans <a href=\"https:\/\/nantes.maville.com\/actu\/actudet_--bloquons-tout-ce-qui-se-prepare-en-loire-atlantique-pour-le-10-septembre-_8-6963570_actu.Htm\" target=\"_self\" rel=\"noopener\">d\u2019autres communes.<br \/><\/a><\/p>\n<p>Le\u00a0trafic\u00a0en\u00a0direct<\/p>\n<p>Pour conna\u00eetre l\u2019\u00e9tat du trafic, il est possible de voir la situation en temps r\u00e9el.<\/p>\n<p><strong>? \u00c0\u00a0LIRE\u00a0AUSSI\u00a0:<\/strong> <a href=\"https:\/\/nantes.maville.com\/actu\/actudet_-mouvement-du-10-septembre-des-drones-pour-surveiller-trois-communes-de-loire-atlantique-_8-6967304_actu.Htm\" target=\"_self\" rel=\"noopener\"> <strong> Mouvement du 10\u00a0septembre\u00a0: des drones pour surveiller trois communes de Loire-Atlantique<\/strong> <\/a><\/p>\n<\/p>\n<p>\t<img decoding=\"async\" src=\"https:\/\/www.europesays.com\/fr\/wp-content\/uploads\/2025\/09\/P35452992D6968620G_px_640_.jpg\" alt=\"photo au pont de chevir\u00e9, entre 200 et 300\u00a0manifestants tentent de bloquer l\u2019acc\u00e8s au pont.  \u00a9  photo presse oc\u00e9an-olivier lanrivain\" width=\"640\" title=\" Au pont de Chevir\u00e9, entre 200 et 300\u00a0manifestants tentent de bloquer l\u2019acc\u00e8s au pont.   Photo Presse Oc\u00e9an-Olivier Lanrivain \"\/><\/p>\n<p class=\"elmt-legende\"> Au pont de Chevir\u00e9, entre 200 et 300\u00a0manifestants tentent de bloquer l\u2019acc\u00e8s au pont.   Photo Presse Oc\u00e9an-Olivier Lanrivain <\/p>\n<p>P\u00e9riph\u00e9rique coup\u00e9<\/p>\n<p>Bison Fut\u00e9 annonce que \u00a0La circulation est coup\u00e9e entre la porte de la Chapelle et le la porte de la Beaujoire, dans les deux sens de circulation\u00a0. Il ajoute que \u00a0la circulation ne se fait que sur une voie au niveau de la porte de l\u2019Estuaire, dans les deux sens. Les usagers sont invit\u00e9s \u00e0 la plus grande prudence et \u00e0 adapter leur vitesse aux conditions de circulation.<\/p>\n<p>\u00c0 Chevir\u00e9<\/p>\n<p>Notre reporter pr\u00e9sent \u00e0 proximit\u00e9 du pont de Chevir\u00e9 constate que le rond-point de la place Garigliano, secteur Bas-Chantenay est compl\u00e9tement bloqu\u00e9 par les manifestants. \u00c0 8\u00a0h\u00a030, aucun policier n\u2019\u00e9tait sur place. Les personnes pr\u00e9sentes auraient d\u2019abord tent\u00e9 de bloquer le pont en passant par le Bois-Jo, mais ils ont \u00e9t\u00e9 refoul\u00e9s \u00e0 trois reprises, et ont abandonn\u00e9.<\/p>\n<p>\t<img decoding=\"async\" src=\"https:\/\/www.europesays.com\/fr\/wp-content\/uploads\/2025\/09\/P35452993D6968620G_px_640_.jpg\" alt=\"photo la place du garigliano, secteur chevrir\u00e9, bloqu\u00e9e depuis 8\u00a0h\u00a030 ce mercredi matin  \u00a9  jmc\" width=\"640\" title=\" La Place du Garigliano, secteur Chevrir\u00e9, bloqu\u00e9e depuis 8\u00a0h\u00a030 ce mercredi matin   JMC \"\/><\/p>\n<p class=\"elmt-legende\"> La Place du Garigliano, secteur Chevrir\u00e9, bloqu\u00e9e depuis 8\u00a0h\u00a030 ce mercredi matin   JMC <\/p>\n<p>\u00c0 Malakoff (Nantes)<\/p>\n<p>Des perturbations dans les transports en commun<\/p>\n<p>Quant aux transports en commun sur la ville de Nantes, un tram-train venant de Nort-sur-Erdre a \u00e9t\u00e9 bloqu\u00e9 par des barricades sur le boulevard de Doulon, vers 8\u00a0h ce matin, avant de pouvoir repartir. Vers 8\u00a0h\u00a045, plusieurs feux de poubelles barraient encore l\u2019acc\u00e8s au boulevard.<\/p>\n<p>\t<img decoding=\"async\" src=\"https:\/\/www.europesays.com\/fr\/wp-content\/uploads\/2025\/09\/P35452994D6968620G_px_640_.jpg\" alt=\"photo la ligne de tram train parsem\u00e9e de feux de poubelle secteur doulon, \u00e0 nantes  \u00a9  md\" width=\"640\" title=\" La ligne de tram train parsem\u00e9e de feux de poubelle secteur Doulon, \u00e0 Nantes   MD \"\/><\/p>\n<p class=\"elmt-legende\"> La ligne de tram train parsem\u00e9e de feux de poubelle secteur Doulon, \u00e0 Nantes   MD <\/p>\n<p>Sur son site, Naolib indique plusieurs voies de tram et bus coup\u00e9es, c\u2019est par exemple le cas pour la ligne 2\u00a0interrompue entre gare de Pont Rousseau et 50\u00a0otages ce matin depuis 8\u00a0h. Dans le secteur du Cardo, notre journaliste pr\u00e9sent constate que le terminus prend fin six arr\u00eats avant la porte de la Chapelle. Un conducteur de bus note que \u00a0pour le reste, \u00e7a roule sans encombre\u00a0.<\/p>\n<blockquote class=\"twitter-tweet\" data-media-max-width=\"560\" wp_automatic_readability=\"6.5483870967742\">\n<p lang=\"fr\" dir=\"ltr\"><a href=\"https:\/\/twitter.com\/hashtag\/Infotrafic?src=hash&amp;ref_src=twsrc%5Etfw\" target=\"_blank\" rel=\"noopener\">#Infotrafic<\/a> manifestation, point \u00e0 8h06 ??<a href=\"https:\/\/twitter.com\/hashtag\/Tram2?src=hash&amp;ref_src=twsrc%5Etfw\" target=\"_blank\" rel=\"noopener\">#Tram2<\/a> ne circule pas Gare Pt Rousseau\/50 Otages<a href=\"https:\/\/twitter.com\/hashtag\/Bus4?src=hash&amp;ref_src=twsrc%5Etfw\" target=\"_blank\" rel=\"noopener\">#Bus4<\/a> ne circule pas Tripode\/Foch<a href=\"https:\/\/twitter.com\/hashtag\/Bus5?src=hash&amp;ref_src=twsrc%5Etfw\" target=\"_blank\" rel=\"noopener\">#Bus5<\/a> d\u00e9vi\u00e9e entre R\u00e9publique et Conservatoire + terminus H\u00f4tel de R\u00e9gion<\/p>\n<p>\u2014 Naolib (@Naolib_Direct) <a href=\"https:\/\/twitter.com\/Naolib_Direct\/status\/1965658310625161423?ref_src=twsrc%5Etfw\" target=\"_blank\" rel=\"noopener\">September 10, 2025<\/a><\/p><\/blockquote>\n<p>\u00c0 Vallet<\/p>\n<p>Dans le vignoble nantais, le D\u00e9partement note le blocage du giratoire du Bois-H\u00e9rault sur l\u2019axe Vallet-Mouzillon.<\/p>\n<p>\u00c0 Clisson<\/p>\n<p>Un barrage filtrant est en place avec un peu plus d\u2019une cinquantaine de manifestants au rond-point \u00e0 l\u2019entr\u00e9e de ville. Le lieu est au carrefour de nombreuses routes cr\u00e9ant d\u2019imposants bouchons, le tout sous le regard attentif de cinq gendarmes.<\/p>\n<p>\t<img decoding=\"async\" src=\"https:\/\/www.europesays.com\/fr\/wp-content\/uploads\/2025\/09\/P35452995D6968620G_px_640_.jpg\" alt=\"photo longue attente \u00e0 l\u2019entr\u00e9e de clisson, beaucoup de poids lourds patientent  \u00a9  cr\" width=\"640\" title=\" Longue attente \u00e0 l\u2019entr\u00e9e de Clisson, beaucoup de poids lourds patientent   CR \"\/><\/p>\n<p class=\"elmt-legende\"> Longue attente \u00e0 l\u2019entr\u00e9e de Clisson, beaucoup de poids lourds patientent   CR <\/p>\n<p>Ancenis (RD 723)<\/p>\n<p>Les manifestants sont install\u00e9s sur le giratoire devant le si\u00e8ge de Terrena qui perturbe le trafic sur la liaison Varades-Ancenis. Le D\u00e9partement a mis en place des restrictions de circulation\u00a0: la RD 923\u00a0est ferm\u00e9e.<\/p>\n<p>Blain (N 171)<\/p>\n<p>La circulation est coup\u00e9e sur la N 171\u00a0dans les deux sens, au giratoire de l\u2019Ecluse, au carrefour avec la RD 164.<\/p>\n<p>Trignac<\/p>\n<p>Sur la N171, l\u2019axe est coup\u00e9 dans les deux sens au giratoire de Cert\u00e9<\/p>\n<p>Carte des mobilisations<\/p>\n<p>\u00a0<\/p>\n<p>\t\t<script async src=\"https:\/\/platform.twitter.com\/widgets.js\" charset=\"utf-8\"><\/script><\/p>\n","protected":false},"excerpt":{"rendered":"Des perturbations sont \u00e0 pr\u00e9voir ce mercredi 10\u00a0septembre 2025 en Loire-Atlantique sur les principaux axes routiers.De nombreux blocages&hellip;\n","protected":false},"author":2,"featured_media":380520,"comment_status":"","ping_status":"","sticky":false,"template":"","format":"standard","meta":{"footnotes":""},"categories":[2818],"tags":[49970,1111,11,11617,3542,32564,1777,674,1011,27,3047,766,12,2636,25],"class_list":{"0":"post-380519","1":"post","2":"type-post","3":"status-publish","4":"format-standard","5":"has-post-thumbnail","7":"category-nantes","8":"tag-bloquons","9":"tag-actu","10":"tag-actualites","11":"tag-carte","12":"tag-circulation","13":"tag-consequences","14":"tag-eu","15":"tag-europe","16":"tag-fr","17":"tag-france","18":"tag-loire-atlantique","19":"tag-nantes","20":"tag-news","21":"tag-pays-de-la-loire","22":"tag-republique-francaise"},"share_on_mastodon":{"url":"https:\/\/pubeurope.com\/@fr\/115180634819765290","error":""},"_links":{"self":[{"href":"https:\/\/www.europesays.com\/fr\/wp-json\/wp\/v2\/posts\/380519","targetHints":{"allow":["GET"]}}],"collection":[{"href":"https:\/\/www.europesays.com\/fr\/wp-json\/wp\/v2\/posts"}],"about":[{"href":"https:\/\/www.europesays.com\/fr\/wp-json\/wp\/v2\/types\/post"}],"author":[{"embeddable":true,"href":"https:\/\/www.europesays.com\/fr\/wp-json\/wp\/v2\/users\/2"}],"replies":[{"embeddable":true,"href":"https:\/\/www.europesays.com\/fr\/wp-json\/wp\/v2\/comments?post=380519"}],"version-history":[{"count":0,"href":"https:\/\/www.europesays.com\/fr\/wp-json\/wp\/v2\/posts\/380519\/revisions"}],"wp:featuredmedia":[{"embeddable":true,"href":"https:\/\/www.europesays.com\/fr\/wp-json\/wp\/v2\/media\/380520"}],"wp:attachment":[{"href":"https:\/\/www.europesays.com\/fr\/wp-json\/wp\/v2\/media?parent=380519"}],"wp:term":[{"taxonomy":"category","embeddable":true,"href":"https:\/\/www.europesays.com\/fr\/wp-json\/wp\/v2\/categories?post=380519"},{"taxonomy":"post_tag","embeddable":true,"href":"https:\/\/www.europesays.com\/fr\/wp-json\/wp\/v2\/tags?post=380519"}],"curies":[{"name":"wp","href":"https:\/\/api.w.org\/{rel}","templated":true}]}}