{"id":380521,"date":"2025-09-10T15:09:22","date_gmt":"2025-09-10T15:09:22","guid":{"rendered":"https:\/\/www.europesays.com\/fr\/380521\/"},"modified":"2025-09-10T15:09:22","modified_gmt":"2025-09-10T15:09:22","slug":"bloquons-tout-a-nantes-les-blocages-montrent-une-capacite-a-faire-des-choses-tous-ensemble","status":"publish","type":"post","link":"https:\/\/www.europesays.com\/fr\/380521\/","title":{"rendered":"Bloquons tout\u00a0\u00bb : \u00e0 Nantes, les blocages montrent une \u00ab\u00a0capacit\u00e9 \u00e0 faire des choses tous ensemble"},"content":{"rendered":"<p class=\"PopSlotParagraph qg-tx2 qg-xtra-lh svelte-1r0pyek\">Elle est tout de noir v\u00eatue, jusqu&rsquo;\u00e0 la casquette et au masque sur la bouche. Cette militante de 35 ans ne veut pas donner son nom, alors qu&rsquo;elle se trouve au pied du pont de Chevir\u00e9, \u00e0 Nantes, en ce 10 septembre,\u00a0<a href=\"https:\/\/www.francebleu.fr\/infos\/economie-social\/en-direct-bloquons-tout-un-millier-de-manifestants-a-l-est-de-nantes-une-centaine-pres-du-pont-de-chevire-8681073\" target=\"_blank\" rel=\"noopener nofollow\" class=\"\" data-testid=\"link\">avant les manifestations en centre-ville.<\/a>\u00a0Participer \u00e0 la journ\u00e9e \u00ab\u00a0Bloquons tout\u00a0\u00bb ?\u00a0 Une \u00e9vidence pour la manifestante\u00a0: \u00ab\u00a0Je pense qu&rsquo;il y a une lassitude li\u00e9e aux manifestations classiques, on l&rsquo;a bien vu ces derni\u00e8res ann\u00e9es, on a eu des manifestations massives, ne serait-ce que sur le dernier mouvement social des retraites.\u00a0\u00c7a n&rsquo;a rien chang\u00e9, on sait que ce n&rsquo;est pas comme \u00e7a qu&rsquo;on nous \u00e9coute, donc l&rsquo;id\u00e9e, c&rsquo;est de bloquer les flux, les flux financiers, mais aussi les flux mat\u00e9riels, physiques. en bloquant les grands magasins, les grandes enseignes, les camions, les p\u00e9riph\u00e9riques.\u00a0\u00bb<\/p>\n<p class=\"PopSlotParagraph qg-tx2 qg-xtra-lh svelte-1r0pyek\">C&rsquo;est pour cela qu&rsquo;elle a d\u00e9cid\u00e9 de participer aux blocages. \u00ab\u00a0\u00c0 Nantes, l&rsquo;id\u00e9e \u00e9tait d&rsquo;avoir un maximum de points diff\u00e9rents pour essayer de bloquer, de taquiner, en quelque sorte, ces flux mat\u00e9riels, uniquement pour le moment.\u00a0\u00bb<\/p>\n<p class=\"PopSlotParagraph qg-tx2 qg-xtra-lh svelte-1r0pyek\">Un peu comme \u00e0 l&rsquo;\u00e9poque des Gilets jaunes, elle retient \u00e9galement l&rsquo;humain de cette mobilisation\u00a0:\u00a0\u00ab\u00a0Je pense qu&rsquo;il ne faut pas oublier que \u00e7a fait des rencontres humaines qui sont tout \u00e0 fait essentielles et qui d\u00e9montrent quelque part notre capacit\u00e9 \u00e0 faire des choses ensemble, tous ensemble.\u00a0\u00bb<\/p>\n","protected":false},"excerpt":{"rendered":"Elle est tout de noir v\u00eatue, jusqu&rsquo;\u00e0 la casquette et au masque sur la bouche. Cette militante de&hellip;\n","protected":false},"author":2,"featured_media":379522,"comment_status":"","ping_status":"","sticky":false,"template":"","format":"standard","meta":{"footnotes":""},"categories":[2818],"tags":[1111,11,1777,674,1011,27,766,12,2636,25],"class_list":{"0":"post-380521","1":"post","2":"type-post","3":"status-publish","4":"format-standard","5":"has-post-thumbnail","7":"category-nantes","8":"tag-actu","9":"tag-actualites","10":"tag-eu","11":"tag-europe","12":"tag-fr","13":"tag-france","14":"tag-nantes","15":"tag-news","16":"tag-pays-de-la-loire","17":"tag-republique-francaise"},"share_on_mastodon":{"url":"https:\/\/pubeurope.com\/@fr\/115180638416625289","error":""},"_links":{"self":[{"href":"https:\/\/www.europesays.com\/fr\/wp-json\/wp\/v2\/posts\/380521","targetHints":{"allow":["GET"]}}],"collection":[{"href":"https:\/\/www.europesays.com\/fr\/wp-json\/wp\/v2\/posts"}],"about":[{"href":"https:\/\/www.europesays.com\/fr\/wp-json\/wp\/v2\/types\/post"}],"author":[{"embeddable":true,"href":"https:\/\/www.europesays.com\/fr\/wp-json\/wp\/v2\/users\/2"}],"replies":[{"embeddable":true,"href":"https:\/\/www.europesays.com\/fr\/wp-json\/wp\/v2\/comments?post=380521"}],"version-history":[{"count":0,"href":"https:\/\/www.europesays.com\/fr\/wp-json\/wp\/v2\/posts\/380521\/revisions"}],"wp:featuredmedia":[{"embeddable":true,"href":"https:\/\/www.europesays.com\/fr\/wp-json\/wp\/v2\/media\/379522"}],"wp:attachment":[{"href":"https:\/\/www.europesays.com\/fr\/wp-json\/wp\/v2\/media?parent=380521"}],"wp:term":[{"taxonomy":"category","embeddable":true,"href":"https:\/\/www.europesays.com\/fr\/wp-json\/wp\/v2\/categories?post=380521"},{"taxonomy":"post_tag","embeddable":true,"href":"https:\/\/www.europesays.com\/fr\/wp-json\/wp\/v2\/tags?post=380521"}],"curies":[{"name":"wp","href":"https:\/\/api.w.org\/{rel}","templated":true}]}}