{"id":380522,"date":"2025-09-10T15:10:20","date_gmt":"2025-09-10T15:10:20","guid":{"rendered":"https:\/\/www.europesays.com\/fr\/380522\/"},"modified":"2025-09-10T15:10:20","modified_gmt":"2025-09-10T15:10:20","slug":"ils-ont-vaincu-le-cancer-et-traversent-les-pyrenees-en-velo-au-profit-dune-association-bordelaise","status":"publish","type":"post","link":"https:\/\/www.europesays.com\/fr\/380522\/","title":{"rendered":"Ils ont vaincu le cancer et traversent les Pyr\u00e9n\u00e9es en v\u00e9lo au profit d&rsquo;une association bordelaise !"},"content":{"rendered":"<p>Alain et Patrick, deux amis, ont tous les deux vaincu le cancer. Plut\u00f4t que de simplement tourner la page, ils ont d\u00e9cid\u00e9 de l\u2019\u00e9crire en lettres capitales, en transformant leur victoire personnelle en une aventure solidaire. Leur d\u00e9fi ? Traverser les Pyr\u00e9n\u00e9es \u00e0 v\u00e9lo, de Collioure \u00e0 Saint-Jean-de-Luz, soit 930 km et 26 cols mythiques \u00e0 gravir entre le 10 et le 21 septembre 2025. Leur objectif ? Offrir des r\u00eaves et du r\u00e9confort \u00e0 Lia, 12 ans, \u00e0 travers l\u2019association <a href=\"https:\/\/www.facebook.com\/chouquettefeeunreve\" target=\"_blank\" rel=\"noreferrer noopener nofollow\">Chouquette f\u00e9e un r\u00eave<\/a>.<\/p>\n<p>Un d\u00e9fi sportif hors norme<\/p>\n<p style=\"font-size:16px\">Tu imagines grimper <strong>le Tourmalet<\/strong>, <strong>l\u2019Aubisque<\/strong>, <strong>l\u2019Aspin<\/strong>, <strong>le Soulor<\/strong> ou encore <strong>la Pierre Saint-Martin<\/strong> ? <strong>Alain et Patrick<\/strong> vont s\u2019y attaquer l\u2019un apr\u00e8s l\u2019autre, encha\u00eenant <strong>onze \u00e9tapes au maximum<\/strong>, avec le souffle court, les jambes lourdes, mais l\u2019esprit port\u00e9 par une cause bien plus grande que l\u2019exploit sportif lui-m\u00eame. Car chaque coup de p\u00e9dale n\u2019est pas seulement une victoire personnelle : il est un pas de plus <strong>pour Lia<\/strong>.<\/p>\n<p><img fetchpriority=\"high\" decoding=\"async\" width=\"1024\" height=\"1024\" src=\"https:\/\/www.europesays.com\/fr\/wp-content\/uploads\/2025\/09\/alain-1024x1024.jpg\" alt=\"\" class=\"wp-image-83422\" style=\"width:482px;height:auto\"  \/>Alain et Patrick gravissent 26 cols pyr\u00e9n\u00e9ens : chaque coup de p\u00e9dale rapproche Lia de ses r\u00eaves.<\/p>\n<p>Lia, une \u00e9toile de 12 ans<\/p>\n<p style=\"font-size:16px\">Lia est une jeune fille rayonnante malgr\u00e9 les \u00e9preuves. Elle vit avec une maladie g\u00e9n\u00e9tique rare, <strong>le syndrome CDKL5<\/strong>, qui provoque des crises d\u2019\u00e9pilepsie et un retard psychomoteur. Depuis huit ans, elle suit un <strong>parcours de r\u00e9\u00e9ducation intensif<\/strong> : stages sp\u00e9cialis\u00e9s en Espagne, ergoth\u00e9rapie, natation adapt\u00e9e\u2026 Autant de soins indispensables qui repr\u00e9sentent pr\u00e8s de <strong>8 000 euros par an<\/strong>, auxquels s\u2019ajoute le co\u00fbt d\u2019un <strong>fauteuil roulant<\/strong> (7 800 euros). Pour ses parents, c\u2019est un combat quotidien, et pour Alain et Patrick, une source d\u2019inspiration. C\u2019est pourquoi tous les b\u00e9n\u00e9fices reviendront \u00e0 l\u2019association <a href=\"https:\/\/www.facebook.com\/chouquettefeeunreve\" target=\"_blank\" rel=\"noreferrer noopener nofollow\">Chouquette F\u00e9e un R\u00eave<\/a>. <\/p>\n<p><img loading=\"lazy\" decoding=\"async\" width=\"909\" height=\"1024\" data-id=\"83426\" src=\"https:\/\/www.europesays.com\/fr\/wp-content\/uploads\/2025\/09\/IMG_4046-909x1024.jpeg\" alt=\"\" class=\"wp-image-83426\"  \/>Lia, atteinte du syndrome CDKL5, suit depuis huit ans r\u00e9\u00e9ducation intensive entre Espagne, ergoth\u00e9rapie, natation.<\/p>\n<p><img loading=\"lazy\" decoding=\"async\" width=\"827\" height=\"1024\" data-id=\"83425\" src=\"https:\/\/www.europesays.com\/fr\/wp-content\/uploads\/2025\/09\/IMG_4045-827x1024.jpeg\" alt=\"\" class=\"wp-image-83425\"  \/>Tous les dons soutiennent Chouquette F\u00e9e un R\u00eave.<\/p>\n<p>Quand le sport devient solidarit\u00e9<\/p>\n<p style=\"font-size:16px\">En s\u2019\u00e9lan\u00e7ant sur les routes pyr\u00e9n\u00e9ennes, Alain et Patrick ne cherchent pas seulement \u00e0 se d\u00e9passer : ils veulent r\u00e9colter des dons pour financer la r\u00e9\u00e9ducation de Lia. Leur message est clair : <strong>chaque kilom\u00e8tre compte, chaque euro aide<\/strong>. Tu peux les soutenir en <strong><a href=\"https:\/\/www.helloasso.com\/associations\/chouquette-fee-un-reve\/collectes\/de-collioure-a-st-jean-de-luz-pour-chouquette\" target=\"_blank\" rel=\"noreferrer noopener nofollow\">faisant un don<\/a><\/strong>, en suivant leur p\u00e9riple sur les r\u00e9seaux sociaux, ou tout simplement en partageant leur histoire. Car derri\u00e8re cette aventure se cache une v\u00e9rit\u00e9 simple : ensemble, on peut changer la vie d\u2019une enfant.<\/p>\n<p><img loading=\"lazy\" decoding=\"async\" width=\"1024\" height=\"1024\" data-id=\"83424\" src=\"https:\/\/www.europesays.com\/fr\/wp-content\/uploads\/2025\/09\/re-alain-1024x1024.jpg\" alt=\"\" class=\"wp-image-83424\"  \/>Alain et Patrick p\u00e9dalent pour Lia : chaque kilom\u00e8tre, chaque don compte pour changer sa vie.<\/p>\n<p><img loading=\"lazy\" decoding=\"async\" width=\"1024\" height=\"1024\" data-id=\"83423\" src=\"https:\/\/www.europesays.com\/fr\/wp-content\/uploads\/2025\/09\/patrick-1024x1024.jpg\" alt=\"\" class=\"wp-image-83423\"  \/>Deux vainqueurs du cancer transforment leur promesse en espoir : p\u00e9daler pour les r\u00eaves et sourires de Lia.<\/p>\n<p>Plus qu\u2019une travers\u00e9e, une promesse<\/p>\n<p style=\"font-size:16px\">Ce d\u00e9fi est n\u00e9 d\u2019une promesse entre deux hommes : <strong>si la gu\u00e9rison arrivait, ils r\u00e9aliseraient un exploit digne de ce mot<\/strong>. Dix ans apr\u00e8s, la promesse devient r\u00e9alit\u00e9, avec en toile de fond la M\u00e9diterran\u00e9e, l\u2019Atlantique et les sommets pyr\u00e9n\u00e9ens. Mais la plus belle victoire, ce sera peut-\u00eatre de voir Lia continuer \u00e0 progresser, sourire, et croire encore davantage en ses r\u00eaves.<\/p>\n<p><img loading=\"lazy\" decoding=\"async\" width=\"768\" height=\"1024\" src=\"https:\/\/www.europesays.com\/fr\/wp-content\/uploads\/2025\/09\/alainetpatrick-768x1024.jpeg\" alt=\"\" class=\"wp-image-83430\" style=\"width:320px;height:auto\"  \/>D\u00e9fi lanc\u00e9 pour nos deux amis, qui se sont lanc\u00e9s sur les routes le 10 septembre. <\/p>\n<p>Comment participer ?<\/p>\n<p style=\"font-size:16px\">Tu veux soutenir Lia ? C\u2019est simple. <strong><a href=\"https:\/\/www.helloasso.com\/associations\/chouquette-fee-un-reve\/collectes\/de-collioure-a-st-jean-de-luz-pour-chouquette\" target=\"_blank\" rel=\"noreferrer noopener nofollow\">Un don<\/a><\/strong>, petit ou grand, est une pierre de plus pos\u00e9e sur le chemin de son autonomie. Suivre l\u2019aventure d\u2019Alain et Patrick, c\u2019est aussi un moyen de les encourager, de partager leur courage et leur \u00e9nergie.<\/p>\n<p style=\"font-size:16px\">Alors, <strong>du 10 au 21 septembre<\/strong>, pense \u00e0 eux. Pense \u00e0 Lia. Et rappelle-toi : parfois, une ascension \u00e0 v\u00e9lo peut gravir bien plus qu\u2019une montagne. Elle peut ouvrir le champ des possibles.<\/p>\n<p style=\"font-size:16px\">\u00c0 lire aussi : <a href=\"https:\/\/www.bougerabordeaux.com\/actu\/news\/un-mois-pour-parler-des-cancers-gynecologiques-a-linstitut-bergonie-a-bordeaux\/\" target=\"_blank\" rel=\"noreferrer noopener nofollow\">Un mois pour parler des cancers gyn\u00e9cologiques \u00e0 l\u2019institut Bergoni\u00e9 \u00e0 Bordeaux<\/a><\/p>\n","protected":false},"excerpt":{"rendered":"Alain et Patrick, deux amis, ont tous les deux vaincu le cancer. Plut\u00f4t que de simplement tourner la&hellip;\n","protected":false},"author":2,"featured_media":380523,"comment_status":"","ping_status":"","sticky":false,"template":"","format":"standard","meta":{"footnotes":""},"categories":[2817],"tags":[1111,11,1997,1777,674,1011,27,12,2219,25],"class_list":{"0":"post-380522","1":"post","2":"type-post","3":"status-publish","4":"format-standard","5":"has-post-thumbnail","7":"category-bordeaux","8":"tag-actu","9":"tag-actualites","10":"tag-bordeaux","11":"tag-eu","12":"tag-europe","13":"tag-fr","14":"tag-france","15":"tag-news","16":"tag-nouvelle-aquitaine","17":"tag-republique-francaise"},"share_on_mastodon":{"url":"https:\/\/pubeurope.com\/@fr\/115180642715016098","error":""},"_links":{"self":[{"href":"https:\/\/www.europesays.com\/fr\/wp-json\/wp\/v2\/posts\/380522","targetHints":{"allow":["GET"]}}],"collection":[{"href":"https:\/\/www.europesays.com\/fr\/wp-json\/wp\/v2\/posts"}],"about":[{"href":"https:\/\/www.europesays.com\/fr\/wp-json\/wp\/v2\/types\/post"}],"author":[{"embeddable":true,"href":"https:\/\/www.europesays.com\/fr\/wp-json\/wp\/v2\/users\/2"}],"replies":[{"embeddable":true,"href":"https:\/\/www.europesays.com\/fr\/wp-json\/wp\/v2\/comments?post=380522"}],"version-history":[{"count":0,"href":"https:\/\/www.europesays.com\/fr\/wp-json\/wp\/v2\/posts\/380522\/revisions"}],"wp:featuredmedia":[{"embeddable":true,"href":"https:\/\/www.europesays.com\/fr\/wp-json\/wp\/v2\/media\/380523"}],"wp:attachment":[{"href":"https:\/\/www.europesays.com\/fr\/wp-json\/wp\/v2\/media?parent=380522"}],"wp:term":[{"taxonomy":"category","embeddable":true,"href":"https:\/\/www.europesays.com\/fr\/wp-json\/wp\/v2\/categories?post=380522"},{"taxonomy":"post_tag","embeddable":true,"href":"https:\/\/www.europesays.com\/fr\/wp-json\/wp\/v2\/tags?post=380522"}],"curies":[{"name":"wp","href":"https:\/\/api.w.org\/{rel}","templated":true}]}}