{"id":380524,"date":"2025-09-10T15:11:12","date_gmt":"2025-09-10T15:11:12","guid":{"rendered":"https:\/\/www.europesays.com\/fr\/380524\/"},"modified":"2025-09-10T15:11:12","modified_gmt":"2025-09-10T15:11:12","slug":"a-bordeaux-les-photomacron-se-payent-la-tete-du-president-qui-cire-les-pompes-des-plus-riches","status":"publish","type":"post","link":"https:\/\/www.europesays.com\/fr\/380524\/","title":{"rendered":"\u00c0 Bordeaux, les \u00ab\u00a0photomacron\u00a0\u00bb se payent la t\u00eate du pr\u00e9sident qui cire les pompes des plus riches"},"content":{"rendered":"<p> \u00abMoi j\u2019ai choisi d\u2019\u00eatre <a href=\"https:\/\/www.20minutes.fr\/politique\/marine-le-pen\/\" class=\"c-link c-link--is-underlined\" target=\"_blank\" rel=\"noopener\">Marine le Pen<\/a> qui se fait cirer les pompes par <a href=\"https:\/\/www.20minutes.fr\/politique\/emmanuel-macron\/\" class=\"c-link c-link--is-underlined\" target=\"_blank\" rel=\"noopener\">Macron <\/a>et je trouve que c\u2019est une belle image de ce qui se passe en ce moment\u00a0\u00bb, lance Melia, 23 ans, tout sourire. Elle a r\u00e9pondu \u00e0 l\u2019appel lanc\u00e9 ce mercredi midi par <a href=\"https:\/\/www.facebook.com\/xrBordeaux\/?locale=fr_FR\" rel=\"nofollow noopener\" target=\"_blank\" class=\"c-link c-link--is-underlined\">Extinction Rebellion Bordeaux (XR)<\/a> sur la place des Quinconces de <a href=\"https:\/\/www.20minutes.fr\/bordeaux\/\" class=\"c-link c-link--is-underlined\" target=\"_blank\" rel=\"noopener\">Bordeaux<\/a>, avant le d\u00e9part de la manifestation <a href=\"https:\/\/www.20minutes.fr\/societe\/greve\/4172191-20250910-direct-bloquons-tout-10-septembre-premier-ministre-lecornu-deja-epreuve-feu-colere-sociale\" class=\"c-link c-link--is-underlined\" target=\"_blank\" rel=\"noopener\">\u00ab\u00a0bloquons tout\u00a0\u00bb,<\/a> qui a rassembl\u00e9 entre 6.000 \u00e0\u00a08.000 personnes.<\/p>\n<p>Elle a \u00e9t\u00e9 initi\u00e9e sur les r\u00e9seaux sociaux par \u00ab\u00a0Indignons nous\u00a0\u00bb et \u00ab\u00a0Les essentiels\u00a0\u00bb, notamment en r\u00e9action au plan d\u2019<a href=\"https:\/\/www.20minutes.fr\/societe\/austerite\/\" class=\"c-link c-link--is-underlined\" target=\"_blank\" rel=\"noopener\">aust\u00e9rit\u00e9<\/a> port\u00e9 par l\u2019ex premier ministre <a href=\"https:\/\/www.20minutes.fr\/politique\/francois_bayrou\/\" class=\"c-link c-link--is-underlined\" target=\"_blank\" rel=\"noopener\">Fran\u00e7ois Bayrou<\/a>. \u00ab\u00a0Venez, prenez une pancarte et Macron vous cire les pompes\u00a0! Y\u2019a pas de petits plaisirs, alors venez tenter cette exp\u00e9rience incroyable\u00a0\u00bb, lance au micro Sophia, membre d\u2019Extinction Rebellion Bordeaux.<\/p>\n<p>\u00ab\u00a0C\u2019est un jeu mais je pense que c\u2019est la v\u00e9rit\u00e9\u00a0\u00bb<\/p>\n<p>Les photos mettent en sc\u00e8ne des repr\u00e9sentants de grands groupes ou des figures politiques qui se font cirer les pompes par le pr\u00e9sident de la R\u00e9publique. Elles sont ensuite post\u00e9es sur les r\u00e9seaux sociaux. \u00ab\u00a0C\u2019est un jeu mais je pense que c\u2019est la v\u00e9rit\u00e9, ils sont tous dans le m\u00eame moule\u00a0\u00bb, commente Fran\u00e7oise, 71 ans, apr\u00e8s sa s\u00e9ance photo. Fid\u00e8le des <a href=\"https:\/\/www.20minutes.fr\/societe\/gilets-jaunes\/\" class=\"c-link c-link--is-underlined\" target=\"_blank\" rel=\"noopener\">gilets jaunes<\/a>, elle estime que c\u2019est la suite du mouvement. \u00ab\u00a0Il va bien falloir que \u00e7a change, et on sait que pour cela il faut se battre comme on l\u2019a fait dans le pass\u00e9 pour les 39 heures puis les 35 heures\u00a0\u00bb, conclut la septuag\u00e9naire.<\/p>\n<p>Paola, 38 ans, estime qu\u2019il est encore trop t\u00f4t pour parler d\u2019un \u00ab\u00a0retour\u00a0\u00bb des gilets jaunes, mais elle sent \u00ab\u00a0quelque chose qui monte\u00a0\u00bb. \u00ab\u00a0On se fout bien de notre gueule depuis les l\u00e9gislatives de l\u2019ann\u00e9e derni\u00e8re\u00a0\u00bb, l\u00e2che-t-elle. Alors \u00ab\u00a0le photomacron\u00a0\u00bb permet aussi de renvoyer l\u2019ascenseur d\u2019une certaine fa\u00e7on en \u00ab\u00a0utilisant l\u2019humour pour faire une action collective, m\u00eame si on est l\u00e0 pour des choses tr\u00e8s s\u00e9rieuses\u00a0\u00bb, pointe la trentenaire. Melia appr\u00e9cie aussi ces caricatures qui permettent \u00ab\u00a0de faire rire les gens et de les rassembler\u00a0\u00bb.<\/p>\n<\/p>\n<p>\u00ab\u00a0Cette action symbolise de mani\u00e8re sarcastique la soumission de Macron aux plus gros groupes capitalistes, architectes de la destruction sociale, \u00e9conomique et environnementale\u00a0\u00bb, explicite le groupe XR Bordeaux, dans son communiqu\u00e9. \u00ab\u00a0On se dit que plus c\u2019est dr\u00f4le plus \u00e7a peut sensibiliser les gens, explique Sophia. On voulait faire plus qu\u2019une manif, en ne bloquant rien et en ne faisant pas peur\u00a0\u00bb.<\/p>\n<p><a href=\"https:\/\/www.20minutes.fr\/monde\/democratie\/\" class=\"c-link c-btn c-btn--primary\" target=\"_blank\" rel=\"noopener\">Toutes nos infos sur la d\u00e9mocratie<\/a><\/p>\n<p>Elle aussi rappelle le choc des <a href=\"https:\/\/www.20minutes.fr\/elections\/legislatives\/\" class=\"c-link c-link--is-underlined\" target=\"_blank\" rel=\"noopener\">l\u00e9gislatives<\/a> pour montrer que la d\u00e9mocratie ne fonctionne plus correctement et qu\u2019un ras-le-bol s\u2019exprime\u00a0: \u00ab\u00a0L\u2019assembl\u00e9e a \u00e9t\u00e9 dissoute, la majorit\u00e9 \u00e9tait pour la gauche et on en fait un gouvernement de droite, il y a quand m\u00eame un gros probl\u00e8me\u00a0\u00bb.<\/p>\n","protected":false},"excerpt":{"rendered":"\u00abMoi j\u2019ai choisi d\u2019\u00eatre Marine le Pen qui se fait cirer les pompes par Macron et je trouve&hellip;\n","protected":false},"author":2,"featured_media":380525,"comment_status":"","ping_status":"","sticky":false,"template":"","format":"standard","meta":{"footnotes":""},"categories":[2817],"tags":[1111,47,11,3177,7551,1997,7756,1777,674,1011,27,431,2905,6151,1272,430,12771,12,2219,4919,25,104],"class_list":{"0":"post-380524","1":"post","2":"type-post","3":"status-publish","4":"format-standard","5":"has-post-thumbnail","7":"category-bordeaux","8":"tag-actu","9":"tag-actualite","10":"tag-actualites","11":"tag-aquitaine","12":"tag-blocage","13":"tag-bordeaux","14":"tag-democratie","15":"tag-eu","16":"tag-europe","17":"tag-fr","18":"tag-france","19":"tag-francois-bayrou","20":"tag-gironde","21":"tag-greve","22":"tag-manifestations","23":"tag-marine-le-pen","24":"tag-mouvements-sociaux","25":"tag-news","26":"tag-nouvelle-aquitaine","27":"tag-president","28":"tag-republique-francaise","29":"tag-societe"},"share_on_mastodon":{"url":"https:\/\/pubeurope.com\/@fr\/115180646782124581","error":""},"_links":{"self":[{"href":"https:\/\/www.europesays.com\/fr\/wp-json\/wp\/v2\/posts\/380524","targetHints":{"allow":["GET"]}}],"collection":[{"href":"https:\/\/www.europesays.com\/fr\/wp-json\/wp\/v2\/posts"}],"about":[{"href":"https:\/\/www.europesays.com\/fr\/wp-json\/wp\/v2\/types\/post"}],"author":[{"embeddable":true,"href":"https:\/\/www.europesays.com\/fr\/wp-json\/wp\/v2\/users\/2"}],"replies":[{"embeddable":true,"href":"https:\/\/www.europesays.com\/fr\/wp-json\/wp\/v2\/comments?post=380524"}],"version-history":[{"count":0,"href":"https:\/\/www.europesays.com\/fr\/wp-json\/wp\/v2\/posts\/380524\/revisions"}],"wp:featuredmedia":[{"embeddable":true,"href":"https:\/\/www.europesays.com\/fr\/wp-json\/wp\/v2\/media\/380525"}],"wp:attachment":[{"href":"https:\/\/www.europesays.com\/fr\/wp-json\/wp\/v2\/media?parent=380524"}],"wp:term":[{"taxonomy":"category","embeddable":true,"href":"https:\/\/www.europesays.com\/fr\/wp-json\/wp\/v2\/categories?post=380524"},{"taxonomy":"post_tag","embeddable":true,"href":"https:\/\/www.europesays.com\/fr\/wp-json\/wp\/v2\/tags?post=380524"}],"curies":[{"name":"wp","href":"https:\/\/api.w.org\/{rel}","templated":true}]}}