{"id":380528,"date":"2025-09-10T15:13:09","date_gmt":"2025-09-10T15:13:09","guid":{"rendered":"https:\/\/www.europesays.com\/fr\/380528\/"},"modified":"2025-09-10T15:13:09","modified_gmt":"2025-09-10T15:13:09","slug":"13-000-a-30-000-manifestants-dans-les-rues-de-toulouse-des-incidents-eclatent","status":"publish","type":"post","link":"https:\/\/www.europesays.com\/fr\/380528\/","title":{"rendered":"13 000 \u00e0 30 000 manifestants dans les rues de Toulouse, des incidents \u00e9clatent"},"content":{"rendered":"<p>            Par<br \/>\n        <strong><br \/>\n            <a href=\"https:\/\/actu.fr\/auteur\/guillaume-laurens\" title=\"Consulter tous les articles de Guillaume Laurens\" rel=\"nofollow noopener\" target=\"_blank\">Guillaume Laurens<\/a><br \/>\n        <\/strong><\/p>\n<p>        Publi\u00e9 le<\/p>\n<p>            10 sept. 2025 \u00e0 16h51<br \/>\n        ; mis \u00e0 jour le 10 sept. 2025 \u00e0 17h00    <\/p>\n<p>Alors que la journ\u00e9e a \u00e9t\u00e9 marqu\u00e9e par une multitude de <strong>blocages express<\/strong> et quelques incidents dans les rues de <a href=\"https:\/\/actu.fr\/toulouse\/\" rel=\"nofollow noopener\" target=\"_blank\"><strong>Toulouse<\/strong><\/a>, le cort\u00e8ge officiel de<a href=\"https:\/\/actu.fr\/occitanie\/toulouse_31555\/bloquons-tout-a-toulouse-voici-le-programme-des-manifestations-annoncees-pour-le-10-septembre_63131209.html\" rel=\"nofollow noopener\" target=\"_blank\"> la manifestation dite \u00ab\u00a0Bloquons Tout\u00a0\u00bb<\/a> du mercredi 10 septembre 2025 est arriv\u00e9e \u00e0 Saint-Cyprien en milieu d\u2019apr\u00e8s-midi. Premier bilan chiffr\u00e9.<\/p>\n<p>Entre 13 000 et 30 000 manifestants selon les sources<\/p>\n<p class=\" wall-content\">D\u2019apr\u00e8s la pr\u00e9fecture, quelque<strong> 13 000 personnes<\/strong> composaient le cort\u00e8ge, alors que de sources syndicales, cette manifestation officielle a plut\u00f4t r\u00e9uni environ <strong>30 000 personnes<\/strong>.<\/p>\n<p>Gaz lacrymo vs fumig\u00e8nes et pav\u00e9s<\/p>\n<p class=\" wall-content\">En fin de parcours, \u00e0 Saint-Cyprien, des <strong>incidents<\/strong> ont \u00e9clat\u00e9. La police a dispers\u00e9 \u00e0 coups de <strong>gaz lacrymog\u00e8nes<\/strong> les manifestants. Lesquels balan\u00e7aient des <strong>fumig\u00e8nes<\/strong>, <strong>pav\u00e9s<\/strong> et autres <strong>p\u00e9tards<\/strong>. Des blacks blocs se sont ensuite dispers\u00e9s dans les rues du quartier de la rive gauche de Toulouse.<\/p>\n<blockquote class=\"tiktok-embed\" cite=\"https:\/\/www.tiktok.com\/@actutoulouse\/video\/7548466221604146454\" data-video-id=\"7548466221604146454\" data-embed-from=\"oembed\" style=\"max-width:605px; min-width:325px;\"><p>\n<a target=\"_blank\" title=\"@actutoulouse\" href=\"https:\/\/www.tiktok.com\/@actutoulouse?refer=embed\" rel=\"nofollow noopener\">@actutoulouse<\/a> <\/p>\n<p>\ud83d\udd34 Des fumig\u00e8nes lanc\u00e9s, des personnes gaz\u00e9es et des p\u00e9tards envoy\u00e9s  <a title=\"bloquonstout\" target=\"_blank\" href=\"https:\/\/www.tiktok.com\/tag\/bloquonstout?refer=embed\" rel=\"nofollow noopener\">#bloquonstout<\/a> <a title=\"toulouse\" target=\"_blank\" href=\"https:\/\/www.tiktok.com\/tag\/toulouse?refer=embed\" rel=\"nofollow noopener\">#toulouse<\/a> <\/p>\n<p> <a target=\"_blank\" title=\"\u266c son original - Actu Toulouse\" href=\"https:\/\/www.tiktok.com\/music\/son-original-7548466201161321238?refer=embed\" rel=\"nofollow noopener\">\u266c son original \u2013 Actu Toulouse<\/a> <\/p>\n<\/blockquote>\n<p class=\" wall-content\">Plus d\u2019infos sur la manifestation dans notre direct ci-dessous :<\/p>\n<p class=\" wall-content\">Personnalisez votre actualit\u00e9 en ajoutant vos villes et m\u00e9dias en favori avec <a href=\"https:\/\/moncompte.actu.fr\" title=\"D\u00e9couvez Mon Actu\" rel=\"nofollow noopener\" data-trk=\"{&quot;cta&quot;:{&quot;action&quot;:&quot;https:\\\/\\\/moncompte.actu.fr&quot;,&quot;category&quot;:&quot;mon compte&quot;,&quot;from&quot;:&quot;article footer&quot;,&quot;name&quot;:&quot;Mon actu&quot;,&quot;type&quot;:&quot;cta&quot;}}\" target=\"_blank\">Mon Actu<\/a>.<\/p>\n<p>                    <script async src=\"\/\/www.tiktok.com\/embed.js\"><\/script><\/p>\n","protected":false},"excerpt":{"rendered":"Par Guillaume Laurens Publi\u00e9 le 10 sept. 2025 \u00e0 16h51 ; mis \u00e0 jour le 10 sept. 2025&hellip;\n","protected":false},"author":2,"featured_media":380529,"comment_status":"","ping_status":"","sticky":false,"template":"","format":"standard","meta":{"footnotes":""},"categories":[2816],"tags":[1111,11,1777,674,1011,27,12,2680,25,104,2312],"class_list":{"0":"post-380528","1":"post","2":"type-post","3":"status-publish","4":"format-standard","5":"has-post-thumbnail","7":"category-toulouse","8":"tag-actu","9":"tag-actualites","10":"tag-eu","11":"tag-europe","12":"tag-fr","13":"tag-france","14":"tag-news","15":"tag-occitanie","16":"tag-republique-francaise","17":"tag-societe","18":"tag-toulouse"},"share_on_mastodon":{"url":"","error":""},"_links":{"self":[{"href":"https:\/\/www.europesays.com\/fr\/wp-json\/wp\/v2\/posts\/380528","targetHints":{"allow":["GET"]}}],"collection":[{"href":"https:\/\/www.europesays.com\/fr\/wp-json\/wp\/v2\/posts"}],"about":[{"href":"https:\/\/www.europesays.com\/fr\/wp-json\/wp\/v2\/types\/post"}],"author":[{"embeddable":true,"href":"https:\/\/www.europesays.com\/fr\/wp-json\/wp\/v2\/users\/2"}],"replies":[{"embeddable":true,"href":"https:\/\/www.europesays.com\/fr\/wp-json\/wp\/v2\/comments?post=380528"}],"version-history":[{"count":0,"href":"https:\/\/www.europesays.com\/fr\/wp-json\/wp\/v2\/posts\/380528\/revisions"}],"wp:featuredmedia":[{"embeddable":true,"href":"https:\/\/www.europesays.com\/fr\/wp-json\/wp\/v2\/media\/380529"}],"wp:attachment":[{"href":"https:\/\/www.europesays.com\/fr\/wp-json\/wp\/v2\/media?parent=380528"}],"wp:term":[{"taxonomy":"category","embeddable":true,"href":"https:\/\/www.europesays.com\/fr\/wp-json\/wp\/v2\/categories?post=380528"},{"taxonomy":"post_tag","embeddable":true,"href":"https:\/\/www.europesays.com\/fr\/wp-json\/wp\/v2\/tags?post=380528"}],"curies":[{"name":"wp","href":"https:\/\/api.w.org\/{rel}","templated":true}]}}