{"id":38053,"date":"2025-04-20T05:03:08","date_gmt":"2025-04-20T05:03:08","guid":{"rendered":"https:\/\/www.europesays.com\/fr\/38053\/"},"modified":"2025-04-20T05:03:08","modified_gmt":"2025-04-20T05:03:08","slug":"a-paris-sous-la-tour-montparnasse-un-centre-commercial-au-bord-du-gouffre","status":"publish","type":"post","link":"https:\/\/www.europesays.com\/fr\/38053\/","title":{"rendered":"\u00e0 Paris, sous la tour Montparnasse, un centre commercial au bord du gouffre"},"content":{"rendered":"<p>            Par<br \/>\n        <strong><br \/>\n            <a href=\"https:\/\/actu.fr\/auteur\/hugo-hancewicz\" title=\"Consulter tous les articles de Hugo Hancewicz\" target=\"_blank\" rel=\"noopener\">Hugo Hancewicz<\/a><br \/>\n        <\/strong><\/p>\n<p>        Publi\u00e9 le<\/p>\n<p>            20 avr. 2025 \u00e0 6h16        <\/p>\n<p>\u00ab\u2009C\u2019est un coupe-gorge, je n\u2019y mets plus les pieds.\u2009\u00bb Le constat de F\u00e8s est sans appel. Comme beaucoup d\u2019habitu\u00e9s du quartier <a href=\"https:\/\/actu.fr\/tag\/montparnasse\" target=\"_blank\" rel=\"noopener\">Montparnasse<\/a> (<strong>15e<\/strong>), il \u00e9vite d\u00e9sormais le centre commercial Maine-Montparnasse, situ\u00e9 au pied de la <a href=\"https:\/\/actu.fr\/ile-de-france\/paris_75056\/cinquante-ans-de-la-tour-montparnasse-une-impossible-utopie-futuriste_59731451.html\" target=\"_blank\" rel=\"noopener\">c\u00e9l\u00e8bre tour<\/a> de 210\u00a0m\u00e8tres de haut. Jadis anim\u00e9, l\u2019espace semble aujourd\u2019hui <strong>\u00e9cras\u00e9 par la masse du gratte-ciel<\/strong>, d\u00e9sert\u00e9 par les enseignes, abandonn\u00e9 par ses visiteurs. Strat\u00e9giquement plac\u00e9 \u00e0 la fronti\u00e8re des 6e, 14e et 15e arrondissements, le centre aurait pu rayonner. Mais en r\u00e9alit\u00e9, <strong>il se vide inexorablement<\/strong>, victime d\u2019un enlisement urbanistique. Depuis plusieurs ann\u00e9es, de nombreux projets se sont succ\u00e9d\u00e9, mais sans succ\u00e8s. En cause\u2009: des blocages et des d\u00e9saccords politiques. Mais derni\u00e8rement, <strong>les discussions se sont acc\u00e9l\u00e9r\u00e9es<\/strong> et un nouveau projet pourrait bel et bien voir le jour.<\/p>\n<p>De nombreuses fermetures \u00e0 la cha\u00eene<\/p>\n<p class=\" wall-content\">Avant m\u00eame de franchir les portes de la galerie, le ton est donn\u00e9. Une rapide recherche sur Google suffit \u00e0 refroidir les plus t\u00e9m\u00e9raires\u2009: \u00ab\u2009Lieu d\u2019urbex\u2009?\u2009\u00bb, \u00ab\u2009En quasi-faillite\u2009\u00bb, \u00ab\u2009Tristounet\u2009\u00bb, <strong>\u00ab\u2009Totalement \u00e0 l\u2019abandon\u2009\u00bb<\/strong>. Une mise en bouche peu engageante\u2026 et sur place, la r\u00e9alit\u00e9 ne fait que confirmer ces impressions. Rideaux baiss\u00e9s, vitrines vides, all\u00e9es sombres\u2009: pr\u00e8s de <strong>90\u2009% des commerces ont tir\u00e9 le rideau<\/strong> au cours des cinq derni\u00e8res ann\u00e9es. Une lente agonie, accompagn\u00e9e d\u2019odeurs persistantes et d\u2019un \u00e9clairage d\u00e9faillant.<\/p>\n<p class=\" wall-content\">Sur place, les commer\u00e7ants pr\u00e9f\u00e8rent rester discrets. \u00ab\u00a0On r\u00e9fl\u00e9chit \u00e0 fermer dans les prochains mois, confie un employ\u00e9 d\u2019un magasin de textile, le lieu est mort, <strong>on a de moins en moins de clients<\/strong>\u2009\u00bb. M\u00eame le maire du 15e arrondissement, Philippe Goujon (LR), le reconna\u00eet\u2009: \u00ab\u00a0C\u2019est tr\u00e8s glauque\u00a0\u00bb. Depuis plusieurs, il tire la sonnette d\u2019alarme sur la situation du centre commercial.<\/p>\n<p>      <img   decoding=\"async\" loading=\"lazy\" src=\"https:\/\/www.europesays.com\/fr\/wp-content\/uploads\/2025\/04\/img-4060-960x640.jpg\" alt=\"Depuis cinq ans, environ 90 % des commerces du centre commercial ont ferm\u00e9.\" width=\"960\" height=\"640\"\/><br \/>\n    Depuis cinq ans, environ 90\u2009% des commerces du centre commercial ont ferm\u00e9. (\u00a9HH\/actu Paris)Aux alentours, des galeries plus attractives<\/p>\n<p class=\" wall-content\">Malgr\u00e9 tout, quelques rares enseignes r\u00e9sistent, \u00e0 l\u2019image du C&amp;A, dont les rayons, bien garnis, semblent tenir bon au milieu du vide. Mais pour beaucoup, <strong>la messe est dite<\/strong>. Anouk, crois\u00e9e au pied de la tour, ne voit plus l\u2019int\u00e9r\u00eat d\u2019y mettre les pieds. \u00ab\u2009Quand je fais les magasins, je vais aux <a href=\"https:\/\/actu.fr\/ile-de-france\/paris_75056\/bowling-laser-game-jeux-d-arcade-a-paris-les-ateliers-gaite-ouvrent-un-espace-xxl-dedie-aux-loisirs_61578312.html\" target=\"_blank\" rel=\"noopener\">Ateliers Ga\u00eet\u00e9<\/a>\u2009\u00bb, explique cette trentenaire parisienne. Ouvert en 2022 \u00e0 deux pas de l\u00e0, <strong>ce centre flambant neuf<\/strong> attire d\u00e9sormais l\u2019essentiel de la client\u00e8le du quartier avec une offre moderne et vari\u00e9e. Une rude concurrence qui n\u2019a pas \u00e9t\u00e9 dans le sens du centre commercial sous la tour.<\/p>\n<p class=\" wall-content\">\u00ab\u2009La galerie de la gare est aussi bien plus attrayante, ajoute-t-elle. L\u2019offre y est plus dynamique, compl\u00e9mentaire avec celle des Ateliers Ga\u00eet\u00e9.\u2009\u00bb Pour elle, pas question de s\u2019aventurer <strong>dans les all\u00e9es lugubres et d\u00e9sertes<\/strong> de Maine-Montparnasse. Et elle n\u2019est visiblement pas la seule \u00e0 avoir tourn\u00e9 la page. F\u00e8s aussi opte plut\u00f4t pour des commerces alentour ou pr\u00e9f\u00e8re m\u00eame se d\u00e9placer \u00ab\u2009dans un endroit quartier de Paris\u2009\u00bb.<\/p>\n<p class=\" wall-content\">\n<p class=\" wall-content\">Le cas de Maine-Montparnasse n\u2019est pas isol\u00e9. \u00c0 Paris, d\u2019autres quartiers voient <strong>leur tissu commercial se d\u00e9liter<\/strong>. \u00c0 la Porte Maillot (16e), <a href=\"https:\/\/actu.fr\/ile-de-france\/paris_75056\/les-travaux-ont-dure-trop-longtemps-a-paris-les-boutiques-du-palais-des-congres-regrettent-leurs-clients_62513812.html\" target=\"_blank\" rel=\"noopener\">la fr\u00e9quentation des lieux est en berne<\/a>. Sur le boulevard Saint-Michel, dans les 5e et 6e arrondissements, <a href=\"https:\/\/actu.fr\/ile-de-france\/paris_75056\/paris-en-crise-depuis-des-annees-les-commerces-du-boulevard-saint-michel-continuent-de-s-eteindre_62445900.html\" target=\"_blank\" rel=\"noopener\">les rideaux tombent les uns apr\u00e8s les autres<\/a>. Une lente \u00e9rosion qui inqui\u00e8te \u00e9lus et riverains.<\/p>\n<p>Vers un projet concret\u2009?<\/p>\n<p class=\" wall-content\">Mais alors que la maire du 14e arrondissement, Carine Petit (EELV) \u2013 qui n\u2019a pas r\u00e9pondu \u00e0 nos sollicitations \u2013 <strong>\u00e9tait accus\u00e9e de bloquer les projets depuis plusieurs ann\u00e9es<\/strong>, la mairie centrale a finalement tranch\u00e9. Un nouveau projet devrait voir le jour dans le quartier, et notamment sur la partie du centre commercial. Alors que les pr\u00e9c\u00e9dents projets pr\u00e9voyaient de le d\u00e9truire, il devrait \u00eatre maintenu et <strong>consid\u00e9rablement modifi\u00e9<\/strong>. \u00ab\u2009C\u2019est dans l\u2019int\u00e9r\u00eat public\u2009\u00bb, assure Philippe Goujon. D\u2019autant plus que la Ville de Paris n\u2019aura quasiment rien \u00e0 investir.<\/p>\n<p class=\" wall-content\">Mais des questions juridiques doivent encore \u00eatre r\u00e9gl\u00e9es <strong>pour enclencher la marche avant<\/strong>. \u00ab\u2009Il va y avoir une \u00e9tude pour savoir si le PLU doit \u00eatre modifi\u00e9\u2009\u00bb, glisse l\u2019\u00e9dile du 15e. Dans le cas contraire, le certificat d\u2019urbanisme qui court jusqu\u2019\u00e0 la fin de l\u2019ann\u00e9e serait suffisant pour d\u00e9marrer le projet. C\u00f4t\u00e9 calendrier\u2009: une r\u00e9ponse devrait \u00eatre apport\u00e9e dans les mois \u00e0 venir. <strong>\u00ab\u2009C\u2019est un projet qui s\u2019annonce gigantesque\u2009\u00bb<\/strong>, pr\u00e9vient l\u2019\u00e9lu.<\/p>\n<p class=\" wall-content\">Suivez toute l\u2019actualit\u00e9 de vos villes et m\u00e9dias favoris en vous inscrivant \u00e0 <a href=\"https:\/\/moncompte.actu.fr\" title=\"D\u00e9couvez Mon Actu\" rel=\"nofollow noopener\" data-trk=\"{&quot;cta&quot;:{&quot;action&quot;:&quot;https:\\\/\\\/moncompte.actu.fr&quot;,&quot;category&quot;:&quot;mon compte&quot;,&quot;from&quot;:&quot;article footer&quot;,&quot;name&quot;:&quot;Mon actu&quot;,&quot;type&quot;:&quot;cta&quot;}}\" target=\"_blank\">Mon Actu<\/a>.<\/p>\n","protected":false},"excerpt":{"rendered":"Par Hugo Hancewicz Publi\u00e9 le 20 avr. 2025 \u00e0 6h16 \u00ab\u2009C\u2019est un coupe-gorge, je n\u2019y mets plus les&hellip;\n","protected":false},"author":2,"featured_media":38054,"comment_status":"","ping_status":"","sticky":false,"template":"","format":"standard","meta":{"footnotes":""},"categories":[1888],"tags":[1111,1928,11,1927,215,1777,674,1011,27,2381,11674,12,1926,626,1925,25,104],"class_list":{"0":"post-38053","1":"post","2":"type-post","3":"status-publish","4":"format-standard","5":"has-post-thumbnail","7":"category-paris","8":"tag-actu","9":"tag-actu-paris","10":"tag-actualites","11":"tag-actualites-paris","12":"tag-commerce","13":"tag-eu","14":"tag-europe","15":"tag-fr","16":"tag-france","17":"tag-mairie-de-paris","18":"tag-montparnasse","19":"tag-news","20":"tag-news-paris","21":"tag-paris","22":"tag-paris-news","23":"tag-republique-francaise","24":"tag-societe"},"share_on_mastodon":{"url":"https:\/\/pubeurope.com\/@fr\/114368545035872401","error":""},"_links":{"self":[{"href":"https:\/\/www.europesays.com\/fr\/wp-json\/wp\/v2\/posts\/38053","targetHints":{"allow":["GET"]}}],"collection":[{"href":"https:\/\/www.europesays.com\/fr\/wp-json\/wp\/v2\/posts"}],"about":[{"href":"https:\/\/www.europesays.com\/fr\/wp-json\/wp\/v2\/types\/post"}],"author":[{"embeddable":true,"href":"https:\/\/www.europesays.com\/fr\/wp-json\/wp\/v2\/users\/2"}],"replies":[{"embeddable":true,"href":"https:\/\/www.europesays.com\/fr\/wp-json\/wp\/v2\/comments?post=38053"}],"version-history":[{"count":0,"href":"https:\/\/www.europesays.com\/fr\/wp-json\/wp\/v2\/posts\/38053\/revisions"}],"wp:featuredmedia":[{"embeddable":true,"href":"https:\/\/www.europesays.com\/fr\/wp-json\/wp\/v2\/media\/38054"}],"wp:attachment":[{"href":"https:\/\/www.europesays.com\/fr\/wp-json\/wp\/v2\/media?parent=38053"}],"wp:term":[{"taxonomy":"category","embeddable":true,"href":"https:\/\/www.europesays.com\/fr\/wp-json\/wp\/v2\/categories?post=38053"},{"taxonomy":"post_tag","embeddable":true,"href":"https:\/\/www.europesays.com\/fr\/wp-json\/wp\/v2\/tags?post=38053"}],"curies":[{"name":"wp","href":"https:\/\/api.w.org\/{rel}","templated":true}]}}