{"id":380530,"date":"2025-09-10T15:14:14","date_gmt":"2025-09-10T15:14:14","guid":{"rendered":"https:\/\/www.europesays.com\/fr\/380530\/"},"modified":"2025-09-10T15:14:14","modified_gmt":"2025-09-10T15:14:14","slug":"un-enorme-salon-pour-trouver-un-job-dans-la-tech-debarque-a-lille-le-23-septembre","status":"publish","type":"post","link":"https:\/\/www.europesays.com\/fr\/380530\/","title":{"rendered":"Un \u00e9norme salon pour trouver un job dans la tech d\u00e9barque \u00e0 Lille le 23 septembre"},"content":{"rendered":"<p><b>La tech, mais pour tout le monde<\/b>&#13;<\/p>\n<p><strong>IA, cybers\u00e9curit\u00e9, nouveaux m\u00e9tiers\u2026<\/strong> la tech \u00e9volue vite et ce salon veut montrer que personne ne doit rester sur le bord de la route. Avec le soutien de la MEL et de la R\u00e9gion, la <strong>Talent Fair<\/strong> <a href=\"https:\/\/www.lebonbon.fr\/lille\/actu\/dates-gros-festival-food-automne-lille\/\" rel=\"nofollow noopener\" target=\"_blank\">d&rsquo;Euratechnologies<\/a> veut casser les biais habituels et donner une vraie place \u00e0 la diversit\u00e9 et \u00e0 l\u2019inclusion dans les carri\u00e8res num\u00e9riques.<\/p>\n<p>&#13;<\/p>\n<blockquote class=\"instagram-media\" data-instgrm-permalink=\"https:\/\/www.instagram.com\/reel\/DNjXacWMYjC\/?utm_source=ig_embed&amp;utm_campaign=loading\" data-instgrm-version=\"14\" style=\"background: #FFF; border: 0; border-radius: 3px; box-shadow: 0 0 1px 0 rgba(0,0,0,0.5),0 1px 10px 0 rgba(0,0,0,0.15); margin: 1px; max-width: 540px; min-width: 326px; padding: 0; width: calc(100% - 2px);\"><p>&#13;<br \/>\n&#13;\n<\/p><\/blockquote>\n<p>&#13;<br \/>\n&#13;<br \/>\n<b>Trois espaces in\u00e9dits \u00e0 explorer<\/b>&#13;<\/p>\n<p>Pour plonger dans le futur de l\u2019emploi, trois zones th\u00e9matiques d\u00e9barquent cette ann\u00e9e\u00a0: un <b>IA Corner<\/b> pour d\u00e9couvrir les m\u00e9tiers li\u00e9s \u00e0 l\u2019intelligence artificielle et tester des outils\u00a0; un <b>Village Cyber<\/b> anim\u00e9 par le Campus Cyber Hauts-de-France pour tout savoir sur la cybers\u00e9curit\u00e9\u00a0; et un espace <b>Tech Pour Tous<\/b>, port\u00e9 par l\u2019Association Z, qui met en avant l\u2019inclusion et la diversit\u00e9 dans la tech.<\/p>\n<p>&#13;<\/p>\n<p><img loading=\"lazy\" decoding=\"async\" src=\"https:\/\/uploads.lebonbon.fr\/source\/2025\/Lille\/Septembre\/PHOTOS%20COUV%20LEBONBON-5.jpg\" width=\"1000\" height=\"563\" alt=\"\"\/><\/p>\n<p>&#13;<br \/>\n<b>Un programme taill\u00e9 pour booster sa carri\u00e8re<\/b>&#13;<\/p>\n<p>La journ\u00e9e promet d\u2019\u00eatre bien remplie\u00a0: <strong>offres d\u2019emploi, ateliers pratiques, conf\u00e9rences inspirantes, entretiens individuels avec des recruteurs<\/strong>\u2026 sans oublier des s\u00e9ances photos pros offertes pour upgrader son profil LinkedIn. \u00c9tudiant, fra\u00eechement dipl\u00f4m\u00e9, en reconversion ou d\u00e9j\u00e0 les deux pieds dans la vie pro\u00a0: tout le monde est bienvenu, c\u2019est l\u2019occasion de rencontrer tout l\u2019\u00e9cosyst\u00e8me lillois de la tech en un seul endroit.<\/p>\n<p>&#13;<\/p>\n<p><b>Talent Fair 2025, Tech for all<br \/>Mardi 23 septembre 2025 \u2013 de 9h \u00e0 15h<br \/>EuraTechnologies, Place Pierre de Saintignon, Lille (M\u00e9tro 2 \u2013 Canteleu)<br \/><a href=\"https:\/\/event.euratechnologies.com\/talent-fair\/index.aspx\" rel=\"nofollow noopener noreferrer\" target=\"_blank\">Programme complet ici\u00a0<\/a><\/b><\/p>\n<p><script async src=\"\/\/www.instagram.com\/embed.js\"><\/script><\/p>\n","protected":false},"excerpt":{"rendered":"La tech, mais pour tout le monde&#13; IA, cybers\u00e9curit\u00e9, nouveaux m\u00e9tiers\u2026 la tech \u00e9volue vite et ce salon&hellip;\n","protected":false},"author":2,"featured_media":380531,"comment_status":"","ping_status":"","sticky":false,"template":"","format":"standard","meta":{"footnotes":""},"categories":[2815],"tags":[1111,11,1777,674,1011,27,811,1307,12,25],"class_list":{"0":"post-380530","1":"post","2":"type-post","3":"status-publish","4":"format-standard","5":"has-post-thumbnail","7":"category-lille","8":"tag-actu","9":"tag-actualites","10":"tag-eu","11":"tag-europe","12":"tag-fr","13":"tag-france","14":"tag-hauts-de-france","15":"tag-lille","16":"tag-news","17":"tag-republique-francaise"},"share_on_mastodon":{"url":"https:\/\/pubeurope.com\/@fr\/115180658183804096","error":""},"_links":{"self":[{"href":"https:\/\/www.europesays.com\/fr\/wp-json\/wp\/v2\/posts\/380530","targetHints":{"allow":["GET"]}}],"collection":[{"href":"https:\/\/www.europesays.com\/fr\/wp-json\/wp\/v2\/posts"}],"about":[{"href":"https:\/\/www.europesays.com\/fr\/wp-json\/wp\/v2\/types\/post"}],"author":[{"embeddable":true,"href":"https:\/\/www.europesays.com\/fr\/wp-json\/wp\/v2\/users\/2"}],"replies":[{"embeddable":true,"href":"https:\/\/www.europesays.com\/fr\/wp-json\/wp\/v2\/comments?post=380530"}],"version-history":[{"count":0,"href":"https:\/\/www.europesays.com\/fr\/wp-json\/wp\/v2\/posts\/380530\/revisions"}],"wp:featuredmedia":[{"embeddable":true,"href":"https:\/\/www.europesays.com\/fr\/wp-json\/wp\/v2\/media\/380531"}],"wp:attachment":[{"href":"https:\/\/www.europesays.com\/fr\/wp-json\/wp\/v2\/media?parent=380530"}],"wp:term":[{"taxonomy":"category","embeddable":true,"href":"https:\/\/www.europesays.com\/fr\/wp-json\/wp\/v2\/categories?post=380530"},{"taxonomy":"post_tag","embeddable":true,"href":"https:\/\/www.europesays.com\/fr\/wp-json\/wp\/v2\/tags?post=380530"}],"curies":[{"name":"wp","href":"https:\/\/api.w.org\/{rel}","templated":true}]}}