{"id":380532,"date":"2025-09-10T15:15:16","date_gmt":"2025-09-10T15:15:16","guid":{"rendered":"https:\/\/www.europesays.com\/fr\/380532\/"},"modified":"2025-09-10T15:15:16","modified_gmt":"2025-09-10T15:15:16","slug":"une-jeune-femme-alcoolisee-se-tue-en-sautant-dun-immeuble-apres-la-braderie","status":"publish","type":"post","link":"https:\/\/www.europesays.com\/fr\/380532\/","title":{"rendered":"Une jeune femme alcoolis\u00e9e se tue en sautant d\u2019un immeuble apr\u00e8s la Braderie"},"content":{"rendered":"<p class=\"mb-4 text-lg md:leading-8 break-words\"><strong>TRAGIQUE &#8211; La victime de 26 ans a trouv\u00e9 la mort le 7 septembre en sautant d\u2019un immeuble de Villeneuve-d\u2019Ascq apr\u00e8s une soir\u00e9e \u00e0 la Braderie de Lille<\/strong><\/p>\n<p class=\"mb-4 text-lg md:leading-8 break-words\">Le drame s\u2019est produit tr\u00e8s t\u00f4t dans la matin\u00e9e du 7 septembre. Apr\u00e8s une soir\u00e9e trop alcoolis\u00e9e lors de <a href=\"https:\/\/www.braderie-de-lille.fr\/?at_medium=RSS%20feed&amp;at_campaign=ynews&amp;utm_source=yahoo&amp;utm_medium=rss&amp;utm_campaign=news_feed&amp;utm_content=in_article_link\" rel=\"nofollow noopener\" target=\"_blank\" data-ylk=\"slk:la Braderie de Lille;elm:context_link;itc:0;sec:content-canvas\" class=\"link \">la Braderie de Lille<\/a>, une jeune femme s\u2019est jet\u00e9e par la fen\u00eatre, situ\u00e9e au troisi\u00e8me \u00e9tage d\u2019un immeuble de Villeneuve-d\u2019Ascq, selon <a href=\"https:\/\/actu.fr\/hauts-de-france\/lille_59350\/de-retour-de-la-braderie-de-lille-une-jeune-femme-alcoolisee-saute-du-3eme-etage-dun-immeuble-et-se-tue_63128753.html?at_medium=RSS%20feed&amp;at_campaign=ynews&amp;utm_source=yahoo&amp;utm_medium=rss&amp;utm_campaign=news_feed&amp;utm_content=in_article_link\" rel=\"nofollow noopener\" target=\"_blank\" data-ylk=\"slk:Actu.fr;elm:context_link;itc:0;sec:content-canvas\" class=\"link \">Actu.fr<\/a>.<\/p>\n<p class=\"mb-4 text-lg md:leading-8 break-words\">C\u2019est aux alentours de 8 heures du matin que les <a href=\"https:\/\/www.20minutes.fr\/dossier\/pompiers?at_medium=RSS%20feed&amp;at_campaign=ynews&amp;utm_source=yahoo&amp;utm_medium=rss&amp;utm_campaign=news_feed&amp;utm_content=in_article_link\" rel=\"nofollow noopener\" target=\"_blank\" data-ylk=\"slk:sapeurs-pompiers;elm:context_link;itc:0;sec:content-canvas\" class=\"link \">sapeurs-pompiers<\/a>, alert\u00e9s par les proches de la victime, sont intervenus rue des Boulots. Mais les tentatives de r\u00e9animation n\u2019ont malheureusement pas fonctionn\u00e9. La victime a donc \u00e9t\u00e9 d\u00e9clar\u00e9e d\u00e9c\u00e9d\u00e9e sur place.<\/p>\n<p>Une soir\u00e9e beaucoup trop arros\u00e9e<\/p>\n<p class=\"mb-4 text-lg md:leading-8 break-words\">Pour la police, les circonstances du d\u00e9c\u00e8s sont directement en lien avec la consommation d\u2019alcool. D\u2019apr\u00e8s les premiers \u00e9l\u00e9ments de l\u2019enqu\u00eate, la jeune femme a pass\u00e9 la soir\u00e9e \u00e0 la Braderie de Lille, o\u00f9 elle s\u2019est fortement alcoolis\u00e9e.<\/p>\n<p class=\"mb-4 text-lg md:leading-8 break-words\">Quelques heures plus tard, dans un \u00e9tat d\u2019\u00e9bri\u00e9t\u00e9 tr\u00e8s avanc\u00e9, elle a insist\u00e9 pour rentrer au volant de sa voiture sur Villeneuve-d\u2019Ascq. Ce que ses proches ont bien \u00e9videmment refus\u00e9. Face au \u00ab non \u00bb cat\u00e9gorique de ses amis, la victime, qui n\u2019avait plus toutes ses facult\u00e9s, s\u2019est alors jet\u00e9e par la fen\u00eatre, se tuant sur le coup.<\/p>\n<p class=\"mb-4 text-lg md:leading-8 break-words\"><a href=\"https:\/\/www.20minutes.fr\/faits_divers\/4172286-20250910-lille-jeune-femme-alcoolisee-tue-sautant-immeuble-apres-braderie?at_medium=RSS%20feed&amp;at_campaign=ynews&amp;utm_source=yahoo&amp;utm_medium=rss&amp;utm_campaign=news_feed&amp;utm_content=read_more_link&quot;\" rel=\"nofollow noopener\" target=\"_blank\" data-ylk=\"slk:Lire la suite sur 20minutes;elm:context_link;itc:0;sec:content-canvas\" class=\"link \">Lire la suite sur 20minutes<\/a><\/p>\n<p>\u00c0 lire aussi :<br \/><a href=\"https:\/\/www.20minutes.fr\/faits_divers\/4158845-20250616-toulouse-jeune-femme-tue-tombant-station-telepherique?at_medium=RSS%20feed&amp;at_campaign=ynews&amp;utm_source=yahoo&amp;utm_medium=rss&amp;utm_campaign=news_feed&amp;utm_content=related_content_link\" rel=\"nofollow noopener\" target=\"_blank\" data-ylk=\"slk:Toulouse : Une jeune femme se tue en tombant d\u2019une station du t\u00e9l\u00e9ph\u00e9rique;elm:context_link;itc:0;sec:content-canvas\" class=\"link \">Toulouse : Une jeune femme se tue en tombant d\u2019une station du t\u00e9l\u00e9ph\u00e9rique<\/a><br \/><a href=\"https:\/\/www.20minutes.fr\/faits_divers\/faits-divers-rennes\/4164147-20250717-rennes-homme-tue-sautant-uvre-art-vilaine?at_medium=RSS%20feed&amp;at_campaign=ynews&amp;utm_source=yahoo&amp;utm_medium=rss&amp;utm_campaign=news_feed&amp;utm_content=related_content_link\" rel=\"nofollow noopener\" target=\"_blank\" data-ylk=\"slk:Rennes : Un homme se tue en sautant d\u2019une \u0153uvre d\u2019art sur la Vilaine;elm:context_link;itc:0;sec:content-canvas\" class=\"link \">Rennes : Un homme se tue en sautant d\u2019une \u0153uvre d\u2019art sur la Vilaine<\/a><\/p>\n","protected":false},"excerpt":{"rendered":"TRAGIQUE &#8211; La victime de 26 ans a trouv\u00e9 la mort le 7 septembre en sautant d\u2019un immeuble&hellip;\n","protected":false},"author":2,"featured_media":380533,"comment_status":"","ping_status":"","sticky":false,"template":"","format":"standard","meta":{"footnotes":""},"categories":[2815],"tags":[1111,11,18703,1777,674,1011,27,811,5480,17307,51394,1307,12,25,22238],"class_list":{"0":"post-380532","1":"post","2":"type-post","3":"status-publish","4":"format-standard","5":"has-post-thumbnail","7":"category-lille","8":"tag-actu","9":"tag-actualites","10":"tag-braderie-de-lille","11":"tag-eu","12":"tag-europe","13":"tag-fr","14":"tag-france","15":"tag-hauts-de-france","16":"tag-immeuble","17":"tag-jeune-femme","18":"tag-la-matinee","19":"tag-lille","20":"tag-news","21":"tag-republique-francaise","22":"tag-villeneuve-dascq"},"share_on_mastodon":{"url":"https:\/\/pubeurope.com\/@fr\/115180661954079705","error":""},"_links":{"self":[{"href":"https:\/\/www.europesays.com\/fr\/wp-json\/wp\/v2\/posts\/380532","targetHints":{"allow":["GET"]}}],"collection":[{"href":"https:\/\/www.europesays.com\/fr\/wp-json\/wp\/v2\/posts"}],"about":[{"href":"https:\/\/www.europesays.com\/fr\/wp-json\/wp\/v2\/types\/post"}],"author":[{"embeddable":true,"href":"https:\/\/www.europesays.com\/fr\/wp-json\/wp\/v2\/users\/2"}],"replies":[{"embeddable":true,"href":"https:\/\/www.europesays.com\/fr\/wp-json\/wp\/v2\/comments?post=380532"}],"version-history":[{"count":0,"href":"https:\/\/www.europesays.com\/fr\/wp-json\/wp\/v2\/posts\/380532\/revisions"}],"wp:featuredmedia":[{"embeddable":true,"href":"https:\/\/www.europesays.com\/fr\/wp-json\/wp\/v2\/media\/380533"}],"wp:attachment":[{"href":"https:\/\/www.europesays.com\/fr\/wp-json\/wp\/v2\/media?parent=380532"}],"wp:term":[{"taxonomy":"category","embeddable":true,"href":"https:\/\/www.europesays.com\/fr\/wp-json\/wp\/v2\/categories?post=380532"},{"taxonomy":"post_tag","embeddable":true,"href":"https:\/\/www.europesays.com\/fr\/wp-json\/wp\/v2\/tags?post=380532"}],"curies":[{"name":"wp","href":"https:\/\/api.w.org\/{rel}","templated":true}]}}