{"id":380534,"date":"2025-09-10T15:16:16","date_gmt":"2025-09-10T15:16:16","guid":{"rendered":"https:\/\/www.europesays.com\/fr\/380534\/"},"modified":"2025-09-10T15:16:16","modified_gmt":"2025-09-10T15:16:16","slug":"apm-monaco-organise-une-soiree-dexception-a-marseille","status":"publish","type":"post","link":"https:\/\/www.europesays.com\/fr\/380534\/","title":{"rendered":"APM Monaco organise une soir\u00e9e d&rsquo;exception \u00e0 Marseille"},"content":{"rendered":"<p>C&rsquo;est au c\u0153ur des plus belles adresses du Sud de la France qu&rsquo;APM Monaco d\u00e9voile son univers chic et contemporain. \u00c0 Marseille, au 50 rue Paradis et dans le centre vibrant des Terrasses du Port, la maison de joaillerie moderne a ouvert les portes de ses boutiques pour une immersion dans l&rsquo;art du bijou en argent, revisit\u00e9 avec audace. Reconnue pour la qualit\u00e9 exceptionnelle de ses cr\u00e9ations, la marque allie savoir-faire artisanal et design avant-gardiste. Chaque pi\u00e8ce est pens\u00e9e pour sublimer le quotidien tout en suivant le rythme effervescent des tendances : les collections sont renouvel\u00e9es tous les trois mois, offrant ainsi une diversit\u00e9 permanente et une fra\u00eecheur stylistique in\u00e9gal\u00e9e.<\/p>\n<p><img alt=\"APM Monaco organise une soir\u00e9e d'exception \u00e0 Marseille\" loading=\"lazy\" decoding=\"async\" data-nimg=\"fill\" class=\" TwicCore_img__i9TC1 undefined  undefined\" style=\"position:absolute;height:100%;width:100%;left:0;top:0;right:0;bottom:0;color:transparent;background-size:cover;background-position:50% 50%;background-repeat:no-repeat;background-image:url(&quot;data:image\/svg+xml;charset=utf-8,%3Csvg xmlns='http:\/\/www.w3.org\/2000\/svg' %3E%3Cfilter id='b' color-interpolation-filters='sRGB'%3E%3CfeGaussianBlur stdDeviation='20'\/%3E%3CfeColorMatrix values='1 0 0 0 0 0 1 0 0 0 0 0 1 0 0 0 0 0 100 -1' result='s'\/%3E%3CfeFlood x='0' y='0' width='100%25' height='100%25'\/%3E%3CfeComposite operator='out' in='s'\/%3E%3CfeComposite in2='SourceGraphic'\/%3E%3CfeGaussianBlur stdDeviation='20'\/%3E%3C\/filter%3E%3Cimage width='100%25' height='100%25' x='0' y='0' preserveAspectRatio='none' style='filter: url(%23b);' href='https:\/\/pictures.laprovence.com\/cdn-cgi\/image\/blur=250\/media\/melody\/2025\/09\/10\/apm-monaco-organise-une-soiree-d-exception-a-marseille-1757514796_2470208b81c868770208b81c8bb702v_.jpg'\/%3E%3C\/svg%3E&quot;)\"   src=\"https:\/\/www.europesays.com\/fr\/wp-content\/uploads\/2025\/09\/apm-monaco-organise-une-soiree-d-exception-a-marseille-1757514796_2470208b81c868770208b81c8bb702v_.j.jpeg\"\/>APM Monaco organise une soir\u00e9e d&rsquo;exception \u00e0 Marseille APM MonacoUne soir\u00e9e d\u00e9di\u00e9e au raffinement et \u00e0 la cr\u00e9ativit\u00e9<\/p>\n<p>La maison de joaillerie contemporaine continue d&rsquo;asseoir sa notori\u00e9t\u00e9 dans l&rsquo;univers du luxe accessible en organisant, le 9 septembre, une soir\u00e9e priv\u00e9e dans sa boutique marseillaise situ\u00e9e rue Paradis. \u00c0 l&rsquo;occasion du lancement de sa collection Automne 2025, la marque met en sc\u00e8ne un \u00e9v\u00e9nement exclusif o\u00f9 se m\u00ealent raffinement, cr\u00e9ativit\u00e9 et ancrage local. Fid\u00e8le \u00e0 son ADN \u00e0 la fois moderne et solaire, APM Monaco propose \u00e0 ses invit\u00e9s \u2014 clients VIP, influenceurs, partenaires et proches \u2014 une immersion \u00e9l\u00e9gante au c\u0153ur de ses nouvelles pi\u00e8ces unisexes, dans une ambiance automnale port\u00e9e par un DJ set, des gourmandises locales et une performance artistique en direct.<\/p>\n<p>Au-del\u00e0 de la simple pr\u00e9sentation de collection, cet \u00e9v\u00e9nement t\u00e9moigne de la puissance relationnelle et culturelle d&rsquo;APM Monaco, dont la renomm\u00e9e ne cesse de grandir, en particulier dans le Sud de la France. En r\u00e9unissant des figures influentes du monde de la mode, de l&rsquo;art et du digital, la marque affirme \u00e9galement sa place dans le paysage joaillier contemporain tout en renfor\u00e7ant les liens avec sa communaut\u00e9. Une strat\u00e9gie d&rsquo;image ma\u00eetris\u00e9e, qui conjugue l&rsquo;art de vivre m\u00e9diterran\u00e9en \u00e0 une esth\u00e9tique audacieuse et glamour.<\/p>\n<p><img alt=\"APM Monaco organise une soir\u00e9e d'exception \u00e0 Marseille\" loading=\"lazy\" decoding=\"async\" data-nimg=\"fill\" class=\" TwicCore_img__i9TC1 undefined  undefined\" style=\"position:absolute;height:100%;width:100%;left:0;top:0;right:0;bottom:0;color:transparent;background-size:cover;background-position:50% 50%;background-repeat:no-repeat;background-image:url(&quot;data:image\/svg+xml;charset=utf-8,%3Csvg xmlns='http:\/\/www.w3.org\/2000\/svg' %3E%3Cfilter id='b' color-interpolation-filters='sRGB'%3E%3CfeGaussianBlur stdDeviation='20'\/%3E%3CfeColorMatrix values='1 0 0 0 0 0 1 0 0 0 0 0 1 0 0 0 0 0 100 -1' result='s'\/%3E%3CfeFlood x='0' y='0' width='100%25' height='100%25'\/%3E%3CfeComposite operator='out' in='s'\/%3E%3CfeComposite in2='SourceGraphic'\/%3E%3CfeGaussianBlur stdDeviation='20'\/%3E%3C\/filter%3E%3Cimage width='100%25' height='100%25' x='0' y='0' preserveAspectRatio='none' style='filter: url(%23b);' href='https:\/\/pictures.laprovence.com\/cdn-cgi\/image\/blur=250\/media\/melody\/2025\/09\/10\/apm-monaco-organise-une-soiree-d-exception-a-marseille-1757514797_5491208b81c864991208b81c8fe912v_.jpg'\/%3E%3C\/svg%3E&quot;)\"   src=\"https:\/\/www.europesays.com\/fr\/wp-content\/uploads\/2025\/09\/apm-monaco-organise-une-soiree-d-exception-a-marseille-1757514797_5491208b81c864991208b81c8fe912v_.j.jpeg\"\/>APM Monaco organise une soir\u00e9e d&rsquo;exception \u00e0 Marseille APM MonacoUne collection automne audacieuse et unisexe, d\u00e8s le 1er septembre<\/p>\n<p>\u00c0 travers cette nouvelle collection, APM Monaco s&rsquo;offre une rentr\u00e9e r\u00e9solument urbaine et intemporelle, \u00e0 d\u00e9couvrir d\u00e8s le 1er septembre en ligne et dans l&rsquo;ensemble ses boutiques. Imagin\u00e9e comme une ode \u00e0 la polyvalence et \u00e0 l&rsquo;expression personnelle, cette nouvelle ligne se distingue par son caract\u00e8re unisexe et ses possibilit\u00e9s infinies de mix and match.<\/p>\n<p>Inspir\u00e9e par les \u00ab\u00a0San Pietrini\u00a0\u00bb, ces pav\u00e9s g\u00e9om\u00e9triques charg\u00e9s d&rsquo;histoire qui habillent les rues de Rome, la collection c\u00e9l\u00e8bre la beaut\u00e9 brute de l&rsquo;architecture urbaine. Chaque bijou en capture l&rsquo;essence \u00e0 travers des lignes structur\u00e9es, des volumes assum\u00e9s et une esth\u00e9tique contemporaine, pour des pi\u00e8ces \u00e9l\u00e9gantes, puissantes et modernes. Que ce soit pour sublimer une tenue de jour ou briller en soir\u00e9e, ces cr\u00e9ations personnifient le chic affirm\u00e9 et l&rsquo;individualit\u00e9. Retrouvez toutes les collections APM Monaco sur <a href=\"http:\/\/www.apm.mc\" target=\"_blank\" rel=\"noopener\">www.apm.mc<\/a><\/p>\n<p>La Provence M\u00e9dias &#8211; Contenu Sponsoris\u00e9<\/p>\n","protected":false},"excerpt":{"rendered":"C&rsquo;est au c\u0153ur des plus belles adresses du Sud de la France qu&rsquo;APM Monaco d\u00e9voile son univers chic&hellip;\n","protected":false},"author":2,"featured_media":380535,"comment_status":"","ping_status":"","sticky":false,"template":"","format":"standard","meta":{"footnotes":""},"categories":[2814],"tags":[17,1111,11,51395,8464,1777,674,1011,27,2831,884,3127,12,9271,882,25,953,96],"class_list":{"0":"post-380534","1":"post","2":"type-post","3":"status-publish","4":"format-standard","5":"has-post-thumbnail","7":"category-marseille","8":"tag-17","9":"tag-actu","10":"tag-actualites","11":"tag-apm","12":"tag-dexception","13":"tag-eu","14":"tag-europe","15":"tag-fr","16":"tag-france","17":"tag-loisirs-traditions","18":"tag-marseille","19":"tag-monaco","20":"tag-news","21":"tag-organise","22":"tag-provence-alpes-cote-dazur","23":"tag-republique-francaise","24":"tag-soiree","25":"tag-une"},"share_on_mastodon":{"url":"https:\/\/pubeurope.com\/@fr\/115180666036297706","error":""},"_links":{"self":[{"href":"https:\/\/www.europesays.com\/fr\/wp-json\/wp\/v2\/posts\/380534","targetHints":{"allow":["GET"]}}],"collection":[{"href":"https:\/\/www.europesays.com\/fr\/wp-json\/wp\/v2\/posts"}],"about":[{"href":"https:\/\/www.europesays.com\/fr\/wp-json\/wp\/v2\/types\/post"}],"author":[{"embeddable":true,"href":"https:\/\/www.europesays.com\/fr\/wp-json\/wp\/v2\/users\/2"}],"replies":[{"embeddable":true,"href":"https:\/\/www.europesays.com\/fr\/wp-json\/wp\/v2\/comments?post=380534"}],"version-history":[{"count":0,"href":"https:\/\/www.europesays.com\/fr\/wp-json\/wp\/v2\/posts\/380534\/revisions"}],"wp:featuredmedia":[{"embeddable":true,"href":"https:\/\/www.europesays.com\/fr\/wp-json\/wp\/v2\/media\/380535"}],"wp:attachment":[{"href":"https:\/\/www.europesays.com\/fr\/wp-json\/wp\/v2\/media?parent=380534"}],"wp:term":[{"taxonomy":"category","embeddable":true,"href":"https:\/\/www.europesays.com\/fr\/wp-json\/wp\/v2\/categories?post=380534"},{"taxonomy":"post_tag","embeddable":true,"href":"https:\/\/www.europesays.com\/fr\/wp-json\/wp\/v2\/tags?post=380534"}],"curies":[{"name":"wp","href":"https:\/\/api.w.org\/{rel}","templated":true}]}}