{"id":380538,"date":"2025-09-10T15:18:11","date_gmt":"2025-09-10T15:18:11","guid":{"rendered":"https:\/\/www.europesays.com\/fr\/380538\/"},"modified":"2025-09-10T15:18:11","modified_gmt":"2025-09-10T15:18:11","slug":"un-grand-festival-street-art-debarque-dans-un-lieu-mythique-de-perrache-pendant-deux-mois","status":"publish","type":"post","link":"https:\/\/www.europesays.com\/fr\/380538\/","title":{"rendered":"Un grand festival street art d\u00e9barque dans un lieu mythique de Perrache pendant deux mois"},"content":{"rendered":"<p data-start=\"527\" data-end=\"905\">Depuis 2022, <strong data-start=\"540\" data-end=\"615\"><a href=\"https:\/\/airtdefamille.fr\/\" rel=\"nofollow noopener noreferrer\" target=\"_blank\">AiRT de famille<\/a> transforme des lieux en friche en laboratoires cr\u00e9atifs<\/strong>. Apr\u00e8s le Mus\u00e9e des tissus et la <a href=\"https:\/\/www.lebonbon.fr\/lyon\/news\/ce-que-va-devenir-la-galerie-des-terreaux-lyon\/\" rel=\"nofollow noopener\" target=\"_blank\">Galerie des Terreaux<\/a>, c\u2019est au tour du centre d\u2019\u00e9changes de Perrache, marqu\u00e9 par les travaux, de se r\u00e9inventer gr\u00e2ce aux artistes. Objectif affich\u00e9\u00a0: offrir un terrain d\u2019exp\u00e9rimentation tout en redonnant vie \u00e0 un site souvent jug\u00e9 froid et inhospitalier.<\/p>\n<p>&#13;<br \/>\n<strong>Des mondes \u00e0 explorer comme dans un parc d\u2019attractions<\/strong>&#13;<\/p>\n<p data-start=\"973\" data-end=\"1327\">Cette \u00e9dition se d\u00e9ploie comme <strong data-start=\"1004\" data-end=\"1050\">un v\u00e9ritable parc d\u2019attractions artistique<\/strong>, avec des univers reli\u00e9s par les \u201cgardiens des mondes\u201d imagin\u00e9s par le duo Toki. Eau, cit\u00e9, nature, jeux d\u2019\u00e9quilibre\u00a0: chaque espace devient une immersion totale, du sol au plafond. Sur la place Carnot, les fresques et performances prolongeront cette travers\u00e9e en plein air.<\/p>\n<p>&#13;<\/p>\n<blockquote class=\"instagram-media\" data-instgrm-permalink=\"https:\/\/www.instagram.com\/p\/DL2f2qNKsG1\/?utm_source=ig_embed&amp;utm_campaign=loading\" data-instgrm-version=\"14\" style=\"background: #FFF; border: 0; border-radius: 3px; box-shadow: 0 0 1px 0 rgba(0,0,0,0.5),0 1px 10px 0 rgba(0,0,0,0.15); margin: 1px; max-width: 540px; min-width: 326px; padding: 0; width: calc(100% - 2px);\"><p>&#13;<br \/>\n&#13;\n<\/p><\/blockquote>\n<p>&#13;<br \/>\n&#13;<br \/>\n&#13;<\/p>\n<p data-start=\"1388\" data-end=\"1694\">Autre marque de fabrique du festival\u00a0: <strong data-start=\"1427\" data-end=\"1476\">la collecte d\u2019objets donn\u00e9s par les habitants<\/strong>. <strong>Plus de 600 pi\u00e8ces<\/strong>, allant d\u2019une m\u00e2choire de requin aux baskets de Nando de Colo port\u00e9es aux JO, ont \u00e9t\u00e9 confi\u00e9es aux artistes. Chaque fragment du quotidien devient ainsi une pi\u00e8ce vivante int\u00e9gr\u00e9e dans les \u0153uvres.<\/p>\n<p>&#13;<br \/>\n<strong>Plus de 40 artistes au rendez-vous<\/strong>&#13;<\/p>\n<p data-start=\"1748\" data-end=\"2112\">Cette 4\u1d49 \u00e9dition r\u00e9unit <strong data-start=\"1772\" data-end=\"1824\">un casting XXL de talents confirm\u00e9s et \u00e9mergents<\/strong>. On retrouvera les signatures famili\u00e8res d\u2019Omart comme Doroth\u00e9e Richard, Myet ou Muz mural media, mais aussi de nouvelles voix artistiques telles qu\u2019Also, Piment Martin ou Fouapa. Le dessinateur Gaspard Mariotte r\u00e9alisera m\u00eame un carnet de voyage directement sur la fa\u00e7ade du b\u00e2timent.<\/p>\n<p>&#13;<\/p>\n<blockquote class=\"instagram-media\" data-instgrm-permalink=\"https:\/\/www.instagram.com\/reel\/DOG3kgGCiwA\/?utm_source=ig_embed&amp;utm_campaign=loading\" data-instgrm-version=\"14\" style=\"background: #FFF; border: 0; border-radius: 3px; box-shadow: 0 0 1px 0 rgba(0,0,0,0.5),0 1px 10px 0 rgba(0,0,0,0.15); margin: 1px; max-width: 540px; min-width: 326px; padding: 0; width: calc(100% - 2px);\"><p>&#13;<br \/>\n&#13;\n<\/p><\/blockquote>\n<p>&#13;<br \/>\n&#13;<br \/>\n&#13;<\/p>\n<p data-start=\"1748\" data-end=\"2112\">Au-del\u00e0 de l\u2019exposition, <strong data-start=\"2183\" data-end=\"2240\">AiRT de famille mise sur l\u2019interaction avec le public<\/strong>. Dans \u201cl\u2019atelier\u201d, on pourra tester la linogravure, se faire tatouer lors de flash days, chiner des vinyles ou participer \u00e0 des brunchs sonores. Le festival sortira aussi de ses murs avec le Lyon braderie festival, des interventions place des Jacobins ou encore des \u0153uvres sur des abris-bus d\u00e9saffect\u00e9s rue de la R\u00e9publique.<\/p>\n<p>&#13;<\/p>\n<p data-start=\"1748\" data-end=\"2112\"><strong>Centre d&rsquo;\u00e9changes de Perrache &#8211; Lyon 2e<\/strong><br \/><strong>Du 20 septembre au 30 novembre 2025<\/strong><br \/><strong>Entr\u00e9e de 6 \u00e0 8\u20ac par <a href=\"https:\/\/airtdefamille.fr\/billetterie\/\" rel=\"nofollow noopener noreferrer\" target=\"_blank\">ici<\/a><\/strong><br \/><strong><a href=\"https:\/\/airtdefamille.fr\/\" rel=\"nofollow noopener noreferrer\" target=\"_blank\">Plus d&rsquo;infos<\/a><\/strong><\/p>\n<p><script async src=\"\/\/www.instagram.com\/embed.js\"><\/script><\/p>\n","protected":false},"excerpt":{"rendered":"Depuis 2022, AiRT de famille transforme des lieux en friche en laboratoires cr\u00e9atifs. Apr\u00e8s le Mus\u00e9e des tissus&hellip;\n","protected":false},"author":2,"featured_media":380539,"comment_status":"","ping_status":"","sticky":false,"template":"","format":"standard","meta":{"footnotes":""},"categories":[1889],"tags":[1111,11,2430,1777,674,1011,27,2428,12,25],"class_list":{"0":"post-380538","1":"post","2":"type-post","3":"status-publish","4":"format-standard","5":"has-post-thumbnail","7":"category-lyon","8":"tag-actu","9":"tag-actualites","10":"tag-auvergne-rhone-alpes","11":"tag-eu","12":"tag-europe","13":"tag-fr","14":"tag-france","15":"tag-lyon","16":"tag-news","17":"tag-republique-francaise"},"share_on_mastodon":{"url":"https:\/\/pubeurope.com\/@fr\/115180673736402201","error":""},"_links":{"self":[{"href":"https:\/\/www.europesays.com\/fr\/wp-json\/wp\/v2\/posts\/380538","targetHints":{"allow":["GET"]}}],"collection":[{"href":"https:\/\/www.europesays.com\/fr\/wp-json\/wp\/v2\/posts"}],"about":[{"href":"https:\/\/www.europesays.com\/fr\/wp-json\/wp\/v2\/types\/post"}],"author":[{"embeddable":true,"href":"https:\/\/www.europesays.com\/fr\/wp-json\/wp\/v2\/users\/2"}],"replies":[{"embeddable":true,"href":"https:\/\/www.europesays.com\/fr\/wp-json\/wp\/v2\/comments?post=380538"}],"version-history":[{"count":0,"href":"https:\/\/www.europesays.com\/fr\/wp-json\/wp\/v2\/posts\/380538\/revisions"}],"wp:featuredmedia":[{"embeddable":true,"href":"https:\/\/www.europesays.com\/fr\/wp-json\/wp\/v2\/media\/380539"}],"wp:attachment":[{"href":"https:\/\/www.europesays.com\/fr\/wp-json\/wp\/v2\/media?parent=380538"}],"wp:term":[{"taxonomy":"category","embeddable":true,"href":"https:\/\/www.europesays.com\/fr\/wp-json\/wp\/v2\/categories?post=380538"},{"taxonomy":"post_tag","embeddable":true,"href":"https:\/\/www.europesays.com\/fr\/wp-json\/wp\/v2\/tags?post=380538"}],"curies":[{"name":"wp","href":"https:\/\/api.w.org\/{rel}","templated":true}]}}