{"id":380540,"date":"2025-09-10T15:19:10","date_gmt":"2025-09-10T15:19:10","guid":{"rendered":"https:\/\/www.europesays.com\/fr\/380540\/"},"modified":"2025-09-10T15:19:10","modified_gmt":"2025-09-10T15:19:10","slug":"a-lyon-lumih-rejoint-gregory-doucet-dans-son-plaidoyer-pour-encadrer-les-baux-commerciaux","status":"publish","type":"post","link":"https:\/\/www.europesays.com\/fr\/380540\/","title":{"rendered":"\u00c0 Lyon, l&rsquo;Umih rejoint Gr\u00e9gory Doucet dans son plaidoyer pour encadrer les baux commerciaux"},"content":{"rendered":"<p>                            <img loading=\"lazy\" width=\"675\" height=\"423\" class=\"attachment-article size-article wp-post-image lazyload\" alt=\"\" decoding=\"async\" src=\"https:\/\/www.europesays.com\/fr\/wp-content\/uploads\/2025\/09\/image_2025-09-10_120502073-e1757498715304.jpg\" data-eio-rwidth=\"675\" data-eio-rheight=\"423\"\/><\/p>\n<p>Jean-David Perthuis, patron de la buvette Saint-Antoine, Gr\u00e9gory Doucet, maire de Lyon, Thierry Fontaine, pr\u00e9sident de l\u2019Umih, et Valentin Lungenstrass, adjoint aux mobilit\u00e9s.<\/p>\n<p class=\"content\" style=\"font-size:1.2em;font-weight:700\">Gr\u00e9gory Doucet s&rsquo;est affich\u00e9 ce mardi en phase avec le pr\u00e9sident de l&rsquo;Umih, Thierry Fontaine, pour porter \u00e0 Lyon l&rsquo;exp\u00e9rimentation d&rsquo;un encadrement des baux commerciaux.<\/p>\n<p>Le maire de Lyon continue de pousser pour obtenir l&rsquo;autorisation d&rsquo;exp\u00e9rimenter un encadrement des baux commerciaux. Il enverra en ce sens, avec son homologue Pierre Hurmic, un courrier \u00e0 S\u00e9bastien Lecornu tr\u00e8s prochainement. \u00ab\u00a0Cet \u00e9t\u00e9 avec le maire de Bordeaux, nous avons fait le m\u00eame constat que beaucoup de professionnels voyaient les propri\u00e9taires leur mettre une pression d\u2019enfer et vouloir augmenter les loyers\u00a0\u00bb, a expliqu\u00e9 le maire de Lyon \u00e0 quelques journalistes ce mardi.<\/p>\n<p>\u00ab\u00a0On se bat contre les fonci\u00e8res qui jouent nos entreprises sur des tableurs excel\u00a0\u00bb<\/p>\n<p>L&rsquo;image n&rsquo;\u00e9tait pas banale et l&rsquo;entourage de Gr\u00e9gory Doucet en \u00e9tait bien conscient. L&rsquo;\u00e9dile, pas toujours en odeur de saintet\u00e9 aupr\u00e8s des restaurateurs et commer\u00e7ants depuis le d\u00e9but de son mandat, s&rsquo;est affich\u00e9 ce mardi complice aux c\u00f4t\u00e9s de Thierry Fontaine, pr\u00e9sident de l&rsquo;Umih, et de Jean-David Perthuis, patron de nombreux \u00e9tablissements \u00e0 Lyon, dont la buvette Saint-Antoine.<\/p>\n<p>Aux c\u00f4t\u00e9 du maire \u00e9cologiste, le premier, pr\u00e9sident de l&rsquo;Union des m\u00e9tiers et des industries de l&rsquo;h\u00f4tellerie abonde et salue le plaidoyer de l&rsquo;\u00e9dile pour un encadrement des baux commerciaux. \u00ab\u00a0On se bat contre les fonci\u00e8res qui jouent nos entreprises sur des tableurs excel\u00a0\u00bb, confirme-t-il, \u00e9voquant des hausses de loyers parfois excessives. C&rsquo;est par exemple la multiplication par trois du loyer d\u00e9cid\u00e9 par son propri\u00e9taire qui a en partie conduit \u00e0 la fermeture du Caf\u00e9 Pearl. \u00ab\u00a0J\u2019ai peur que, petit \u00e0 petit, les bons commer\u00e7ants jettent l\u2019\u00e9ponge\u00a0\u00bb, ajoute le pr\u00e9sident de l&rsquo;Umih.<\/p>\n<p class=\"has-text-align-center has-cyan-bluish-gray-background-color has-background\"><strong>275 nouvelles installations act\u00e9es en Presqu&rsquo;\u00eele en 2025<br \/><\/strong>Gr\u00e9gory Doucet \u00e9tait venu avec des chiffres ce mardi, \u00e9voquant \u00ab\u00a0d\u00e9j\u00e0 164 nouvelles installations en 2025, et 111 nouvelles en travaux sur sites en ce moment\u00a0\u00bb, rien qu&rsquo;en Presqu&rsquo;\u00eele. Des chiffres \u00e0 nuancer au regard du nombre de fermetures en parall\u00e8le. Interrog\u00e9 par Lyon Capitale, C\u00e9dric Ducarrouge, directeur agence retail r\u00e9gion chez JLL indique que le centre-ville lyonnais \u00ab\u00a0n&rsquo;est pas en forte crise\u00a0\u00bb mais estime qu&rsquo;il y a pour l&rsquo;heure \u00ab\u00a0plus de d\u00e9parts que d&rsquo;installations\u00a0\u00bb.<br \/>Sympt\u00f4me selon lui d&rsquo;un \u00ab\u00a0commerce en difficult\u00e9 qui se transforme\u00a0\u00bb. Si Lyon r\u00e9siste mieux que le reste des grandes villes fran\u00e7aises, une inconnue demeure encore : \u00ab\u00a0Quelles vont \u00eatre les tendances de fr\u00e9quentation depuis la mise en place de la Zone \u00e0 trafic limit\u00e9 ?\u00a0\u00bb Et C\u00e9dric Ducarrouge de conclure : \u00ab\u00a0Quand on transforme un centre-ville en zone pi\u00e9tonne on augmente \u00e0 moyen terme la performance des commerces, mais seulement si on n&rsquo;a pas oblit\u00e9r\u00e9 les moyens d&rsquo;acc\u00e8s. Il est encore trop pour tirer des conclusions.\u00a0\u00bb<\/p>\n<p>S&rsquo;il \u00e9voque un \u00e9t\u00e9 morose, particuli\u00e8rement pour la restauration avec \u00ab\u00a0entre -20 et -30 % sur juin, juillet et ao\u00fbt\u00a0\u00bb, Thierry Fontaine rappelle aussit\u00f4t que \u00ab\u00a0tous les territoires ont \u00e9t\u00e9 touch\u00e9s\u00a0\u00bb. Et de poursuivre : \u00ab\u00a0J&rsquo;entends souvent que Gr\u00e9gory Doucet aurait ruin\u00e9 la ville, dans ce cas il est maire de beaucoup de villes, car tout le monde est dans la m\u00eame situation.\u00a0\u00bb<\/p>\n<p>\u00ab\u00a0Nous r\u00e9sistons mieux que d&rsquo;autres centres-villes de grandes m\u00e9tropoles\u00a0\u00bb<\/p>\n<p>Une aubaine pour le maire \u00e9cologiste, tant la tr\u00e8s intense campagne m\u00e9diatique du collectif des d\u00e9fenseurs de Lyon a donn\u00e9 \u00e0 la Presqu&rsquo;\u00eele l&rsquo;image d&rsquo;un coeur de ville en perdition. Pas aid\u00e9 non plus par les mauvais chiffres de la vacance commerciale, qui a atteint 7,8 % en 2024. \u00ab\u00a0Oui la vacance commerciale a augment\u00e9, mais elle partait de tr\u00e8s bas (moins de 4 % avant le Covid-19, Ndlr). Dans le climat de morosit\u00e9 actuel, Lyon ne fait pas figure d&rsquo;exception. Pour autant, nous r\u00e9sistons mieux que d&rsquo;autres centres-villes de grandes m\u00e9tropoles\u00a0\u00bb, d\u00e9fend le maire.<\/p>\n<p>Exemple selon lui de ce dynamisme r\u00e9silient, l&rsquo;ouverture ce mois-ci d&rsquo;une nouvelle boutique de l&rsquo;historique chausseur \u00ab\u00a0Adrien\u00a0\u00bb, (duquel la g\u00e9rante n&rsquo;est pas vraiment une fervente supportrice du maire) dont la fermeture avait \u00e9mu les Lyonnais et symbolis\u00e9 pour les opposants du maire, les d\u00e9g\u00e2ts de sa politique en mati\u00e8re d&rsquo;urbanisme.<\/p>\n","protected":false},"excerpt":{"rendered":"Jean-David Perthuis, patron de la buvette Saint-Antoine, Gr\u00e9gory Doucet, maire de Lyon, Thierry Fontaine, pr\u00e9sident de l\u2019Umih, et&hellip;\n","protected":false},"author":2,"featured_media":380541,"comment_status":"","ping_status":"","sticky":false,"template":"","format":"standard","meta":{"footnotes":""},"categories":[1889],"tags":[1111,11,2430,1777,674,1011,27,2428,12,25],"class_list":{"0":"post-380540","1":"post","2":"type-post","3":"status-publish","4":"format-standard","5":"has-post-thumbnail","7":"category-lyon","8":"tag-actu","9":"tag-actualites","10":"tag-auvergne-rhone-alpes","11":"tag-eu","12":"tag-europe","13":"tag-fr","14":"tag-france","15":"tag-lyon","16":"tag-news","17":"tag-republique-francaise"},"share_on_mastodon":{"url":"https:\/\/pubeurope.com\/@fr\/115180677634578602","error":""},"_links":{"self":[{"href":"https:\/\/www.europesays.com\/fr\/wp-json\/wp\/v2\/posts\/380540","targetHints":{"allow":["GET"]}}],"collection":[{"href":"https:\/\/www.europesays.com\/fr\/wp-json\/wp\/v2\/posts"}],"about":[{"href":"https:\/\/www.europesays.com\/fr\/wp-json\/wp\/v2\/types\/post"}],"author":[{"embeddable":true,"href":"https:\/\/www.europesays.com\/fr\/wp-json\/wp\/v2\/users\/2"}],"replies":[{"embeddable":true,"href":"https:\/\/www.europesays.com\/fr\/wp-json\/wp\/v2\/comments?post=380540"}],"version-history":[{"count":0,"href":"https:\/\/www.europesays.com\/fr\/wp-json\/wp\/v2\/posts\/380540\/revisions"}],"wp:featuredmedia":[{"embeddable":true,"href":"https:\/\/www.europesays.com\/fr\/wp-json\/wp\/v2\/media\/380541"}],"wp:attachment":[{"href":"https:\/\/www.europesays.com\/fr\/wp-json\/wp\/v2\/media?parent=380540"}],"wp:term":[{"taxonomy":"category","embeddable":true,"href":"https:\/\/www.europesays.com\/fr\/wp-json\/wp\/v2\/categories?post=380540"},{"taxonomy":"post_tag","embeddable":true,"href":"https:\/\/www.europesays.com\/fr\/wp-json\/wp\/v2\/tags?post=380540"}],"curies":[{"name":"wp","href":"https:\/\/api.w.org\/{rel}","templated":true}]}}