{"id":380542,"date":"2025-09-10T15:21:12","date_gmt":"2025-09-10T15:21:12","guid":{"rendered":"https:\/\/www.europesays.com\/fr\/380542\/"},"modified":"2025-09-10T15:21:12","modified_gmt":"2025-09-10T15:21:12","slug":"les-images-du-suspect-deposant-une-tete-de-cochon-sur-le-pas-de-la-mosquee-de-montreuil","status":"publish","type":"post","link":"https:\/\/www.europesays.com\/fr\/380542\/","title":{"rendered":"les images du suspect d\u00e9posant une t\u00eate de cochon sur le pas de la mosqu\u00e9e de Montreuil"},"content":{"rendered":"<p><strong>VID\u00c9O &#8211; <\/strong>Au lendemain de cette op\u00e9ration tr\u00e8s coordonn\u00e9e visant neuf lieux de culte musulmans, le myst\u00e8re plane toujours quant aux motivations de ses instigateurs. La piste d\u2019une ing\u00e9rence \u00e9trang\u00e8re reste cr\u00e9dible.<\/p>\n<p class=\"fig-paragraph\">Que sait-on des individus qui ont d\u00e9pos\u00e9 mardi \u00e0 l\u2019aube\u00a0<a href=\"http:\/\/www.lefigaro.fr\/faits-divers\/tetes-de-cochons-decouvertes-devant-des-mosquees-a-paris-laurent-nunez-evoque-l-hypothese-d-une-ingerence-etrangere-20250909\" data-fig-type=\"NewsFlash\" data-gtm-custom-categorie=\"navigation\" data-gtm-custom-action=\"crossclick\" data-gtm-custom-label=\"Contextuel\" data-gtm-event=\"customEventSPE\" data-fig-domain=\"LEFIGARO\" target=\"_blank\" rel=\"noopener\">des t\u00eates de cochon devant neuf mosqu\u00e9es<\/a>\u00a0de l\u2019agglom\u00e9ration parisienne et de la capitale\u00a0? \u00c0 vrai dire pas grand-chose, si ce n\u2019est qu\u2019une op\u00e9ration de cette envergure n\u2019a pu \u00eatre pr\u00e9par\u00e9e et conduite par un seul homme.<\/p>\n<p class=\"fig-paragraph\">L\u2019enqu\u00eate, confi\u00e9e aux enqu\u00eateurs de la brigade criminelle de la\u00a0<a href=\"http:\/\/www.lefigaro.fr\/vox\/societe\/affiche-polemique-de-la-prefecture-de-police-de-paris-quand-nicolas-devient-vendeur-a-la-sauvette-20250808\" data-fig-type=\"Article\" data-gtm-custom-categorie=\"navigation\" data-gtm-custom-action=\"crossclick\" data-gtm-custom-label=\"Contextuel\" data-gtm-event=\"customEventSPE\" data-fig-domain=\"LEFIGARO\" target=\"_blank\" rel=\"noopener\">pr\u00e9fecture de police de Paris<\/a>\u00a0sous la houlette du parquet de Paris, va notamment s\u2019appuyer sur les images des cam\u00e9ras de\u00a0<a href=\"http:\/\/www.lefigaro.fr\/bordeaux\/arcachon-le-maire-renforce-son-dispositif-de-securite-et-la-videosurveillance-a-l-approche-de-l-afflux-touristique-20250702\" data-fig-type=\"NewsFlash\" data-gtm-custom-categorie=\"navigation\" data-gtm-custom-action=\"crossclick\" data-gtm-custom-label=\"Contextuel\" data-gtm-event=\"customEventSPE\" data-fig-domain=\"LEFIGARO\" target=\"_blank\" rel=\"noopener\">vid\u00e9osurveillance\u00a0<\/a>disponibles. Une vid\u00e9o que nous nous sommes procur\u00e9e, montre ainsi l\u2019un des suspects agir aux portes de la mosqu\u00e9e Islah, \u00e0\u00a0<a href=\"http:\/\/www.lefigaro.fr\/faits-divers\/agressions-sexuelles-sur-des-bebes-a-l-hopital-de-montreuil-les-parents-entre-detresse-et-choc-veulent-faire-entendre-leur-voix-20250815\" data-fig-type=\"Article\" data-gtm-custom-categorie=\"navigation\" data-gtm-custom-action=\"crossclick\" data-gtm-custom-label=\"Contextuel\" data-gtm-event=\"customEventSPE\" data-fig-domain=\"LEFIGARO\" target=\"_blank\" rel=\"noopener\">Montreuil\u00a0<\/a>(Seine-Saint-Denis).<\/p>\n<p>                                    <a class=\"fig-a11y-skip a11y-hidden\" href=\"#fig-a11y-skip-main-inarticle\"><br \/>\n        Passer la publicit\u00e9<br \/>\n    <\/a><\/p>\n<p class=\"fig-paragraph\">Il est cinq heures pass\u00e9es de cinq minutes lorsqu\u2019une silhouette noire appara\u00eet sur le trottoir, c\u00f4t\u00e9 mosqu\u00e9e. Un homme, capuche sur la t\u00eate, plonge alors la main dans un sac duquel il sort une masse que l\u2019angle de la cam\u00e9ra, fix\u00e9e sur le mur d\u2019entr\u00e9e du lieu de culte, ne permet pas de distinguer. Mais il s\u2019agit manifestement de la t\u00eate porcine, celle-l\u00e0 m\u00eame sur laquelle \u00abMacron\u00bb a \u00e9t\u00e9 \u00e9crit \u00e0 la peinture bleue. Le suspect ne prend gu\u00e8re de pr\u00e9cautions. Il ne porte pas de gants et n\u2019\u00e9vite pas l\u2019\u0153il num\u00e9rique qui l\u2019enregistre. Plut\u00f4t grand et fin, il est de type caucasien. Il ne porte pas de moustache, pas de barbe non plus. Jean gris, baskets blanches.<\/p>\n<p>Ing\u00e9rence \u00e9trang\u00e8re<\/p>\n<p>    La t\u00eate de cochon telle qu\u2019elle a \u00e9t\u00e9 d\u00e9couverte mardi \u00e0 l\u2019aube \u00e0 Montreuil. L\u2019inscription \u00abMacron\u00bb a \u00e9t\u00e9 peinte en bleu.<br \/>\n                DR<\/p>\n<p class=\"fig-paragraph\">Une fois son m\u00e9fait accompli, ce dernier d\u00e9gaine tranquillement son t\u00e9l\u00e9phone et prend plusieurs photos, flash allum\u00e9, au risque d\u2019attirer l\u2019attention du voisinage. Il va et vient de la sorte pendant plusieurs dizaines de secondes avant de dispara\u00eetre dans l\u2019art\u00e8re mal \u00e9clair\u00e9e. Pourquoi ces trois photos\u00a0? Peut-\u00eatre pour confirmer \u00e0 ses complices, voire commanditaires, que la mission a bien \u00e9t\u00e9 effectu\u00e9e.<\/p>\n<p class=\"fig-paragraph\">Lors d\u2019un point presse mardi midi \u00e0 propos du blocage du 10 septembre, Laurent Nunez n\u2019a pas \u00e9cart\u00e9 l\u2019hypoth\u00e8se d\u2019une possible ing\u00e9rence \u00e9trang\u00e8re. \u00abUne action d\u2019une telle ampleur, men\u00e9e simultan\u00e9ment par plusieurs personnes, interroge\u00bb, a soulign\u00e9 le pr\u00e9fet de police de Paris. Et d\u2019ajouter qu\u2019\u00abon ne peut s\u2019emp\u00eacher de penser \u00e0 des actions pr\u00e9c\u00e9dentes\u00bb, en r\u00e9f\u00e9rence aux\u00a0<a href=\"http:\/\/www.lefigaro.fr\/faits-divers\/jets-de-peinture-sur-des-lieux-juifs-a-paris-trois-ressortissants-etrangers-interpelles-20250602\" target=\"_blank\" data-fig-type=\"NewsFlash\" rel=\"noopener\" data-gtm-custom-categorie=\"navigation\" data-gtm-custom-action=\"crossclick\" data-gtm-custom-label=\"Contextuel\" data-gtm-event=\"customEventSPE\" data-fig-domain=\"LEFIGARO\">jets de peinture verte<\/a>\u00a0d\u00e9couverts sur des lieux juifs au cours de l\u2019\u00e9t\u00e9, ou encore aux dessins de mains rouges\u00a0<a href=\"http:\/\/www.lefigaro.fr\/actualite-france\/paris-le-mur-des-justes-du-memorial-de-la-shoah-recouvert-de-mains-rouges-symbole-pro-palestinien-20240514\" target=\"_blank\" data-fig-type=\"NewsFlash\" rel=\"noopener\" data-gtm-custom-categorie=\"navigation\" data-gtm-custom-action=\"crossclick\" data-gtm-custom-label=\"Contextuel\" data-gtm-event=\"customEventSPE\" data-fig-domain=\"LEFIGARO\">tagu\u00e9es sur le M\u00e9morial de la Shoah \u00e0 Paris<\/a>\u00a0en mai 2024. Dans cette affaire, trois Bulgares avaient \u00e9t\u00e9 mis en examen et plac\u00e9s en d\u00e9tention provisoire en fin d\u2019ann\u00e9e derni\u00e8re. Ces tags, qui pouvaient s\u2019inspirer du lynchage de soldats isra\u00e9liens \u00e0 Ramallah en 2000, ont \u00e9t\u00e9 analys\u00e9s par les services de s\u00e9curit\u00e9 qui ont conclu \u00e0 une op\u00e9ration d\u2019ing\u00e9rence ex\u00e9cut\u00e9e par des russophones.<\/p>\n","protected":false},"excerpt":{"rendered":"VID\u00c9O &#8211; Au lendemain de cette op\u00e9ration tr\u00e8s coordonn\u00e9e visant neuf lieux de culte musulmans, le myst\u00e8re plane&hellip;\n","protected":false},"author":2,"featured_media":380543,"comment_status":"","ping_status":"","sticky":false,"template":"","format":"standard","meta":{"footnotes":""},"categories":[1592],"tags":[1111,11,1013,1777,674,1011,27,662,11696,14577,12,626,25],"class_list":{"0":"post-380542","1":"post","2":"type-post","3":"status-publish","4":"format-standard","5":"has-post-thumbnail","7":"category-ile-de-france","8":"tag-actu","9":"tag-actualites","10":"tag-bruno-retailleau","11":"tag-eu","12":"tag-europe","13":"tag-fr","14":"tag-france","15":"tag-ile-de-france","16":"tag-ingerences-etrangeres","17":"tag-mosquee","18":"tag-news","19":"tag-paris","20":"tag-republique-francaise"},"share_on_mastodon":{"url":"https:\/\/pubeurope.com\/@fr\/115180685478930172","error":""},"_links":{"self":[{"href":"https:\/\/www.europesays.com\/fr\/wp-json\/wp\/v2\/posts\/380542","targetHints":{"allow":["GET"]}}],"collection":[{"href":"https:\/\/www.europesays.com\/fr\/wp-json\/wp\/v2\/posts"}],"about":[{"href":"https:\/\/www.europesays.com\/fr\/wp-json\/wp\/v2\/types\/post"}],"author":[{"embeddable":true,"href":"https:\/\/www.europesays.com\/fr\/wp-json\/wp\/v2\/users\/2"}],"replies":[{"embeddable":true,"href":"https:\/\/www.europesays.com\/fr\/wp-json\/wp\/v2\/comments?post=380542"}],"version-history":[{"count":0,"href":"https:\/\/www.europesays.com\/fr\/wp-json\/wp\/v2\/posts\/380542\/revisions"}],"wp:featuredmedia":[{"embeddable":true,"href":"https:\/\/www.europesays.com\/fr\/wp-json\/wp\/v2\/media\/380543"}],"wp:attachment":[{"href":"https:\/\/www.europesays.com\/fr\/wp-json\/wp\/v2\/media?parent=380542"}],"wp:term":[{"taxonomy":"category","embeddable":true,"href":"https:\/\/www.europesays.com\/fr\/wp-json\/wp\/v2\/categories?post=380542"},{"taxonomy":"post_tag","embeddable":true,"href":"https:\/\/www.europesays.com\/fr\/wp-json\/wp\/v2\/tags?post=380542"}],"curies":[{"name":"wp","href":"https:\/\/api.w.org\/{rel}","templated":true}]}}