{"id":380546,"date":"2025-09-10T15:23:12","date_gmt":"2025-09-10T15:23:12","guid":{"rendered":"https:\/\/www.europesays.com\/fr\/380546\/"},"modified":"2025-09-10T15:23:12","modified_gmt":"2025-09-10T15:23:12","slug":"rh-la-nouvelle-adresse-colossale-qui-bouscule-les-codes-a-paris","status":"publish","type":"post","link":"https:\/\/www.europesays.com\/fr\/380546\/","title":{"rendered":"RH, la nouvelle adresse colossale qui bouscule les codes \u00e0 Paris"},"content":{"rendered":"<p>Les premi\u00e8res images de RH Paris, une adresse hybride sur les Champs-\u00c9lys\u00e9es<\/p>\n<p>Pour une g\u00e9n\u00e9ration enti\u00e8re, l\u2019h\u00f4tel particulier du 23 avenue des <a href=\"https:\/\/www.admagazine.fr\/architecture\/actualite-architecture\/diaporama\/champs-elysees-limpressionnant-projet-de-renovation-en-images\/61531\" target=\"_blank\" rel=\"noopener\">Champs-\u00c9lys\u00e9es<\/a> a rim\u00e9 pendant dix ans avec Abercrombie &amp; Fitch. Entre 2011 et 2021, les grilles dor\u00e9es voient d\u00e9filer les mannequins torses nus de la marque de pr\u00eat-\u00e0-porter \u2014 il \u00e9tait alors l\u00e9gion de se faire prendre en photos devant l\u2019entr\u00e9e\u2026<\/p>\n<p>L&rsquo;entr\u00e9e de RH Paris, la Galerie et sa grille en fer forg\u00e9 et feuilles d&rsquo;or, sur les Champs-\u00c9lys\u00e9es.<\/p>\n<p>Atrium monumental et ascenseur en verre quasiment invisible<\/p>\n<p>D\u00e9sormais, c\u2019est la marque californienne RH (pour Restoration Hardware) qui s\u2019implante entre ses murs, inventant une exp\u00e9rience compl\u00e8tement immersive \u00e0 proximit\u00e9 directe du <a href=\"https:\/\/www.admagazine.fr\/article\/grand-cafe-nouvelle-brasserie-parisienne-grand-palais\" target=\"_blank\" rel=\"noopener\">Grand Palais<\/a> et du Petit Palais. L\u2019adresse est cot\u00e9e, jouxtant le QG du groupe Dassault ; Gary Friedman en a fait un lieu hybride. Une fois franchie, la grille d&rsquo;entr\u00e9e en ferronnerie d\u2019art par\u00e9e de feuilles d\u2019or d\u00e9voile les pr\u00e9misses d\u2019un jardin secret. Lierre grimpant, buis tailles \u00e0 la fran\u00e7aise\u2026 Un chemin dall\u00e9 de pierre claire m\u00e8ne \u00e0 un premier espace ext\u00e9rieur o\u00f9 scintillent des bras\u00e9ros. \u00c0 l\u2019int\u00e9rieur, le mot d\u2019ordre semble \u00eatre la d\u00e9mesure. M\u00e9tamorphos\u00e9, l\u2019espace est d\u00e9sencombr\u00e9 et affiche un atrium o\u00f9 les escaliers flottants conversent avec un ascenseur enti\u00e8rement en verre. Il appara\u00eet et dispara\u00eet comme par magie log\u00e9 dans une cage d\u2019ascenseur \u00e9voluant entre les \u00e9tages et le jardin en rooftop. Au centre de l\u2019atrium et de ses nuances mordor\u00e9es, l\u2019attention se porte sur une cariatide en bronze datant de 1870 environ et attribu\u00e9e au sculpteur fran\u00e7ais Louis-F\u00e9lix Chabaud \u2014 ses \u0153uvres sont notamment expos\u00e9es au <a href=\"https:\/\/www.admagazine.fr\/article\/renovation-musee-du-louvre\" target=\"_blank\" rel=\"noopener\">Louvre<\/a> et \u00e0 l\u2019op\u00e9ra Garnier.<\/p>\n<p>L&rsquo;atrium et sa cariatide en bronze datant de 1870 environ et attribu\u00e9e au sculpteur fran\u00e7ais Louis-F\u00e9lix Chabaud.<\/p>\n<p>L&rsquo;art, la d\u00e9coration et la gastronomie<\/p>\n<p>Une vaste biblioth\u00e8que d\u00e9di\u00e9e \u00e0 l\u2019architecture au design affiche des ouvrages rares et ancestraux sign\u00e9s Andrea Palladio, <a href=\"https:\/\/www.admagazine.fr\/adinspiration\/article\/leonard-de-vinci-portrait-genie-mille-et-une-facettes\" target=\"_blank\" rel=\"noopener\">L\u00e9onard de Vinci<\/a>, Philibert de l\u2019Orme\u2026 Au c\u0153ur de la biblioth\u00e8que tr\u00f4ne l&rsquo;une des premi\u00e8res \u00e9ditions modernes, datant de 1521 environ, de De Architectura, Les Dix Livres d&rsquo;Architecture de l&rsquo;architecte Marcus Vitruvius. Pour les esth\u00e8tes et \u00e0 la crois\u00e9e des sph\u00e8res de l\u2019art, de la gastronomie, de la d\u00e9coration et de l\u2019architecture, l\u2019adresse est pens\u00e9e comme une exp\u00e9rience absolue, une galerie d\u00e9ploy\u00e9e sur sept niveaux. Antiquit\u00e9s, pi\u00e8ces de mobilier pour la maison et expositions jalonnent le parcours du visiteur qui fera une halte gastronomique au jardin RH. Situ\u00e9 sur la terrasse du deuxi\u00e8me \u00e9tage, il affiche un d\u00e9cor en <a href=\"https:\/\/www.admagazine.fr\/decoration\/inspiration\/article\/marbre-onyx-palladiana-la-pierre-a-motifs-tendance-de-lannee\" target=\"_blank\" rel=\"noopener\">onyx<\/a> immacul\u00e9 o\u00f9 partager des artichauts croustillants accompagn\u00e9s de pommes de terre et a\u00efoli au romarin, de belles crevettes grill\u00e9es au citron, beurre, ail et piment de Calabre, un homard grill\u00e9 ou encore le burger de la maison garni de bacon, fromage, cornichons, oignons, sauce dijonnaise et avocat. On y d\u00e9jeune ou d\u00eene sous la <a href=\"https:\/\/www.admagazine.fr\/adactualites\/article\/rome-singapour-verrieres-architectes-monde\" target=\"_blank\" rel=\"noopener\">verri\u00e8re<\/a> inspir\u00e9e du Grand Palais, un Mimosa \u00e0 la main.<\/p>\n","protected":false},"excerpt":{"rendered":"Les premi\u00e8res images de RH Paris, une adresse hybride sur les Champs-\u00c9lys\u00e9es Pour une g\u00e9n\u00e9ration enti\u00e8re, l\u2019h\u00f4tel particulier&hellip;\n","protected":false},"author":2,"featured_media":380547,"comment_status":"","ping_status":"","sticky":false,"template":"","format":"standard","meta":{"footnotes":""},"categories":[1888],"tags":[1111,1928,11,1927,7228,1777,674,1011,27,12,1926,626,1925,25,23865,10022],"class_list":{"0":"post-380546","1":"post","2":"type-post","3":"status-publish","4":"format-standard","5":"has-post-thumbnail","7":"category-paris","8":"tag-actu","9":"tag-actu-paris","10":"tag-actualites","11":"tag-actualites-paris","12":"tag-boutiques","13":"tag-eu","14":"tag-europe","15":"tag-fr","16":"tag-france","17":"tag-news","18":"tag-news-paris","19":"tag-paris","20":"tag-paris-news","21":"tag-republique-francaise","22":"tag-restaurants-parisiens","23":"tag-rooftop"},"share_on_mastodon":{"url":"https:\/\/pubeurope.com\/@fr\/115180693297470038","error":""},"_links":{"self":[{"href":"https:\/\/www.europesays.com\/fr\/wp-json\/wp\/v2\/posts\/380546","targetHints":{"allow":["GET"]}}],"collection":[{"href":"https:\/\/www.europesays.com\/fr\/wp-json\/wp\/v2\/posts"}],"about":[{"href":"https:\/\/www.europesays.com\/fr\/wp-json\/wp\/v2\/types\/post"}],"author":[{"embeddable":true,"href":"https:\/\/www.europesays.com\/fr\/wp-json\/wp\/v2\/users\/2"}],"replies":[{"embeddable":true,"href":"https:\/\/www.europesays.com\/fr\/wp-json\/wp\/v2\/comments?post=380546"}],"version-history":[{"count":0,"href":"https:\/\/www.europesays.com\/fr\/wp-json\/wp\/v2\/posts\/380546\/revisions"}],"wp:featuredmedia":[{"embeddable":true,"href":"https:\/\/www.europesays.com\/fr\/wp-json\/wp\/v2\/media\/380547"}],"wp:attachment":[{"href":"https:\/\/www.europesays.com\/fr\/wp-json\/wp\/v2\/media?parent=380546"}],"wp:term":[{"taxonomy":"category","embeddable":true,"href":"https:\/\/www.europesays.com\/fr\/wp-json\/wp\/v2\/categories?post=380546"},{"taxonomy":"post_tag","embeddable":true,"href":"https:\/\/www.europesays.com\/fr\/wp-json\/wp\/v2\/tags?post=380546"}],"curies":[{"name":"wp","href":"https:\/\/api.w.org\/{rel}","templated":true}]}}