{"id":380549,"date":"2025-09-10T15:25:14","date_gmt":"2025-09-10T15:25:14","guid":{"rendered":"https:\/\/www.europesays.com\/fr\/380549\/"},"modified":"2025-09-10T15:25:14","modified_gmt":"2025-09-10T15:25:14","slug":"notre-dame-de-paris-aux-journees-europeennes-du-patrimoine-decouvrez-une-vue-inedite-sur-la-cathedrale","status":"publish","type":"post","link":"https:\/\/www.europesays.com\/fr\/380549\/","title":{"rendered":"Notre-Dame de Paris\u00a0: aux Journ\u00e9es europ\u00e9ennes du patrimoine, d\u00e9couvrez une vue in\u00e9dite sur la cath\u00e9drale"},"content":{"rendered":"<p class=\"paragraph text_align_left lp-f-body-02\">La miracul\u00e9e de l\u2019\u00cele de la Cit\u00e9 (IVe) s\u2019appr\u00eate \u00e0 vivre un grand week-end lors des 42e Journ\u00e9es europ\u00e9ennes du patrimoine (JEP), les 21 et 22 septembre prochains. Dix mois apr\u00e8s sa r\u00e9ouverture au public, ses <a href=\"https:\/\/www.leparisien.fr\/paris-75\/tours-de-notre-dame-apres-un-important-lifting-un-circuit-de-visite-epoustouflant-courant-2025-15-04-2025-XDQOY4BFRVATZDZLVJRSZJT67M.php\" target=\"_blank\" rel=\"noreferrer nofollow noopener\">tours<\/a>, g\u00e9r\u00e9es par le Centre des monuments nationaux, vont elles aussi renouer avec les visiteurs \u00e0 travers un circuit renouvel\u00e9 et enrichi. Une \u00e9tape suppl\u00e9mentaire dans la r\u00e9surrection de <a href=\"https:\/\/www.leparisien.fr\/paris-75\/reouverture-de-notre-dame-comment-ces-parisiens-ont-vecu-les-cinq-annees-sans-leur-voisine-01-12-2024-C5VII3GWTNAL3O55XUZO4CEWOU.php\" target=\"_blank\" rel=\"noreferrer nofollow noopener\">Notre-Dame de Paris<\/a>, ravag\u00e9e par les flammes en avril 2019.<\/p>\n<p class=\"paragraph text_align_left lp-f-body-02\">L\u2019autre temps fort du week-end, ce sera le retour pour la sixi\u00e8me ann\u00e9e cons\u00e9cutive du \u00ab Village du chantier \u00bb, largement pl\u00e9biscit\u00e9 chaque ann\u00e9e et organis\u00e9 pour la premi\u00e8re fois en cette \u00e9dition 2025 au sein m\u00eame de la base vie, au plus pr\u00e8s des compagnons qui poursuivent les travaux sur l\u2019\u00e9difice m\u00e9di\u00e9val.<\/p>\n<p>Acc\u00e8s \u00e0 la terrasse panoramique<\/p>\n<p class=\"paragraph text_align_left lp-f-body-02\">\u00ab Le public pourra d\u00e9couvrir concr\u00e8tement ou approfondir sa connaissance des m\u00e9tiers et des savoir-faire mis en \u0153uvre ainsi que les principaux travaux de 2025 et \u00e0 venir \u00bb, indique Philippe Jost, pr\u00e9sident de l\u2019\u00e9tablissement public Reb\u00e2tir <a href=\"https:\/\/www.leparisien.fr\/paris-75\/notre-dame-de-paris\/\" target=\"_blank\" rel=\"noreferrer nofollow noopener\">Notre-Dame de Paris<\/a>, dans un communiqu\u00e9.<\/p>\n<p class=\"paragraph text_align_left lp-f-body-02\">Au programme : des d\u00e9monstrations, des conf\u00e9rences, des concerts ainsi que des ateliers p\u00e9dagogiques pour les enfants. En tout, ce sont 8 espaces qui permettront au public de d\u00e9couvrir les op\u00e9rations de restauration de la cath\u00e9drale achev\u00e9es ces derniers mois et celles \u00e0 venir, en pr\u00e9sence des artisans.<\/p>\n<p class=\"paragraph text_align_left lp-f-body-02\">En bonus, \u00ab le public aura acc\u00e8s \u00e0 notre terrasse panoramique pour une vue exceptionnelle, au plus pr\u00e8s du chevet de la cath\u00e9drale dont la <a href=\"https:\/\/www.leparisien.fr\/paris-75\/reouverture-de-notre-dame-de-paris-et-apres-quels-travaux-restent-ils-a-la-cathedrale-07-12-2024-IF6U7XLY5FDSLE6BTLJ4SJPWOU.php\" target=\"_blank\" rel=\"noreferrer nofollow noopener\">restauration va s\u2019\u00e9tendre sur les trois prochaines ann\u00e9es<\/a> \u00bb, pr\u00e9cise Philippe Jost.<\/p>\n<p>Une boutique \u00e9ph\u00e9m\u00e8re<\/p>\n<p class=\"paragraph text_align_left lp-f-body-02\">Cette terrasse est situ\u00e9e au 5e \u00e9tage des pr\u00e9fabriqu\u00e9s install\u00e9s \u00e0 l\u2019arri\u00e8re du monument, \u00e0 quelques m\u00e8tres seulement du chevet et de sa <a href=\"https:\/\/www.leparisien.fr\/paris-75\/restauree-la-croix-du-chevet-de-notre-dame-de-retour-dans-le-ciel-de-paris-24-05-2024-EUM6DJCU4FAZZNLQZ57AXWBEVM.php\" target=\"_blank\" rel=\"noreferrer nofollow noopener\">croix<\/a>. L\u00e0, des m\u00e9diateurs seront disponibles pour pr\u00e9senter le programme des travaux en cours et \u00e0 venir sur les ext\u00e9rieurs de la cath\u00e9drale.<\/p>\n<p class=\"paragraph text_align_left lp-f-body-02\">Derni\u00e8re nouveaut\u00e9, une boutique \u00e9ph\u00e9m\u00e8re du chantier proposera plusieurs ouvrages co\u00e9dit\u00e9s par l\u2019\u00e9tablissement public ainsi que des produits in\u00e9dits : affiches, cartes postales, sacs en tissus et carnets. L\u2019acc\u00e8s au \u00ab Village du chantier \u00bb sera libre, gratuit et sans r\u00e9servation.<\/p>\n<p class=\"paragraph text_align_left lp-f-body-02\">Village du chantier. Samedi 20 septembre : 9 heures \u00e0 22 heures ; dimanche 21 septembre : 9 heures \u00e0 18 heures. Entr\u00e9e par le parvis (c\u00f4t\u00e9 pont au Double) ou par le quai de l\u2019Archev\u00each\u00e9.<\/p>\n","protected":false},"excerpt":{"rendered":"La miracul\u00e9e de l\u2019\u00cele de la Cit\u00e9 (IVe) s\u2019appr\u00eate \u00e0 vivre un grand week-end lors des 42e Journ\u00e9es&hellip;\n","protected":false},"author":2,"featured_media":380550,"comment_status":"","ping_status":"","sticky":false,"template":"","format":"standard","meta":{"footnotes":""},"categories":[1888],"tags":[11,1777,674,1011,27,1944,12,626,25],"class_list":{"0":"post-380549","1":"post","2":"type-post","3":"status-publish","4":"format-standard","5":"has-post-thumbnail","7":"category-paris","8":"tag-actualites","9":"tag-eu","10":"tag-europe","11":"tag-fr","12":"tag-france","13":"tag-ma-ville","14":"tag-news","15":"tag-paris","16":"tag-republique-francaise"},"share_on_mastodon":{"url":"https:\/\/pubeurope.com\/@fr\/115180701219417311","error":""},"_links":{"self":[{"href":"https:\/\/www.europesays.com\/fr\/wp-json\/wp\/v2\/posts\/380549","targetHints":{"allow":["GET"]}}],"collection":[{"href":"https:\/\/www.europesays.com\/fr\/wp-json\/wp\/v2\/posts"}],"about":[{"href":"https:\/\/www.europesays.com\/fr\/wp-json\/wp\/v2\/types\/post"}],"author":[{"embeddable":true,"href":"https:\/\/www.europesays.com\/fr\/wp-json\/wp\/v2\/users\/2"}],"replies":[{"embeddable":true,"href":"https:\/\/www.europesays.com\/fr\/wp-json\/wp\/v2\/comments?post=380549"}],"version-history":[{"count":0,"href":"https:\/\/www.europesays.com\/fr\/wp-json\/wp\/v2\/posts\/380549\/revisions"}],"wp:featuredmedia":[{"embeddable":true,"href":"https:\/\/www.europesays.com\/fr\/wp-json\/wp\/v2\/media\/380550"}],"wp:attachment":[{"href":"https:\/\/www.europesays.com\/fr\/wp-json\/wp\/v2\/media?parent=380549"}],"wp:term":[{"taxonomy":"category","embeddable":true,"href":"https:\/\/www.europesays.com\/fr\/wp-json\/wp\/v2\/categories?post=380549"},{"taxonomy":"post_tag","embeddable":true,"href":"https:\/\/www.europesays.com\/fr\/wp-json\/wp\/v2\/tags?post=380549"}],"curies":[{"name":"wp","href":"https:\/\/api.w.org\/{rel}","templated":true}]}}