{"id":380553,"date":"2025-09-10T15:27:12","date_gmt":"2025-09-10T15:27:12","guid":{"rendered":"https:\/\/www.europesays.com\/fr\/380553\/"},"modified":"2025-09-10T15:27:12","modified_gmt":"2025-09-10T15:27:12","slug":"defense-ukraine-israel-ursula-von-der-leyen-livre-un-discours-martial","status":"publish","type":"post","link":"https:\/\/www.europesays.com\/fr\/380553\/","title":{"rendered":"d\u00e9fense, Ukraine, Isra\u00ebl\u2026 Ursula von\u00a0der\u00a0Leyen livre un discours martial"},"content":{"rendered":"<p>\u00ab\u00a0L\u2019Europe se bat, elle se bat pour une Europe libre et ind\u00e9pendante, pour l\u2019int\u00e9grit\u00e9 d\u2019un continent. Nous, Europ\u00e9ens, ne sommes pas habitu\u00e9s \u00e0 nous exprimer de cette fa\u00e7on, car notre Europe est un projet de paix. Mais le monde d\u2019aujourd\u2019hui ne pardonne rien \u00e0 personne.\u00a0\u00bb C\u2019est par ce constat, prononc\u00e9 sur un ton grave, qu\u2019Ursula von\u00a0der\u00a0Leyen a entam\u00e9 son propos devant les parlementaires europ\u00e9ens, dans un h\u00e9micycle o\u00f9 r\u00e9gnait un lourd silence, ce mercredi 10\u00a0septembre. Elle a adopt\u00e9 d\u2019embl\u00e9e un ton martial, car l\u2019ombre des conflits en Ukraine et \u00e0 Gaza, mais aussi <a href=\"https:\/\/www.la-croix.com\/international\/face-a-donald-trump-l-union-europeenne-cherche-a-sortir-de-son-impuissance-20250909\" data-tracking=\"inpage_click\" data-tracking-action=\"lire un article\" data-tracking-category=\"recirculation\" rel=\"nofollow noopener\" target=\"_blank\">les attaques r\u00e9p\u00e9t\u00e9es de Donald Trump<\/a> contre l\u2019Union europ\u00e9enne (UE) ont plan\u00e9 sur tout son discours.<\/p>\n<p>Cet article est r\u00e9serv\u00e9 aux abonn\u00e9s<\/p>\n<p>\n                    Vous souhaitez lire la suite\u00a0? Abonnez-vous sans engagement \u00e0 notre offre num\u00e9rique\n                <\/p>\n<p>                <a href=\"https:\/\/www.la-croix.com\/abonnement\" class=\"default-paywall__subscribe-button\" data-tracking=\"cta_click\" data-tracking-action=\"voir la page abonnement\" data-tracking-category=\"abonnement\" rel=\"nofollow noopener\" target=\"_blank\">Je m&rsquo;abonne<\/a><\/p>\n","protected":false},"excerpt":{"rendered":"\u00ab\u00a0L\u2019Europe se bat, elle se bat pour une Europe libre et ind\u00e9pendante, pour l\u2019int\u00e9grit\u00e9 d\u2019un continent. Nous, Europ\u00e9ens,&hellip;\n","protected":false},"author":2,"featured_media":380554,"comment_status":"","ping_status":"","sticky":false,"template":"","format":"standard","meta":{"footnotes":""},"categories":[1590],"tags":[11,1777,674,12,220],"class_list":{"0":"post-380553","1":"post","2":"type-post","3":"status-publish","4":"format-standard","5":"has-post-thumbnail","7":"category-ukraine","8":"tag-actualites","9":"tag-eu","10":"tag-europe","11":"tag-news","12":"tag-ukraine"},"share_on_mastodon":{"url":"https:\/\/pubeurope.com\/@fr\/115180709528698751","error":""},"_links":{"self":[{"href":"https:\/\/www.europesays.com\/fr\/wp-json\/wp\/v2\/posts\/380553","targetHints":{"allow":["GET"]}}],"collection":[{"href":"https:\/\/www.europesays.com\/fr\/wp-json\/wp\/v2\/posts"}],"about":[{"href":"https:\/\/www.europesays.com\/fr\/wp-json\/wp\/v2\/types\/post"}],"author":[{"embeddable":true,"href":"https:\/\/www.europesays.com\/fr\/wp-json\/wp\/v2\/users\/2"}],"replies":[{"embeddable":true,"href":"https:\/\/www.europesays.com\/fr\/wp-json\/wp\/v2\/comments?post=380553"}],"version-history":[{"count":0,"href":"https:\/\/www.europesays.com\/fr\/wp-json\/wp\/v2\/posts\/380553\/revisions"}],"wp:featuredmedia":[{"embeddable":true,"href":"https:\/\/www.europesays.com\/fr\/wp-json\/wp\/v2\/media\/380554"}],"wp:attachment":[{"href":"https:\/\/www.europesays.com\/fr\/wp-json\/wp\/v2\/media?parent=380553"}],"wp:term":[{"taxonomy":"category","embeddable":true,"href":"https:\/\/www.europesays.com\/fr\/wp-json\/wp\/v2\/categories?post=380553"},{"taxonomy":"post_tag","embeddable":true,"href":"https:\/\/www.europesays.com\/fr\/wp-json\/wp\/v2\/tags?post=380553"}],"curies":[{"name":"wp","href":"https:\/\/api.w.org\/{rel}","templated":true}]}}