{"id":380555,"date":"2025-09-10T15:28:10","date_gmt":"2025-09-10T15:28:10","guid":{"rendered":"https:\/\/www.europesays.com\/fr\/380555\/"},"modified":"2025-09-10T15:28:10","modified_gmt":"2025-09-10T15:28:10","slug":"trump-est-pris-en-etau-jusquou-les-etats-unis-peuvent-ils-laisser-faire-netanyahou","status":"publish","type":"post","link":"https:\/\/www.europesays.com\/fr\/380555\/","title":{"rendered":"\u00ab\u00a0Trump est pris en \u00e9tau\u2026\u00a0\u00bb Jusqu\u2019o\u00f9 les \u00c9tats-Unis peuvent-ils laisser faire Netanyahou\u00a0?"},"content":{"rendered":"<p>Avoir des amis, c\u2019est bien. Mais s\u2019ils commencent \u00e0 se tirer dessus, \u00e7a devient g\u00eanant\u2026 Voil\u00e0 la position dans laquelle se retrouvent les \u00c9tats-Unis apr\u00e8s les frappes isra\u00e9liennes sur Doha ce mardi. L\u2019\u00c9tat h\u00e9breu n\u2019a pas r\u00e9ussi \u00e0 \u00e9liminer les hauts responsables du <a href=\"https:\/\/www.20minutes.fr\/monde\/hamas\/\" class=\"c-link c-link--is-underlined\" target=\"_blank\" rel=\"noopener\">Hamas<\/a> qu\u2019il visait mais il a fait six morts, dont un policier qatarien. De quoi tendre encore un peu plus la situation dans cette r\u00e9gion du monde et mettre les Am\u00e9ricains face \u00e0 leurs contradictions.<\/p>\n<p>M\u00e9nager la ch\u00e8vre et le chou<\/p>\n<p>Washington n\u2019a pas tard\u00e9 \u00e0 taper sur les doigts de son alli\u00e9 isra\u00e9lien. Mal \u00e0 l\u2019aise, <a href=\"https:\/\/www.20minutes.fr\/dossier\/donald_trump\" class=\"c-link c-link--is-underlined\" target=\"_blank\" rel=\"noopener\">Donald Trump<\/a> a d\u00e9plor\u00e9 un \u00ab\u00a0incident regrettable\u00a0\u00bb et a fait part de son m\u00e9contentement \u00e0 Benyamin Netanyahou. La porte-parole de la <a href=\"https:\/\/www.20minutes.fr\/dossier\/maison_blanche\" class=\"c-link c-link--is-underlined\" target=\"_blank\" rel=\"noopener\">Maison-Blanche<\/a>, Karoline Leavitt, a rappel\u00e9 que le Qatar \u00e9tait \u00ab\u00a0un alli\u00e9 proche des \u00c9tats-Unis qui travaille dur, avec courage, et qui prend des risques, pour n\u00e9gocier vers la paix\u00a0\u00bb. Les \u00c9tats-Unis entretiennent en effet des relations \u00e9conomiques avec l\u2019\u00c9mirat, sans oublier qu\u2019il abrite la plus grande base militaire am\u00e9ricaine du Moyen-Orient, h\u00e9bergeant 8.000 soldats.<\/p>\n<\/p>\n<p>Mais Isra\u00ebl reste droit dans ses bottes. \u00ab\u00a0Cette d\u00e9cision \u00e9tait la bonne, assume Danny Danon, ambassadeur du pays \u00e0 l\u2019ONU. Nous n\u2019agissons pas toujours selon les int\u00e9r\u00eats des Etats-Unis.\u00a0\u00bb Pour Brahim Oumansour, chercheur associ\u00e9 \u00e0 l\u2019IRIS sp\u00e9cialiste de la politique \u00e9trang\u00e8re des \u00c9tats-Unis au Moyen-Orient, le n\u0153ud du probl\u00e8me r\u00e9side justement ici\u00a0: \u00ab\u00a0Les Am\u00e9ricains se retrouvent pris au pi\u00e8ge. Le soutien \u00e0 Isra\u00ebl reste ind\u00e9fectible mais la politique isra\u00e9lienne s\u2019affranchit progressivement de la tutelle am\u00e9ricaine sur le plan strat\u00e9gique et militaire.\u00a0\u00bb<\/p>\n<p>Netanyahou \u00ab\u00a0convaincu qu\u2019il peut frapper l\u00e0 o\u00f9 il veut\u00a0\u00bb<\/p>\n<p>Isra\u00ebl avait d\u00e9j\u00e0 cibl\u00e9 le Liban, la Syrie et l\u2019Iran. En intervenant au <a href=\"https:\/\/www.20minutes.fr\/dossier\/qatar\" class=\"c-link c-link--is-underlined\" target=\"_blank\" rel=\"noopener\">Qatar<\/a> au m\u00e9pris du droit international, l\u2019Etat h\u00e9breu pousse donc le curseur encore plus loin. \u00ab\u00a0Le gouvernement (isra\u00e9lien) avait averti qu\u2019il traquerait les membres du Hamas partout dans la r\u00e9gion. Netanyahou avance pas \u00e0 pas, selon ce qui lui est permis. Malgr\u00e9 les critiques internationales et le risque d\u2019embrasement, les frappes au <a href=\"https:\/\/www.20minutes.fr\/monde\/liban\/\" class=\"c-link c-link--is-underlined\" target=\"_blank\" rel=\"noopener\">Liban<\/a>, en <a href=\"https:\/\/www.20minutes.fr\/monde\/syrie\/\" class=\"c-link c-link--is-underlined\" target=\"_blank\" rel=\"noopener\">Syrie<\/a>, en <a href=\"https:\/\/www.20minutes.fr\/monde\/iran\/\" class=\"c-link c-link--is-underlined\" target=\"_blank\" rel=\"noopener\">Iran<\/a>, \u00e0 Gaza, n\u2019ont pas provoqu\u00e9 de pression am\u00e9ricaine\u00a0\u00bb, rappelle Brahim Oumansour \u00e0 20 Minutes.<\/p>\n<p>Dans ce contexte, \u00ab\u00a0le gouvernement Netanyahou est convaincu qu\u2019il peut frapper l\u00e0 o\u00f9 il veut\u00a0\u00bb. Quitte \u00e0 s\u2019isoler un peu plus. \u00ab\u00a0Le Qatar et les pays du Golfe ne vont pas surr\u00e9agir, mais cela pourrait inciter des pays comme les Emirats arabes unis, signataires des accords d\u2019Abraham, \u00e0 prendre du recul vis-\u00e0-vis d\u2019Isra\u00ebl\u00a0\u00bb, estime le chercheur. Sign\u00e9s en\u00a02020 avec les Emirats et Bahre\u00efn, ces derniers ont permis une normalisation des relations d\u2019Isra\u00ebl dans une r\u00e9gion o\u00f9 cela rel\u00e8ve de l\u2019exception.<\/p>\n<p>Amir Ohana, pr\u00e9sident de la Knesset, a affirm\u00e9 mardi que l\u2019op\u00e9ration men\u00e9e au Qatar repr\u00e9sentait \u00ab\u00a0un message adress\u00e9 \u00e0 tout le <a href=\"https:\/\/www.20minutes.fr\/dossier\/moyen_orient\" class=\"c-link c-link--is-underlined\" target=\"_blank\" rel=\"noopener\">Moyen-Orient<\/a>\u00a0\u00bb. Un avertissement qui valide l\u2019\u00e9volution de l\u2019image d\u2019Isra\u00ebl au <a href=\"https:\/\/www.20minutes.fr\/monde\/proche-orient\/\" class=\"c-link c-link--is-underlined\" target=\"_blank\" rel=\"noopener\">Proche-Orient<\/a>. \u00ab\u00a0Tout le r\u00e9cit sur lequel la relation isra\u00e9lo-am\u00e9ricaine est fond\u00e9e &#8211; prot\u00e9ger un pays encercl\u00e9 par des pays hostiles &#8211; est en train d\u2019\u00e9voluer\u00a0\u00bb, souligne Brahim Oumansour.<\/p>\n<p>\u00ab\u00a0Les accords d\u2019Abraham avaient abouti comme une alliance entre Isra\u00ebl et des pays du Golfe afin de contrer la menace iranienne. C\u2019est en train de s\u2019inverser\u00a0: du point de vue des pays de la r\u00e9gion, l\u2019inqui\u00e9tude bascule maintenant vers la menace isra\u00e9lienne. Cet aventurisme est en train de d\u00e9t\u00e9riorer de fa\u00e7on consid\u00e9rable l\u2019image d\u2019Isra\u00ebl \u00e0 travers le monde.\u00a0\u00bb<\/p>\n<p>La pression des midterms<\/p>\n<p>Brahim Oumansour estime qu\u2019Isra\u00ebl \u00ab\u00a0agit de plus en plus en \u00c9tat voyou\u00a0\u00bb, un concept fondamental de la politique \u00e9trang\u00e8re\u2026 des \u00c9tats-Unis. Cette expression, utilis\u00e9e pour \u00ab\u00a0qualifier des \u00c9tats mena\u00e7ants pour les voisins et les int\u00e9r\u00eats am\u00e9ricains\u00a0\u00bb, a \u00e9t\u00e9 employ\u00e9e \u00e0 l\u2019\u00e9gard de l\u2019Irak, l\u2019Iran ou encore la Libye. Mais aujourd\u2019hui, \u00ab\u00a0le comportement du gouvernement isra\u00e9lien constitue non seulement une menace pour la r\u00e9gion, mais aussi pour les int\u00e9r\u00eats am\u00e9ricains\u00a0\u00bb. Le d\u00e9mocrate Bernie Sanders a ainsi d\u00e9nonc\u00e9 un Netanyahou \u00ab\u00a0compl\u00e8tement hors de contr\u00f4le\u00a0\u00bb sur X et demand\u00e9 l\u2019arr\u00eat de l\u2019aide militaire am\u00e9ricaine \u00e0 Isra\u00ebl.<\/p>\n<blockquote class=\"twitter-tweet\" align=\"center\" data-lang=\"fr_FR\">\n<p lang=\"en\" dir=\"ltr\">Netanyahu\u2019s extremist government is completely out of control.<\/p>\n<p>Not only are they starving children in Gaza, they are now breaking international law by dropping bombs on Qatar, a U.S. security partner.<\/p>\n<p>When is enough, enough? <\/p>\n<p>NO MORE U.S. MILITARY AID TO ISRAEL.<\/p>\n<p>\u2014 Bernie Sanders (@BernieSanders) <a href=\"https:\/\/twitter.com\/BernieSanders\/status\/1965519234592899316?ref_src=twsrc%5Etfw\" target=\"_blank\" rel=\"noopener\">September 9, 2025<\/a><\/p><\/blockquote>\n<p class=\"mb-xxl@xs color-ultramarine font-weight-semi-bold@xs font-source-serif-pro heading-s@xs\">L\u2019acc\u00e8s \u00e0 ce contenu a \u00e9t\u00e9 bloqu\u00e9 afin de respecter votre choix de consentement<\/p>\n<p class=\"mb-m@xs text-l@xs\">En cliquant sur\u00ab J\u2019accepte \u00bb, vous acceptez le d\u00e9p\u00f4t de cookies par des services externes et aurez ainsi acc\u00e8s aux contenus de nos partenaires.<\/p>\n<p class=\"mb-xl@xs text-s@xs\">Plus d\u2019informations sur la page<a href=\"https:\/\/www.20minutes.fr\/gestion-cookies\" class=\"mx-xxs@xs color-ultramarine\" target=\"_blank\" rel=\"noopener\">Politique de gestion des cookies<\/a><\/p>\n<p>J\u2019accepte<\/p>\n<p>Donald Trump, lui, se retrouve, \u00ab\u00a0pris en \u00e9tau face \u00e0 la d\u00e9termination de Netanyahou\u00a0\u00bb \u00e0 poursuivre son offensive. \u00ab\u00a0Pour Isra\u00ebl, la fin justifie les moyens, ils sont capables de tout. La vie des otages devient m\u00eame secondaire par rapport aux objectifs fix\u00e9s\u00a0\u00bb, affirme le chercheur. Comment appr\u00e9hender l\u2019avenir de cette relation entre un protecteur historique et un \u00c9tat qui prend de plus en plus de libert\u00e9 avec le droit international\u00a0?<\/p>\n<p>L\u00e2cher Isra\u00ebl rel\u00e8ve de l\u2019impossible. \u00ab\u00a0La question isra\u00e9lienne est aussi une question de politique int\u00e9rieure\u00a0\u00bb, explique Brahim Oumansour. \u00ab\u00a0Donald Trump a des liens encore plus forts que son pr\u00e9d\u00e9cesseur avec l\u2019extr\u00eame droite isra\u00e9lienne, cela rend la gestion du conflit un peu plus complexe. L\u2019administration Trump est noyaut\u00e9e par l\u2019extr\u00eame droite am\u00e9ricaine, tr\u00e8s pro isra\u00e9lienne sur les plans id\u00e9ologique et religieux.\u00a0\u00bb Une base dont il ne faudrait surtout pas se couper en vue des \u00e9lections de mi-mandat en\u00a02026. Le locataire de la Maison-Blanche s\u2019en tiendra donc \u00e0 des rappels \u00e0 l\u2019ordre. \u00c0 court terme, en tout cas.<\/p>\n<p><script async src=\"https:\/\/platform.twitter.com\/widgets.js\" charset=\"utf-8\"><\/script><\/p>\n","protected":false},"excerpt":{"rendered":"Avoir des amis, c\u2019est bien. Mais s\u2019ils commencent \u00e0 se tirer dessus, \u00e7a devient g\u00eanant\u2026 Voil\u00e0 la position&hellip;\n","protected":false},"author":2,"featured_media":380556,"comment_status":"","ping_status":"","sticky":false,"template":"","format":"standard","meta":{"footnotes":""},"categories":[1589],"tags":[47,11,952,3259,75,73,1866,3519,664,74,12,1463,1864,1865,1863,308],"class_list":{"0":"post-380555","1":"post","2":"type-post","3":"status-publish","4":"format-standard","5":"has-post-thumbnail","7":"category-etats-unis","8":"tag-actualite","9":"tag-actualites","10":"tag-benyamin-netanyahou","11":"tag-conflit-israelo-palestinien","12":"tag-donald-trump","13":"tag-etats-unis","14":"tag-etats-unis-damerique","15":"tag-hamas","16":"tag-israel","17":"tag-monde","18":"tag-news","19":"tag-qatar","20":"tag-united-states","21":"tag-united-states-of-america","22":"tag-us","23":"tag-usa"},"share_on_mastodon":{"url":"https:\/\/pubeurope.com\/@fr\/115180713300415451","error":""},"_links":{"self":[{"href":"https:\/\/www.europesays.com\/fr\/wp-json\/wp\/v2\/posts\/380555","targetHints":{"allow":["GET"]}}],"collection":[{"href":"https:\/\/www.europesays.com\/fr\/wp-json\/wp\/v2\/posts"}],"about":[{"href":"https:\/\/www.europesays.com\/fr\/wp-json\/wp\/v2\/types\/post"}],"author":[{"embeddable":true,"href":"https:\/\/www.europesays.com\/fr\/wp-json\/wp\/v2\/users\/2"}],"replies":[{"embeddable":true,"href":"https:\/\/www.europesays.com\/fr\/wp-json\/wp\/v2\/comments?post=380555"}],"version-history":[{"count":0,"href":"https:\/\/www.europesays.com\/fr\/wp-json\/wp\/v2\/posts\/380555\/revisions"}],"wp:featuredmedia":[{"embeddable":true,"href":"https:\/\/www.europesays.com\/fr\/wp-json\/wp\/v2\/media\/380556"}],"wp:attachment":[{"href":"https:\/\/www.europesays.com\/fr\/wp-json\/wp\/v2\/media?parent=380555"}],"wp:term":[{"taxonomy":"category","embeddable":true,"href":"https:\/\/www.europesays.com\/fr\/wp-json\/wp\/v2\/categories?post=380555"},{"taxonomy":"post_tag","embeddable":true,"href":"https:\/\/www.europesays.com\/fr\/wp-json\/wp\/v2\/tags?post=380555"}],"curies":[{"name":"wp","href":"https:\/\/api.w.org\/{rel}","templated":true}]}}