{"id":380559,"date":"2025-09-10T15:30:14","date_gmt":"2025-09-10T15:30:14","guid":{"rendered":"https:\/\/www.europesays.com\/fr\/380559\/"},"modified":"2025-09-10T15:30:14","modified_gmt":"2025-09-10T15:30:14","slug":"lauteur-syrien-de-lattaque-au-couteau-de-solingen-condamne-a-la-perpetuite","status":"publish","type":"post","link":"https:\/\/www.europesays.com\/fr\/380559\/","title":{"rendered":"l\u2019auteur syrien de l\u2019attaque au couteau de Solingen condamn\u00e9 \u00e0 la perp\u00e9tuit\u00e9"},"content":{"rendered":"<p>Le tribunal a retenu la motivation islamiste de l\u2019attaque, revendiqu\u00e9e par l\u2019organisation djihadiste \u00c9tat islamique (EI), qui avait \u00e9galement fait huit bless\u00e9s graves. Selon Winfried van der Grinten, le pr\u00e9sident du tribunal, Issa Al Hasan, \u00e2g\u00e9 de 27\u00a0ans, \u00ab\u00a0approuvait les objectifs de l\u2019\u00c9tat islamique\u00a0\u00bb et a agi \u00ab\u00a0en raison de ses convictions islamistes radicales\u00a0\u00bb. Selon le jugement, l\u2019accus\u00e9 avait lui-m\u00eame pris contact avec l\u2019organisation, propos\u00e9 la f\u00eate de la ville comme lieu de l\u2019attaque, et pr\u00eat\u00e9 all\u00e9geance \u00e0 l\u2019EI.<\/p>\n<p>Un acte pr\u00e9m\u00e9dit\u00e9 et revendiqu\u00e9<\/p>\n<p>D\u00e9crit par le tribunal comme \u00ab\u00a0membre de l\u2019EI\u00a0\u00bb, le condamn\u00e9 est originaire de la r\u00e9gion de Deir Ezzor, dans l\u2019est de la Syrie, bastion de cette organisation djihadiste pendant la guerre civile ayant d\u00e9marr\u00e9 en 2011. Pendant ces ann\u00e9es, l\u2019accus\u00e9 s\u2019est montr\u00e9 \u00ab\u00a0au moins loyal\u00a0\u00bb envers l\u2019EI puis s\u2019est \u00ab\u00a0profond\u00e9ment radicalis\u00e9 comme islamiste\u00a0\u00bb \u00e0 partir de 2019, bien avant son arriv\u00e9e en Allemagne, a dit M. van der Grinten. Et m\u00eame s\u2019il a reconnu les faits et exprim\u00e9 des regrets \u00e0 l\u2019ouverture de son proc\u00e8s fin mai, les juges se disent dans le jugement convaincus \u00ab\u00a0que l\u2019id\u00e9ologie islamiste radicale ayant conduit l\u2019accus\u00e9 \u00e0 commettre ces actes persiste toujours chez ce dernier\u00a0\u00bb. En raison de la \u00ab\u00a0propension de l\u2019accus\u00e9 \u00e0 commettre des actes violents similaires et du danger qui en r\u00e9sulte pour le public\u00a0\u00bb, ils ont donc retenu, en plus de la peine maximale, la reconnaissance de la \u00ab\u00a0gravit\u00e9 particuli\u00e8re de sa culpabilit\u00e9\u00a0\u00bb, ce qui rend peu probable une \u00e9ventuelle lib\u00e9ration. C\u2019est la peine qu\u2019avait requise le parquet f\u00e9d\u00e9ral.<\/p>\n<p>Au premier soir du festival d\u2019\u00e9t\u00e9 de Solingen, l\u2019agresseur avait frapp\u00e9 au hasard devant la sc\u00e8ne o\u00f9 se d\u00e9roulait un concert. Il a ensuite pris la fuite, avant de se rendre le lendemain aux autorit\u00e9s. L\u2019attaque a mis en lumi\u00e8re les failles du r\u00e8glement europ\u00e9en de Dublin, selon lequel le premier pays de l\u2019Union dans lequel est entr\u00e9 un \u00e9tranger est responsable de sa demande d\u2019asile. Issa Al Hasan se trouvait en situation ill\u00e9gale en Allemagne et aurait d\u00fb \u00eatre expuls\u00e9 vers la Bulgarie o\u00f9 son arriv\u00e9e avait \u00e9t\u00e9 enregistr\u00e9e en 2022.<\/p>\n<p>Mis sous pression, le gouvernement de centre gauche d\u2019Olaf Scholz avait, apr\u00e8s l\u2019attentat, durci la l\u00e9gislation sur le port de couteaux et r\u00e9tabli des contr\u00f4les \u00e0 l\u2019ensemble de ses fronti\u00e8res. L\u2019immigration et la s\u00e9curit\u00e9 ont \u00e9t\u00e9 des th\u00e8mes majeurs de la campagne l\u00e9gislative qui a suivi. Selon un sondage pour le compte de la cha\u00eene publique WDR, pr\u00e8s d\u2019un habitant de Solingen sur quatre dit avoir durci ses positions sur l\u2019immigration de r\u00e9fugi\u00e9s apr\u00e8s l\u2019attaque.<\/p>\n<p>Mont\u00e9 des discours anti-immigration<\/p>\n<p>Depuis un an, d\u2019autres attaques au couteau ou \u00e0 la voiture-b\u00e9lier ont choqu\u00e9 l\u2019Allemagne et favoris\u00e9 les discours anti-immigration. Pour l\u2019attaque au couteau visant un rassemblement anti-Islam \u00e0 Mannheim (ouest), qui a fait un mort en mai 2024, et celle visant un groupe d\u2019\u00e9coliers, qui avait fait deux morts en janvier 2025 \u00e0 Aschaffenbourg (sud), les suspects sont des ressortissants afghans. Si les conservateurs (CDU) du chancelier Friedrich Merz ont remport\u00e9 les l\u00e9gislatives de f\u00e9vrier, le scrutin a \u00e9t\u00e9 marqu\u00e9 par le score record du parti d\u2019extr\u00eame droite AfD, arriv\u00e9 deuxi\u00e8me avec un cinqui\u00e8me des voix. P<\/p>\n","protected":false},"excerpt":{"rendered":"Le tribunal a retenu la motivation islamiste de l\u2019attaque, revendiqu\u00e9e par l\u2019organisation djihadiste \u00c9tat islamique (EI), qui avait&hellip;\n","protected":false},"author":2,"featured_media":380560,"comment_status":"","ping_status":"","sticky":false,"template":"","format":"standard","meta":{"footnotes":""},"categories":[1587],"tags":[11,672,1804,1805,1803,1777,674,1801,12,1802],"class_list":{"0":"post-380559","1":"post","2":"type-post","3":"status-publish","4":"format-standard","5":"has-post-thumbnail","7":"category-allemagne","8":"tag-actualites","9":"tag-allemagne","10":"tag-bundesrepublik-deutschland","11":"tag-de","12":"tag-deutschland","13":"tag-eu","14":"tag-europe","15":"tag-germany","16":"tag-news","17":"tag-republique-federale-dallemagne"},"share_on_mastodon":{"url":"https:\/\/pubeurope.com\/@fr\/115180721257382653","error":""},"_links":{"self":[{"href":"https:\/\/www.europesays.com\/fr\/wp-json\/wp\/v2\/posts\/380559","targetHints":{"allow":["GET"]}}],"collection":[{"href":"https:\/\/www.europesays.com\/fr\/wp-json\/wp\/v2\/posts"}],"about":[{"href":"https:\/\/www.europesays.com\/fr\/wp-json\/wp\/v2\/types\/post"}],"author":[{"embeddable":true,"href":"https:\/\/www.europesays.com\/fr\/wp-json\/wp\/v2\/users\/2"}],"replies":[{"embeddable":true,"href":"https:\/\/www.europesays.com\/fr\/wp-json\/wp\/v2\/comments?post=380559"}],"version-history":[{"count":0,"href":"https:\/\/www.europesays.com\/fr\/wp-json\/wp\/v2\/posts\/380559\/revisions"}],"wp:featuredmedia":[{"embeddable":true,"href":"https:\/\/www.europesays.com\/fr\/wp-json\/wp\/v2\/media\/380560"}],"wp:attachment":[{"href":"https:\/\/www.europesays.com\/fr\/wp-json\/wp\/v2\/media?parent=380559"}],"wp:term":[{"taxonomy":"category","embeddable":true,"href":"https:\/\/www.europesays.com\/fr\/wp-json\/wp\/v2\/categories?post=380559"},{"taxonomy":"post_tag","embeddable":true,"href":"https:\/\/www.europesays.com\/fr\/wp-json\/wp\/v2\/tags?post=380559"}],"curies":[{"name":"wp","href":"https:\/\/api.w.org\/{rel}","templated":true}]}}