{"id":380561,"date":"2025-09-10T15:31:27","date_gmt":"2025-09-10T15:31:27","guid":{"rendered":"https:\/\/www.europesays.com\/fr\/380561\/"},"modified":"2025-09-10T15:31:27","modified_gmt":"2025-09-10T15:31:27","slug":"europe-deal-avec-trump-gaza-ce-quil-faut-retenir-du-discours-dursula-von-der-leyen-a-strasbourg","status":"publish","type":"post","link":"https:\/\/www.europesays.com\/fr\/380561\/","title":{"rendered":"Europe. Deal avec Trump, Gaza&#8230; ce qu&rsquo;il faut retenir du discours d&rsquo;Ursula von der Leyen \u00e0 Strasbourg"},"content":{"rendered":"<p>Attendue au tournant, <a href=\"https:\/\/www.lalsace.fr\/p\/ursula-von-der-leyen\" target=\"_blank\" rel=\"noopener\">Ursula von der Leyen<\/a> n\u2019a pas compt\u00e9 son temps pour d\u00e9miner les critiques envers sa pr\u00e9sidence de la Commission europ\u00e9enne et la faiblesse de l\u2019Europe. Les 90 minutes de son discours sur l\u2019\u00e9tat de l\u2019Union prononc\u00e9 ce mercredi devant le <a href=\"https:\/\/www.lalsace.fr\/p\/parlement-europeen\" target=\"_blank\" rel=\"noopener\">Parlement europ\u00e9en<\/a> \u00e0 Strasbourg n\u2019ont pas \u00e9t\u00e9 de trop pour rassurer le socle proeurop\u00e9en au sein duquel se jouent les majorit\u00e9s de circonstance.<\/p>\n<p>En regardant la gauche, v\u00eatue de rouge pour protester contre la <a href=\"https:\/\/www.lalsace.fr\/france-monde\/palestine\" target=\"_blank\" rel=\"noopener\">guerre \u00e0 Gaza<\/a>, elle a propos\u00e9 \u00ab\u00a0des sanctions contre les ministres extr\u00e9mistes\u00a0\u00bb en Isra\u00ebl et \u00ab\u00a0une suspension partielle de l\u2019accord d\u2019association (UE-Isra\u00ebl) sur les questions li\u00e9es au commerce\u00a0\u00bb. \u00ab\u00a0La famine caus\u00e9e par l\u2019Homme ne peut jamais servir d\u2019arme de guerre\u00a0\u00bb, a-t-elle pr\u00e9venu. \u00c0 la droite, elle a vendu l\u2019approfondissement du march\u00e9 unique \u00ab\u00a0inachev\u00e9\u00a0\u00bb et son \u00ab\u00a0pacte pour une industrie propre\u00a0\u00bb ainsi que la mise en place d\u2019un \u00ab\u00a0syst\u00e8me europ\u00e9en commun en mati\u00e8re de retour\u00a0\u00bb pour ma\u00eetriser l\u2019immigration.<\/p>\n<p>D\u00e9fense de l\u2019accord commercial UE-\u00c9tats-Unis<\/p>\n<p>Mais l\u2019h\u00e9micycle attendait surtout les explications de la pr\u00e9sidente de la Commission sur <a href=\"https:\/\/www.lalsace.fr\/economie\/2025\/07\/27\/trump-annonce-un-accord-avec-l-union-europeenne-sur-les-droits-de-douane\" target=\"_blank\" rel=\"noopener\">l\u2019accord commercial qu\u2019elle a conclu cet \u00e9t\u00e9<\/a> avec <a href=\"https:\/\/www.lalsace.fr\/p\/donald-trump\" target=\"_blank\" rel=\"noopener\">Donald Trump<\/a>. Elle a d\u00e9fendu mordicus ce deal qui permet d\u2019\u00e9viter, selon elle, le \u00ab\u00a0chaos\u00a0\u00bb d\u2019une guerre commerciale totale avec les \u00c9tats-Unis.<\/p>\n<p>Le plaidoyer de l\u2019Allemande n\u2019a pleinement convaincu que les bancs du Parti populaire europ\u00e9en (PPE), premi\u00e8re force politique de l\u2019h\u00e9micycle. <a href=\"https:\/\/www.lalsace.fr\/p\/manon-aubry\" target=\"_blank\" rel=\"noopener\">Manon Aubry<\/a> (LFI &#8211; groupe The Left) a d\u00e9nonc\u00e9 les \u00ab\u00a0d\u00e9g\u00e2ts irr\u00e9parables\u00a0\u00bb qui incombent selon elle \u00e0 Ursula von der Leyen. Avant elle, <a href=\"https:\/\/www.lalsace.fr\/p\/jordan-bardella\" target=\"_blank\" rel=\"noopener\">Jordan Bardella<\/a> (RN &#8211; groupe Identit\u00e9 et d\u00e9mocratie) avait fustig\u00e9 \u00ab\u00a0la reddition et la vassalisation de l\u2019\u00e9conomie europ\u00e9enne\u00a0\u00bb et <a href=\"https:\/\/www.lalsace.fr\/p\/marie-toussaint\" target=\"_blank\" rel=\"noopener\">Marie Toussaint<\/a> (Les Verts &#8211; groupe Verts\/Alliance libre europ\u00e9enne) avait demand\u00e9 que la Commission \u00ab\u00a0tourne le dos \u00e0 l\u2019aust\u00e9rit\u00e9\u00a0\u00bb. \u00ab\u00a0Les mots sont justes, mais maintenant il faut de l\u2019action\u00a0\u00bb, a lanc\u00e9 pour sa part <a href=\"https:\/\/www.lalsace.fr\/p\/valerie-hayer\" target=\"_blank\" rel=\"noopener\">Val\u00e9rie Hayer<\/a> (Renaissance &#8211; groupe Renew) avant que <a href=\"https:\/\/www.lalsace.fr\/p\/francois-xavier-bellamy\" target=\"_blank\" rel=\"noopener\">Fran\u00e7ois-Xavier Bellamy<\/a> (Les R\u00e9publicains &#8211; PPE) r\u00e9clame plus \u00ab\u00a0de r\u00e9sultats\u00a0\u00bb que de \u00ab\u00a0plans\u00a0\u00bb et que <a href=\"https:\/\/www.lalsace.fr\/p\/raphael-glucksmann\" target=\"_blank\" rel=\"noopener\">Rapha\u00ebl Glucksmann<\/a> (PS &#8211; Les Progressistes) invite l\u2019Europe \u00e0 \u00ab\u00a0se battre\u00a0\u00bb au-del\u00e0 des discours.<\/p>\n","protected":false},"excerpt":{"rendered":"Attendue au tournant, Ursula von der Leyen n\u2019a pas compt\u00e9 son temps pour d\u00e9miner les critiques envers sa&hellip;\n","protected":false},"author":2,"featured_media":380562,"comment_status":"","ping_status":"","sticky":false,"template":"","format":"standard","meta":{"footnotes":""},"categories":[1586],"tags":[11,3206,33,1777,674,107,1011,27,329,12,316,25,640,220],"class_list":{"0":"post-380561","1":"post","2":"type-post","3":"status-publish","4":"format-standard","5":"has-post-thumbnail","7":"category-europe","8":"tag-actualites","9":"tag-defense-guerre-conflit","10":"tag-economie","11":"tag-eu","12":"tag-europe","13":"tag-fil-info","14":"tag-fr","15":"tag-france","16":"tag-france-monde","17":"tag-news","18":"tag-politique","19":"tag-republique-francaise","20":"tag-strasbourg","21":"tag-ukraine"},"share_on_mastodon":{"url":"https:\/\/pubeurope.com\/@fr\/115180724928929733","error":""},"_links":{"self":[{"href":"https:\/\/www.europesays.com\/fr\/wp-json\/wp\/v2\/posts\/380561","targetHints":{"allow":["GET"]}}],"collection":[{"href":"https:\/\/www.europesays.com\/fr\/wp-json\/wp\/v2\/posts"}],"about":[{"href":"https:\/\/www.europesays.com\/fr\/wp-json\/wp\/v2\/types\/post"}],"author":[{"embeddable":true,"href":"https:\/\/www.europesays.com\/fr\/wp-json\/wp\/v2\/users\/2"}],"replies":[{"embeddable":true,"href":"https:\/\/www.europesays.com\/fr\/wp-json\/wp\/v2\/comments?post=380561"}],"version-history":[{"count":0,"href":"https:\/\/www.europesays.com\/fr\/wp-json\/wp\/v2\/posts\/380561\/revisions"}],"wp:featuredmedia":[{"embeddable":true,"href":"https:\/\/www.europesays.com\/fr\/wp-json\/wp\/v2\/media\/380562"}],"wp:attachment":[{"href":"https:\/\/www.europesays.com\/fr\/wp-json\/wp\/v2\/media?parent=380561"}],"wp:term":[{"taxonomy":"category","embeddable":true,"href":"https:\/\/www.europesays.com\/fr\/wp-json\/wp\/v2\/categories?post=380561"},{"taxonomy":"post_tag","embeddable":true,"href":"https:\/\/www.europesays.com\/fr\/wp-json\/wp\/v2\/tags?post=380561"}],"curies":[{"name":"wp","href":"https:\/\/api.w.org\/{rel}","templated":true}]}}