{"id":380563,"date":"2025-09-10T15:32:14","date_gmt":"2025-09-10T15:32:14","guid":{"rendered":"https:\/\/www.europesays.com\/fr\/380563\/"},"modified":"2025-09-10T15:32:14","modified_gmt":"2025-09-10T15:32:14","slug":"apres-la-france-une-motion-de-censure-au-niveau-de-lunion-europeenne-2","status":"publish","type":"post","link":"https:\/\/www.europesays.com\/fr\/380563\/","title":{"rendered":"Apr\u00e8s la France, une motion de censure au niveau de l\u2019Union europ\u00e9enne ?"},"content":{"rendered":"<p class=\"mb-4 text-lg md:leading-8 break-words\">\u00c0 Paris, comme \u00e0 Bruxelles, souffle un vent d\u2019instabilit\u00e9 institutionnelle.<\/p>\n<p class=\"mb-4 text-lg md:leading-8 break-words\">Insatisfait de la signature des accords du Mercosur, de l\u2019accord commercial avec les \u00c9tats-Unis et de l\u2019opacit\u00e9 autour des n\u00e9gociations des vaccins Pfizer, Jordan Bardella a indiqu\u00e9 avoir d\u00e9pos\u00e9 une motion de censure contre la Commission europ\u00e9enne d\u2019Ursula von der Leyen.\u00a0\u00ab Cette motion de censure sera un vote de confiance : pour ou contre l&rsquo;Union europ\u00e9enne d&rsquo;Ursula von der Leyen et pour ou contre l&rsquo;Europe d&rsquo;Emmanuel Macron, \u00bb a-t-il dit devant la presse r\u00e9unie au Parlement europ\u00e9en \u00e0 Strasbourg.<\/p>\n<p class=\"mb-4 text-lg md:leading-8 break-words\">Bardella, pr\u00e9sident du Rassemblement national en France \u2013 mais \u00e9galement pr\u00e9sident de son \u00e9quivalent au niveau europ\u00e9en, les Patriotes \u2013 a d\u00fb r\u00e9unir la signature d\u2019au moins 72 membres du Parlement europ\u00e9en, 10 % du nombre total de d\u00e9put\u00e9s, pour pouvoir soumettre cette motion au vote dans l\u2019h\u00e9micycle.<\/p>\n<p class=\"mb-4 text-lg md:leading-8 break-words\">Cette annonce intervient \u00e0 la suite du <a href=\"https:\/\/fr.news.yahoo.com\/discours-l%C3%A9tat-lunion-europ%C3%A9enne-moment-085158920.html\" data-ylk=\"slk:discours annuel de la pr\u00e9sidente sur l\u2019\u00e9tat de l\u2019Union europ\u00e9enne;elm:context_link;itc:0;sec:content-canvas;outcm:mb_qualified_link;_E:mb_qualified_link;ct:story;\" class=\"link  yahoo-link\" target=\"_blank\" rel=\"noopener\"><strong>discours annuel de la pr\u00e9sidente sur l\u2019\u00e9tat de l\u2019Union europ\u00e9enne<\/strong><\/a> \u2013 une grand-messe de septembre dans laquelle von der Leyen expose ses priorit\u00e9s pour l\u2019ann\u00e9e \u00e0 venir et o\u00f9 les chefs de groupes politiques peuvent exprimer leurs opinions, soutiens ou reproches.<\/p>\n<p class=\"mb-4 text-lg md:leading-8 break-words\">Dans ce discours, Ursula von der Leyen a notamment annonc\u00e9 l\u2019utilisation des recettes des fonds russes gel\u00e9s pour la reconstruction de l\u2019Ukraine, un plan pour l\u2019aide au logement, l\u2019\u00e9tude d\u2019une interdiction des r\u00e9seaux sociaux pour les mineurs et surtout la suspension de l\u2019accord d\u2019association entre l\u2019Union europ\u00e9enne et Isra\u00ebl.<\/p>\n<p class=\"mb-4 text-lg md:leading-8 break-words\"><b class=\"c-widget-related__title__text\">Related<\/b><\/p>\n<p>Critiques de tous bords<\/p>\n<p class=\"mb-4 text-lg md:leading-8 break-words\">Bien re\u00e7u par les d\u00e9put\u00e9s de son bord, le Parti populaire europ\u00e9en \u2013 dont font partie les membres des R\u00e9publicains \u2013 le discours a cependant re\u00e7u un accueil mitig\u00e9 de la part des autres d\u00e9put\u00e9s.<\/p>\n<p class=\"mb-4 text-lg md:leading-8 break-words\">Du c\u00f4t\u00e9 des Fran\u00e7ais, Manon Aubry a accus\u00e9 la pr\u00e9sidente de la Commission de complicit\u00e9 de g\u00e9nocide : \u00ab Vous vous rendez complice du g\u00e9nocide \u00e0 Gaza en n\u2019ayant pris aucune sanction r\u00e9elle jusqu\u2019\u00e0 pr\u00e9sent. Vos annonces ne changent rien. Face \u00e0 un g\u00e9nocide, il ne peut y avoir de demi-mesure. \u00bb<\/p>\n<p class=\"mb-4 text-lg md:leading-8 break-words\">La d\u00e9put\u00e9e de La France insoumise, tout comme Jordan Bardella, a critiqu\u00e9 sa complaisance avec le pr\u00e9sident am\u00e9ricain Donald Trump. Le pr\u00e9sident du Rassemblement national a accus\u00e9 l\u2019Allemande de d\u00e9fendre les int\u00e9r\u00eats de son pays et des industriels am\u00e9ricains avant ceux des Europ\u00e9ens \u2013 et des Fran\u00e7ais.<\/p>\n<p class=\"mb-4 text-lg md:leading-8 break-words\">Malgr\u00e9 tout, von der Leyen a d\u00e9fendu la signature de cet accord face aux critiques : \u00ab L\u2019accord apporte une stabilit\u00e9 cruciale dans nos relations avec les \u00c9tats-Unis, \u00e0 un moment de grave ins\u00e9curit\u00e9 mondiale. Imaginez les r\u00e9percussions d\u2019une v\u00e9ritable guerre commerciale avec les \u00c9tats-Unis. Imaginez le chaos. \u00bb<\/p>\n<p class=\"mb-4 text-lg md:leading-8 break-words\">Xavier Bellamy, chef de file des R\u00e9publicains au Parlement europ\u00e9en, qui malgr\u00e9 son adh\u00e9sion au Parti Populaire europ\u00e9en\u00a0s\u2019est souvent montr\u00e9 critique de la politique de la Commission europ\u00e9enne, a ici d\u00e9nonc\u00e9 l\u2019achat d\u2019armement aux \u00c9tats-Unis par des pays europ\u00e9ens : \u00ab Commen\u00e7ons par cesser de financer massivement des armements achet\u00e9s \u00e0 l\u2019\u00e9tranger. Ne plus d\u00e9pendre militairement des \u00c9tats-Unis sera la condition pour ne plus subir le chantage commercial qu\u2019il nous impose aujourd\u2019hui. \u00bb<\/p>\n<p class=\"mb-4 text-lg md:leading-8 break-words\">Val\u00e9rie Hayer, leader du groupe Renew centriste, auquel appartient le parti pr\u00e9sidentiel, a averti de la perception d\u2019une faiblesse de l\u2019Europe. \u00ab Faible face \u00e0 Trump, faible face \u00e0 Poutine, faible face \u00e0 la Chine, faible sur le climat \u00bb, a-t-elle d\u00e9clar\u00e9.<\/p>\n<p class=\"mb-4 text-lg md:leading-8 break-words\">Les d\u00e9put\u00e9s de sa faction d\u00e9noncent aussi un \u00ab\u00a0manque d&rsquo;ambition\u00a0\u00bb dans le discours de von der Leyen :<\/p>\n<p class=\"mb-4 text-lg md:leading-8 break-words\">\u00c0 la diff\u00e9rence d\u2019Aubry, Bellamy et Bardella, elle a appel\u00e9 \u00e0 \u00ab une Europe plus souveraine \u00bb et \u00ab plus f\u00e9d\u00e9rale \u00bb.<\/p>\n<p class=\"mb-4 text-lg md:leading-8 break-words\">Pour Horizons, le parti politique d&rsquo;ancien Premier ministre Edouard Philippe, les mots et les actions de la Commission font deux :<\/p>\n<p class=\"mb-4 text-lg md:leading-8 break-words\">Du c\u00f4t\u00e9 des socialistes, le d\u00e9put\u00e9 fran\u00e7ais Christophe Clergeau a d\u00e9clar\u00e9 lors d\u2019une conf\u00e9rence de presse : \u00ab Ce discours est une occasion rat\u00e9e \u00bb. Il accuse von der Leyen de ne pas mettre en \u0153uvre ses politiques malgr\u00e9 de belles promesses, parle de \u00ab beaucoup d\u2019hypocrisie \u00bb et dit attendre de voir comment cela se traduira dans un texte de loi.<\/p>\n<p class=\"mb-4 text-lg md:leading-8 break-words\">C&rsquo;est notamment l&rsquo;inaction per\u00e7ue de l&rsquo;ex\u00e9cutif europ\u00e9en face \u00e0 la situation \u00e0 Gaza qui h\u00e9risse les eurod\u00e9put\u00e9s socialistes :<\/p>\n<p>Quelles sont les chances pour la motion de censure d\u2019aboutir ?<\/p>\n<p class=\"mb-4 text-lg md:leading-8 break-words\">Ursula von der Leyen n\u2019en est pas encore \u00e0 faire ses cartons, les partis de centre droit, centre gauche, des verts devrait soutenir la Pr\u00e9sidente. Mais c\u2019est cependant une nouvelle secousse dans son second mandat : les extr\u00eames se sont renforc\u00e9s tandis que le centre politique s\u2019est affaibli.<\/p>\n<p><img alt=\"R\u00e9partition des si\u00e8ges entre les groupes politiques au d\u00e9but de la l\u00e9gislature 2024-2029 du Parlement europ\u00e9en\" loading=\"lazy\" width=\"808\" height=\"808\" decoding=\"async\" data-nimg=\"1\" class=\"rounded-lg\" style=\"color:transparent\" src=\"https:\/\/www.europesays.com\/fr\/wp-content\/uploads\/2025\/09\/cda94d34c7cdf2dbf92a2b092092fff3.jpeg\"\/><\/p>\n<p> R\u00e9partition des si\u00e8ges entre les groupes politiques au d\u00e9but de la l\u00e9gislature 2024-2029 du Parlement europ\u00e9en   &#8211; European Parliament <\/p>\n<p class=\"mb-4 text-lg md:leading-8 break-words\">En juillet, l\u2019eurod\u00e9put\u00e9 eurosceptique Gheorghe Piperea avait r\u00e9dig\u00e9 une motion de censure contre von der Leyen et obtenu les 72 signatures n\u00e9cessaires pour la soumettre \u00e0 l\u2019ensemble de l\u2019h\u00e9micycle.<\/p>\n<p class=\"mb-4 text-lg md:leading-8 break-words\">Si cette initiative a <a href=\"https:\/\/fr.news.yahoo.com\/motion-censure-ursula-von-der-051527925.html\" data-ylk=\"slk:\u00e9chou\u00e9;elm:context_link;itc:0;sec:content-canvas;outcm:mb_qualified_link;_E:mb_qualified_link;ct:story;\" class=\"link  yahoo-link\" target=\"_blank\" rel=\"noopener\"><strong>\u00e9chou\u00e9<\/strong><\/a> (avec 360 votes contre la censure et 175 pour), elle a n\u00e9anmoins montr\u00e9 la facilit\u00e9 avec laquelle une motion de censure peut \u00eatre enclench\u00e9e.<\/p>\n<p class=\"mb-4 text-lg md:leading-8 break-words\">Les partis de gauche radicale, ont indiqu\u00e9 vouloir \u00e9galement d\u00e9poser une motion de censure. <\/p>\n<p class=\"mb-4 text-lg md:leading-8 break-words\">Lors de son discours dans l\u2019h\u00e9micycle, Manon Aubry, d\u00e9put\u00e9e europ\u00e9enne de La France insoumise, a scand\u00e9 \u00e0 Ursula von der Leyen: \u00ab Au terme de cette ann\u00e9e, vous devrez partir. Ce n\u2019est pas notre groupe qui le demande, mais 60 % des citoyens europ\u00e9ens. \u00bb Une r\u00e9f\u00e9rence \u00e0 une <a href=\"https:\/\/fr.news.yahoo.com\/majorit%C3%A9-europ%C3%A9ens-laccord-commercial-ue-135931130.html\" data-ylk=\"slk:\u00e9tude;elm:context_link;itc:0;sec:content-canvas;outcm:mb_qualified_link;_E:mb_qualified_link;ct:story;\" class=\"link  yahoo-link\" target=\"_blank\" rel=\"noopener\"><strong>\u00e9tude<\/strong><\/a> qui a conclu qu\u2019\u00e0 la suite de la signature du deal n\u00e9goci\u00e9 par von der Leyen entre les \u00c9tats-Unis et l\u2019Union europ\u00e9enne, 60 % des citoyens se sont dits favorables \u00e0 sa d\u00e9mission. \u00ab Puisque vous refusez de le faire, nous d\u00e9poserons une motion de censure. \u00bb<\/p>\n<p class=\"mb-4 text-lg md:leading-8 break-words\">Elle a cependant indiqu\u00e9 refuser son intention pour elle, et son parti de voter, pour la motion de censure d\u00e9pos\u00e9e par le parti de Jordan Bardella.<\/p>\n<p class=\"mb-4 text-lg md:leading-8 break-words\">Mais les voix \u00ab\u00a0pour\u00a0\u00bb ne manquent pas parmi les eurod\u00e9put\u00e9s fran\u00e7ais :<\/p>\n","protected":false},"excerpt":{"rendered":"\u00c0 Paris, comme \u00e0 Bruxelles, souffle un vent d\u2019instabilit\u00e9 institutionnelle. Insatisfait de la signature des accords du Mercosur,&hellip;\n","protected":false},"author":2,"featured_media":380564,"comment_status":"","ping_status":"","sticky":false,"template":"","format":"standard","meta":{"footnotes":""},"categories":[1586],"tags":[11,9006,73,1777,674,1779,1011,27,1077,26542,12,25,1778,364,19665,49393],"class_list":{"0":"post-380563","1":"post","2":"type-post","3":"status-publish","4":"format-standard","5":"has-post-thumbnail","7":"category-europe","8":"tag-actualites","9":"tag-censure","10":"tag-etats-unis","11":"tag-eu","12":"tag-europe","13":"tag-european-union","14":"tag-fr","15":"tag-france","16":"tag-jordan-bardella","17":"tag-motion-de-censure","18":"tag-news","19":"tag-republique-francaise","20":"tag-ue","21":"tag-union-europeenne","22":"tag-von-der-leyen","23":"tag-vote-de-confiance"},"share_on_mastodon":{"url":"https:\/\/pubeurope.com\/@fr\/115180729180087066","error":""},"_links":{"self":[{"href":"https:\/\/www.europesays.com\/fr\/wp-json\/wp\/v2\/posts\/380563","targetHints":{"allow":["GET"]}}],"collection":[{"href":"https:\/\/www.europesays.com\/fr\/wp-json\/wp\/v2\/posts"}],"about":[{"href":"https:\/\/www.europesays.com\/fr\/wp-json\/wp\/v2\/types\/post"}],"author":[{"embeddable":true,"href":"https:\/\/www.europesays.com\/fr\/wp-json\/wp\/v2\/users\/2"}],"replies":[{"embeddable":true,"href":"https:\/\/www.europesays.com\/fr\/wp-json\/wp\/v2\/comments?post=380563"}],"version-history":[{"count":0,"href":"https:\/\/www.europesays.com\/fr\/wp-json\/wp\/v2\/posts\/380563\/revisions"}],"wp:featuredmedia":[{"embeddable":true,"href":"https:\/\/www.europesays.com\/fr\/wp-json\/wp\/v2\/media\/380564"}],"wp:attachment":[{"href":"https:\/\/www.europesays.com\/fr\/wp-json\/wp\/v2\/media?parent=380563"}],"wp:term":[{"taxonomy":"category","embeddable":true,"href":"https:\/\/www.europesays.com\/fr\/wp-json\/wp\/v2\/categories?post=380563"},{"taxonomy":"post_tag","embeddable":true,"href":"https:\/\/www.europesays.com\/fr\/wp-json\/wp\/v2\/tags?post=380563"}],"curies":[{"name":"wp","href":"https:\/\/api.w.org\/{rel}","templated":true}]}}