{"id":380567,"date":"2025-09-10T15:34:11","date_gmt":"2025-09-10T15:34:11","guid":{"rendered":"https:\/\/www.europesays.com\/fr\/380567\/"},"modified":"2025-09-10T15:34:11","modified_gmt":"2025-09-10T15:34:11","slug":"larmee-israelienne-poursuit-ses-bombardements-sur-la-bande-de-gaza-et-attaque-le-yemen","status":"publish","type":"post","link":"https:\/\/www.europesays.com\/fr\/380567\/","title":{"rendered":"l\u2019arm\u00e9e isra\u00e9lienne poursuit ses bombardements sur la bande de Gaza et attaque le Y\u00e9men"},"content":{"rendered":"<p>   Le point sur la situation, mercredi 10\u00a0septembre en milieu d\u2019apr\u00e8s-midi             <\/p>\n<p class=\"post__live-container--answer-text post__space-node\"><strong>Trente-quatre personnes ont \u00e9t\u00e9 tu\u00e9es depuis l\u2019aube dans la bande de Gaza, dont 26\u00a0dans la ville de Gaza<\/strong>, a rapport\u00e9 \u00e0 la mi-journ\u00e9e l\u2019agence de presse palestinienne WAFa, citant des sources m\u00e9dicales.<\/p>\n<p class=\"post__live-container--answer-text post__space-node\"><strong>L\u2019arm\u00e9e isra\u00e9lienne a bombard\u00e9 mercredi la tour Taybeh 2, dans la ville de Gaza<\/strong>, peu apr\u00e8s avoir\u00a0ordonn\u00e9 son \u00e9vacuation et celle des alentours, selon la presse isra\u00e9lienne et la cha\u00eene qatarie Al-Jazira. L\u2019\u00e9tat-major des forces isra\u00e9liennes a, par la suite, annonc\u00e9\u00a0qu\u2019un \u00ab\u00a0immeuble de grande hauteur\u00a0\u00bb, selon lui utilis\u00e9 par le Hamas, avait \u00e9t\u00e9 pris pour cible.<\/p>\n<p class=\"post__live-container--answer-text post__space-node\"><strong>La pr\u00e9sidente de la Commission europ\u00e9enne, Ursula von der Leyen, a propos\u00e9 de sanctionner les membres \u00ab\u00a0extr\u00e9mistes\u00a0\u00bb du gouvernement isra\u00e9lien et une suspension partielle de l\u2019accord d\u2019association entre l\u2019Union et l\u2019Etat h\u00e9breu<\/strong>, en raison de la situation \u00ab\u00a0inacceptable\u00a0\u00bb de la bande de Gaza.<\/p>\n<p class=\"post__live-container--answer-text post__space-node\"><strong>\u00ab\u00a0La politique de s\u00e9curit\u00e9 d\u2019Isra\u00ebl est claire\u00a0: le long bras d\u2019Isra\u00ebl frappera ses ennemis partout o\u00f9 ils se trouvent. Ils n\u2019ont nulle part o\u00f9 se cacher\u00a0\u00bb<\/strong><strong>, a r\u00e9affirm\u00e9 le ministre de la d\u00e9fense isra\u00e9lien<\/strong>, Israel Katz, sur\u00a0X, au lendemain des bombardements \u00e0 Doha.<\/p>\n<p class=\"post__live-container--answer-text post__space-node\"><strong>\u00ab\u00a0Si nous ne les avons pas eus cette fois-ci, nous les aurons la prochaine fois\u00a0\u00bb<\/strong><strong>, a promis l\u2019ambassadeur d\u2019Isra\u00ebl aux Etats-Unis<\/strong>, \u00e9voquant les dirigeants du Hamas pris pour cible mardi \u00e0 Doha.<\/p>\n<p class=\"post__live-container--answer-text post__space-node\"><strong>La direction politique du Hamas avait \u00e9t\u00e9 pr\u00e9venue par l\u2019Egypte et la Turquie, au cours des semaines pr\u00e9c\u00e9dant l\u2019attaque isra\u00e9lienne,<\/strong> qu\u2019elle devait renforcer la s\u00e9curit\u00e9 autour de ses r\u00e9unions, rapporte\u00a0The Wall Street Journal, citant des entretiens avec des responsables isra\u00e9liens, am\u00e9ricains, qataris et d\u2019autres pays arabes.<\/p>\n","protected":false},"excerpt":{"rendered":"Le point sur la situation, mercredi 10\u00a0septembre en milieu d\u2019apr\u00e8s-midi Trente-quatre personnes ont \u00e9t\u00e9 tu\u00e9es depuis l\u2019aube dans&hellip;\n","protected":false},"author":2,"featured_media":380568,"comment_status":"","ping_status":"","sticky":false,"template":"","format":"standard","meta":{"footnotes":""},"categories":[2],"tags":[11,1011,27,12,25],"class_list":{"0":"post-380567","1":"post","2":"type-post","3":"status-publish","4":"format-standard","5":"has-post-thumbnail","7":"category-actualites","8":"tag-actualites","9":"tag-fr","10":"tag-france","11":"tag-news","12":"tag-republique-francaise"},"share_on_mastodon":{"url":"https:\/\/pubeurope.com\/@fr\/115180736552315319","error":""},"_links":{"self":[{"href":"https:\/\/www.europesays.com\/fr\/wp-json\/wp\/v2\/posts\/380567","targetHints":{"allow":["GET"]}}],"collection":[{"href":"https:\/\/www.europesays.com\/fr\/wp-json\/wp\/v2\/posts"}],"about":[{"href":"https:\/\/www.europesays.com\/fr\/wp-json\/wp\/v2\/types\/post"}],"author":[{"embeddable":true,"href":"https:\/\/www.europesays.com\/fr\/wp-json\/wp\/v2\/users\/2"}],"replies":[{"embeddable":true,"href":"https:\/\/www.europesays.com\/fr\/wp-json\/wp\/v2\/comments?post=380567"}],"version-history":[{"count":0,"href":"https:\/\/www.europesays.com\/fr\/wp-json\/wp\/v2\/posts\/380567\/revisions"}],"wp:featuredmedia":[{"embeddable":true,"href":"https:\/\/www.europesays.com\/fr\/wp-json\/wp\/v2\/media\/380568"}],"wp:attachment":[{"href":"https:\/\/www.europesays.com\/fr\/wp-json\/wp\/v2\/media?parent=380567"}],"wp:term":[{"taxonomy":"category","embeddable":true,"href":"https:\/\/www.europesays.com\/fr\/wp-json\/wp\/v2\/categories?post=380567"},{"taxonomy":"post_tag","embeddable":true,"href":"https:\/\/www.europesays.com\/fr\/wp-json\/wp\/v2\/tags?post=380567"}],"curies":[{"name":"wp","href":"https:\/\/api.w.org\/{rel}","templated":true}]}}