{"id":38057,"date":"2025-04-20T05:05:14","date_gmt":"2025-04-20T05:05:14","guid":{"rendered":"https:\/\/www.europesays.com\/fr\/38057\/"},"modified":"2025-04-20T05:05:14","modified_gmt":"2025-04-20T05:05:14","slug":"visites-et-ateliers-gratuits-a-paris-et-en-ile-de-france-du-9-au-11-mai","status":"publish","type":"post","link":"https:\/\/www.europesays.com\/fr\/38057\/","title":{"rendered":"visites et ateliers gratuits \u00e0 Paris et en \u00cele-de-France du 9 au 11 mai"},"content":{"rendered":"<p class=\"\" data-start=\"94\" data-end=\"503\">Du 9 au 11 mai, l\u2019\u00e9v\u00e9nement national \u00ab\u00a0Tous \u00e0 l\u2019Op\u00e9ra !\u00a0\u00bb revient pour une 18\u1d49 <a href=\"https:\/\/www.timeout.fr\/paris\/que-faire-a-paris\/gratuit\" target=\"_blank\" rel=\"noopener\">\u00e9dition gratuite<\/a> dans 23 op\u00e9ras \u00e0 travers la France, dont quatre en \u00cele-de-France. Visites, ateliers, coulisses et cours de chant seront au programme de cette \u00e9dition plac\u00e9e sous le th\u00e8me du \u00ab\u00a0Melting Pot\u00a0\u00bb, men\u00e9e par le danseur Fran\u00e7ois Chaignaud et la mezzo-soprano Marina Viotti, r\u00e9cemment vue avec Gojira \u00e0 <a href=\"https:\/\/www.timeout.fr\/paris\/jeux-olympiques\/ceremonie-ouverture\" target=\"_blank\" rel=\"noopener\">l\u2019ouverture des JO<\/a>.<\/p>\n<p><strong data-start=\"262\" data-end=\"329\">Des coulisses aux ateliers : que faire pendant Tous \u00e0 l\u2019Op\u00e9ra ?<\/strong><\/p>\n<p class=\"\" data-start=\"505\" data-end=\"598\">Commen\u00e7ons par le saint des saints parisiens : <a href=\"https:\/\/www.timeout.fr\/paris\/musique\/opera-garnier\" target=\"_blank\" rel=\"noopener\">l\u2019Op\u00e9ra Garnier<\/a>. Outre des visites libres des espaces publics, il faudra absolument assister au cours magistral de danse classique (avec accompagnement au piano, s\u2019il vous pla\u00eet) le 10 mai dans le Grand Foyer, profess\u00e9 par Andrey Klemm (au moins deux ans de pratique demand\u00e9s), ou aux ateliers de chant choral de Luce Valois le m\u00eame jour (d\u00e9butants accept\u00e9s). Mais le plan qui nous chauffe le plus, c\u2019est cette d\u00e9ambulation au milieu des ateliers perruque et maquillage o\u00f9 l\u2019on pourra assister \u00e0 la transformation de quatre personnages du r\u00e9pertoire, dont la f\u00e9e Carabosse (dans La Belle au bois dormant de Rudolf Noureev). Magique.<\/p>\n<p class=\"\" data-start=\"1313\" data-end=\"1862\">Toujours \u00e0 Paris intra-muros, l\u2019Op\u00e9ra-Comique se d\u00e9voilera avec des visites de sa salle \u00e0 l\u2019italienne, des le\u00e7ons de chant et des monstrations des costumes. Et c\u00f4t\u00e9 Grand Paris, c\u2019est \u00e0 Massy que seront organis\u00e9s des ateliers, des r\u00e9p\u00e9titions ouvertes de Rusalka, l\u2019adaptation lyrique de La Petite Sir\u00e8ne, mais aussi des sc\u00e8nes ouvertes de chorales locales. Terminons avec un plan royal puisque l\u2019Op\u00e9ra de Versailles sera anim\u00e9 par des auditions de chanteurs et par une expo de costumes de chez Christian Lacroix. Pointes de marche recommand\u00e9es.<\/p>\n<p class=\"\" data-start=\"1313\" data-end=\"1862\"><strong>Quand ?<\/strong> du 9 au 11 mai 2025.<br \/><strong>O\u00f9 ?<\/strong> dans des dizaines d\u2019op\u00e9ras dans toute la France (\u00e0 l\u2019Op\u00e9ra Garnier et l\u2019Op\u00e9ra-Comique \u00e0 Paris ; \u00e0 Massy et Versailles dans le Grand Paris).<br \/><strong>Combien ?<\/strong> gratuit (ouverture des r\u00e9servations dans le courant du mois d\u2019avril).<br \/><a href=\"https:\/\/www.operadeparis.fr\/actualites\/tous-a-lopera-edition-2025\" target=\"_blank\" rel=\"noopener\">operadeparis.fr<\/a><\/p>\n","protected":false},"excerpt":{"rendered":"Du 9 au 11 mai, l\u2019\u00e9v\u00e9nement national \u00ab\u00a0Tous \u00e0 l\u2019Op\u00e9ra !\u00a0\u00bb revient pour une 18\u1d49 \u00e9dition gratuite dans&hellip;\n","protected":false},"author":2,"featured_media":38058,"comment_status":"","ping_status":"","sticky":false,"template":"","format":"standard","meta":{"footnotes":""},"categories":[1888],"tags":[11,12037,12036,1777,674,1011,27,12,626,12035,25,1347],"class_list":{"0":"post-38057","1":"post","2":"type-post","3":"status-publish","4":"format-standard","5":"has-post-thumbnail","7":"category-paris","8":"tag-actualites","9":"tag-actualites-theatre","10":"tag-categories-theatre","11":"tag-eu","12":"tag-europe","13":"tag-fr","14":"tag-france","15":"tag-news","16":"tag-paris","17":"tag-plus-gratuit","18":"tag-republique-francaise","19":"tag-theatre"},"share_on_mastodon":{"url":"https:\/\/pubeurope.com\/@fr\/114368552960991187","error":""},"_links":{"self":[{"href":"https:\/\/www.europesays.com\/fr\/wp-json\/wp\/v2\/posts\/38057","targetHints":{"allow":["GET"]}}],"collection":[{"href":"https:\/\/www.europesays.com\/fr\/wp-json\/wp\/v2\/posts"}],"about":[{"href":"https:\/\/www.europesays.com\/fr\/wp-json\/wp\/v2\/types\/post"}],"author":[{"embeddable":true,"href":"https:\/\/www.europesays.com\/fr\/wp-json\/wp\/v2\/users\/2"}],"replies":[{"embeddable":true,"href":"https:\/\/www.europesays.com\/fr\/wp-json\/wp\/v2\/comments?post=38057"}],"version-history":[{"count":0,"href":"https:\/\/www.europesays.com\/fr\/wp-json\/wp\/v2\/posts\/38057\/revisions"}],"wp:featuredmedia":[{"embeddable":true,"href":"https:\/\/www.europesays.com\/fr\/wp-json\/wp\/v2\/media\/38058"}],"wp:attachment":[{"href":"https:\/\/www.europesays.com\/fr\/wp-json\/wp\/v2\/media?parent=38057"}],"wp:term":[{"taxonomy":"category","embeddable":true,"href":"https:\/\/www.europesays.com\/fr\/wp-json\/wp\/v2\/categories?post=38057"},{"taxonomy":"post_tag","embeddable":true,"href":"https:\/\/www.europesays.com\/fr\/wp-json\/wp\/v2\/tags?post=38057"}],"curies":[{"name":"wp","href":"https:\/\/api.w.org\/{rel}","templated":true}]}}