{"id":380573,"date":"2025-09-10T15:38:15","date_gmt":"2025-09-10T15:38:15","guid":{"rendered":"https:\/\/www.europesays.com\/fr\/380573\/"},"modified":"2025-09-10T15:38:15","modified_gmt":"2025-09-10T15:38:15","slug":"le-n10-montpellierain-hugo-reus-a-donne-son-accord-a-lubb-pour-2026-lequipe","status":"publish","type":"post","link":"https:\/\/www.europesays.com\/fr\/380573\/","title":{"rendered":"Le n\u00b010 montpelli\u00e9rain Hugo Reus a donn\u00e9 son accord \u00e0 l&#039;UBB pour 2026 &#8211; L&#039;\u00c9quipe"},"content":{"rendered":"<ol>\n<li><a href=\"https:\/\/news.google.com\/rss\/articles\/CBMirgFBVV95cUxQaUQ1LW5GcGNGUGR6YzZVZnFXRmJINGdmaTRXQjQ1VjY5NHlac2wzQ3B0M0xKUjd3NXEyTV9iN2l2dzAxWURoRXIwX1hqc3NMdVA4bFRVMUhqcW1oMF9wZEJZeFozYVZpakFCeVlSaGJyLVByX3lpSjJlTnZyRm9RQWZsSXZGdzRwbktCcHFTZ25lSXhXWHpXU0I5LXlOLUEtYWQ2SDRJekFVSnRFT2c?oc=5\" target=\"_blank\" rel=\"nofollow noopener\">Le n\u00b010 montpelli\u00e9rain Hugo Reus a donn\u00e9 son accord \u00e0 l&rsquo;UBB pour 2026<\/a>&nbsp;&nbsp;L&rsquo;\u00c9quipe<\/li>\n<li><a href=\"https:\/\/news.google.com\/rss\/articles\/CBMizwFBVV95cUxPQlVzNWZkM1Z6ZWc2S2ZCYl8tbFcwR1paSWVBSUxJTXBQRlVnRG1za3UyUHpiYi1xMkZoZWxyVmdyRFRORzV0WmJZMmZFcTF1X28xYmJHTi1QODhSWnhtNUNFMVJhSVFnaFFobFVFdGk1cTlfOVpiM0dPN3V5RTRkZnJDT3RvMFVvOE10aVJ2N1hMUjI4Rzk4SE1LamcyVnBtOW9lYlhBekQ3VHhPRlZFX1NTV2g4Y3VEOEcxTndZcTdFUlBDZEVJTVllaXFHeXM?oc=5\" target=\"_blank\" rel=\"nofollow noopener\">Avantage Union Bordeaux-B\u00e8gles sur le dossier Reus<\/a>&nbsp;&nbsp;Rugbyrama<\/li>\n<li><a href=\"https:\/\/news.google.com\/rss\/articles\/CBMitAFBVV95cUxQVjk4TjVCODB0YVlYV2NwellkR3k2N0NPWmpUWXBXN0VkeXh5b1RtX0huX0dlaTBqZjlGa2tSWFF2YXdxWXFsc2NGNlRtUlVsQ3k5OUxQUE1vUERYZlExMi1WMHVlZF9sczlpZHd5UUR1WmRBTkNnekUzVTJtVnZiRXlhM01SeGF6b2h3RlQ0LWdTZFlKY3o0Yy1RVkYyb2RkZFgzcXpRUVFGeDhpZlBjTDhiblo?oc=5\" target=\"_blank\" rel=\"nofollow noopener\">UBB : le club a trouv\u00e9 un accord pour rapatrier un grand talent fran\u00e7ais<\/a>&nbsp;&nbsp;Quinze Mondial<\/li>\n<li><a href=\"https:\/\/news.google.com\/rss\/articles\/CBMi4wFBVV95cUxPUnNGclJjQjNoU25sTndTc3k4bERaMkt0SGRJeGU0ek1CUlZrMWhOUmxtSzJVM3c0M1lJWlVKenBzc0VfcXc0T3dUZlQwZF8zSXZKZE9VaEVpcUR4M2dXa3pNUnFuRUtkN3hMQlZQTEE5ZjROd2doSERrUnVJWERpcjRkSjF3T2o3SzBKMHZuOXVLZ2s1WEdYVEFDZEtMV1ZkNTRFN1YybTBvMmJmY0VDNTI2MDc5ZjRmRXM0enZiaFRhT1RSLXBsVDJXR2IwYW1jQkZzUXhKQmowRk9FMGN4MzgtNA?oc=5\" target=\"_blank\" rel=\"nofollow noopener\">Aviron Bayonnais : Hugo Reus s\u2019\u00e9loigne vers l\u2019UBB, Reece Hodge se rapproche du terrain<\/a>&nbsp;&nbsp;Sud Ouest<\/li>\n<li><a href=\"https:\/\/news.google.com\/rss\/articles\/CBMiowFBVV95cUxPSVNxdVJ4a3AzLUxjSDVHTXpzd0RJNHVncm9TSHFERU5fNW5oYVp0OS1RbEMzaGdSUDBnNHQ4bnFhdVVpdzdYdzU4OGQ4N3h6amtMZzJOVmlyaG9tVFF4Q050YmREX3V5Mkh3T01KZXhhcUsxNEV1SDhKZnhpUzV1RWY1anF2RWNMRkdYQVpOUHNTZU5DZ0YtX0Z4V3dyYmZ3R0FB?oc=5\" target=\"_blank\" rel=\"nofollow noopener\">Transferts : Hugo Reus va quitter le MHR pour rejoindre un cador de Top 14<\/a>&nbsp;&nbsp;Dicodusport<\/li>\n<\/ol>\n","protected":false},"excerpt":{"rendered":"Le n\u00b010 montpelli\u00e9rain Hugo Reus a donn\u00e9 son accord \u00e0 l&rsquo;UBB pour 2026&nbsp;&nbsp;L&rsquo;\u00c9quipe Avantage Union Bordeaux-B\u00e8gles sur le&hellip;\n","protected":false},"author":2,"featured_media":380574,"comment_status":"","ping_status":"","sticky":false,"template":"","format":"standard","meta":{"footnotes":""},"categories":[1416],"tags":[1011,27,479,1468,60],"class_list":{"0":"post-380573","1":"post","2":"type-post","3":"status-publish","4":"format-standard","5":"has-post-thumbnail","7":"category-rugby","8":"tag-fr","9":"tag-france","10":"tag-rugby","11":"tag-rugby-football","12":"tag-sports"},"share_on_mastodon":{"url":"https:\/\/pubeurope.com\/@fr\/115180752580489880","error":""},"_links":{"self":[{"href":"https:\/\/www.europesays.com\/fr\/wp-json\/wp\/v2\/posts\/380573","targetHints":{"allow":["GET"]}}],"collection":[{"href":"https:\/\/www.europesays.com\/fr\/wp-json\/wp\/v2\/posts"}],"about":[{"href":"https:\/\/www.europesays.com\/fr\/wp-json\/wp\/v2\/types\/post"}],"author":[{"embeddable":true,"href":"https:\/\/www.europesays.com\/fr\/wp-json\/wp\/v2\/users\/2"}],"replies":[{"embeddable":true,"href":"https:\/\/www.europesays.com\/fr\/wp-json\/wp\/v2\/comments?post=380573"}],"version-history":[{"count":0,"href":"https:\/\/www.europesays.com\/fr\/wp-json\/wp\/v2\/posts\/380573\/revisions"}],"wp:featuredmedia":[{"embeddable":true,"href":"https:\/\/www.europesays.com\/fr\/wp-json\/wp\/v2\/media\/380574"}],"wp:attachment":[{"href":"https:\/\/www.europesays.com\/fr\/wp-json\/wp\/v2\/media?parent=380573"}],"wp:term":[{"taxonomy":"category","embeddable":true,"href":"https:\/\/www.europesays.com\/fr\/wp-json\/wp\/v2\/categories?post=380573"},{"taxonomy":"post_tag","embeddable":true,"href":"https:\/\/www.europesays.com\/fr\/wp-json\/wp\/v2\/tags?post=380573"}],"curies":[{"name":"wp","href":"https:\/\/api.w.org\/{rel}","templated":true}]}}