{"id":380575,"date":"2025-09-10T15:39:11","date_gmt":"2025-09-10T15:39:11","guid":{"rendered":"https:\/\/www.europesays.com\/fr\/380575\/"},"modified":"2025-09-10T15:39:11","modified_gmt":"2025-09-10T15:39:11","slug":"moutet-chez-les-bleus-un-reve-de-gosse","status":"publish","type":"post","link":"https:\/\/www.europesays.com\/fr\/380575\/","title":{"rendered":"Moutet chez les Bleus, \u00ab\u00a0un r\u00eave de gosse\u00a0\u00bb"},"content":{"rendered":"<p class=\"date\">\n                                                            Thomas Siniecki, Media365 : publi\u00e9 le mercredi 10 septembre 2025 \u00e0 11h40\n                                                    <\/p>\n<p>La concurrence est rude et le 39e mondial n&rsquo;est pas certain de jouer en Croatie. Mais il est bien l\u00e0 et postule.<\/p>\n<p>M\u00eame Benoit Paire avait aussi pu y passer avant lui&#8230; En \u00e9tant appel\u00e9 au sein de la s\u00e9lection de l&rsquo;\u00e9quipe de France en Coupe Davis, Corentin Moutet franchit peut-\u00eatre le pas le plus important en vue d&rsquo;effacer son image d&rsquo;enfant terrible du tennis national. Et il ne semble pas feindre sa reconnaissance envers le capitaine Paul-Henri Mathieu qui a fait appel \u00e0 lui : \u00ab\u00a0C&rsquo;est un honneur pour moi de faire partie de l&rsquo;\u00e9quipe, un r\u00eave de gosse. Evidemment, quand on est jeune, on regarde \u00e7a \u00e0 la t\u00e9l\u00e9, surtout quand on voit la g\u00e9n\u00e9ration incroyable avant nous des Jo-Wilfried Tsonga, Gael Monfils ou Richard Gasquet qui ont gagn\u00e9 cette Coupe Davis&#8230;\u00a0\u00bb<\/p>\n<p>Mathieu : \u00ab\u00a0Il sait comment \u00e7a se passe en groupe. Il y a des r\u00e8gles et un cadre \u00e0 respecter, tout le monde s&rsquo;y plie\u00a0\u00bb<\/p>\n<p>D\u00e9j\u00e0 \u00e0 pied d&rsquo;oeuvre \u00e0 l&rsquo;entra\u00eenement, en simple comme en double avec Arthur Rinderknech (contre Pierre-Hugues Herbert et Benjamain Bonzi), Moutet fait notamment partie des joueurs fran\u00e7ais les plus constants sur terre, <a href=\"https:\/\/sports.orange.fr\/tennis\/article\/coupe-davis-humbert-finalement-absent-moutet-et-mpetshi-perricard-appeles-CNT000002kwYQS.html\" rel=\"nofollow noopener\" target=\"_blank\">la surface o\u00f9 ceux-ci d\u00e9fient la Croatie ce week-end<\/a> (en int\u00e9rieur \u00e0 Osijek). Tomb\u00e9 sur Novak Djokovic d\u00e8s le deuxi\u00e8me tour de Roland-Garros, il avait pris un set \u00e0 Jannik Sinner en huiti\u00e8mes de finale en 2024. Cette ann\u00e9e, il a aussi atteint les huiti\u00e8mes \u00e0 Rome, \u00e9liminant au passage Holger Rune pour le premier succ\u00e8s de sa carri\u00e8re contre un top 10 mondial.<\/p>\n<p>\u00ab\u00a0On a pu grandir en regardant cette Coupe Davis, en vibrant, j&rsquo;ai plein de souvenirs en tant que spectateur, c&rsquo;est donc un honneur de pouvoir incarner \u00e7a.\u00a0\u00bb Sur place, on le voit \u00e9galement s&rsquo;amuser de porter des lunettes stroboscopiques pour un exercice de coordination. Ce qui l&rsquo;am\u00e8ne \u00e0 se comparer au voisin serbe Janko Tipsarevic, connu pour porter ce genre de monture sur les courts. Moutet tente de s&rsquo;int\u00e9grer <a href=\"https:\/\/sports.orange.fr\/tennis\/article\/bleus-le-capitaine-en-pleine-reflexion-CNT000002kyxZo.html\" rel=\"nofollow noopener\" target=\"_blank\">et \u00ab\u00a0PHM\u00a0\u00bb y croit \u00e0 fond<\/a> : \u00ab\u00a0Je n&rsquo;ai aucun doute, on a pas mal \u00e9chang\u00e9 ensemble et il a \u00e9t\u00e9 le premier \u00e0 reprendre la raquette, \u00e7a se passe tr\u00e8s bien. Il a eu l&rsquo;habitude de jouer en \u00e9quipe de France quand il \u00e9tait jeune, il sait comment \u00e7a se passe en groupe et j&rsquo;insiste sur le fait que c&rsquo;est important d&rsquo;avoir cet \u00e9tat d&rsquo;esprit collectif. Il y a des r\u00e8gles et un cadre \u00e0 respecter, tout le monde s&rsquo;y plie. Ils sont contents de fonctionner diff\u00e9remment du reste de l&rsquo;ann\u00e9e. Et repr\u00e9senter la France, \u00e7a am\u00e8ne toujours de la fiert\u00e9.\u00a0\u00bb<\/p>\n","protected":false},"excerpt":{"rendered":"Thomas Siniecki, Media365 : publi\u00e9 le mercredi 10 septembre 2025 \u00e0 11h40 La concurrence est rude et le&hellip;\n","protected":false},"author":2,"featured_media":380576,"comment_status":"","ping_status":"","sticky":false,"template":"","format":"standard","meta":{"footnotes":""},"categories":[1415],"tags":[1011,27,60,1467],"class_list":{"0":"post-380575","1":"post","2":"type-post","3":"status-publish","4":"format-standard","5":"has-post-thumbnail","7":"category-tennis","8":"tag-fr","9":"tag-france","10":"tag-sports","11":"tag-tennis"},"share_on_mastodon":{"url":"https:\/\/pubeurope.com\/@fr\/115180756194286485","error":""},"_links":{"self":[{"href":"https:\/\/www.europesays.com\/fr\/wp-json\/wp\/v2\/posts\/380575","targetHints":{"allow":["GET"]}}],"collection":[{"href":"https:\/\/www.europesays.com\/fr\/wp-json\/wp\/v2\/posts"}],"about":[{"href":"https:\/\/www.europesays.com\/fr\/wp-json\/wp\/v2\/types\/post"}],"author":[{"embeddable":true,"href":"https:\/\/www.europesays.com\/fr\/wp-json\/wp\/v2\/users\/2"}],"replies":[{"embeddable":true,"href":"https:\/\/www.europesays.com\/fr\/wp-json\/wp\/v2\/comments?post=380575"}],"version-history":[{"count":0,"href":"https:\/\/www.europesays.com\/fr\/wp-json\/wp\/v2\/posts\/380575\/revisions"}],"wp:featuredmedia":[{"embeddable":true,"href":"https:\/\/www.europesays.com\/fr\/wp-json\/wp\/v2\/media\/380576"}],"wp:attachment":[{"href":"https:\/\/www.europesays.com\/fr\/wp-json\/wp\/v2\/media?parent=380575"}],"wp:term":[{"taxonomy":"category","embeddable":true,"href":"https:\/\/www.europesays.com\/fr\/wp-json\/wp\/v2\/categories?post=380575"},{"taxonomy":"post_tag","embeddable":true,"href":"https:\/\/www.europesays.com\/fr\/wp-json\/wp\/v2\/tags?post=380575"}],"curies":[{"name":"wp","href":"https:\/\/api.w.org\/{rel}","templated":true}]}}