{"id":380579,"date":"2025-09-10T15:42:11","date_gmt":"2025-09-10T15:42:11","guid":{"rendered":"https:\/\/www.europesays.com\/fr\/380579\/"},"modified":"2025-09-10T15:42:11","modified_gmt":"2025-09-10T15:42:11","slug":"a-niort-louverture-dun-leclerc-jouet-naffole-pas-la-concurrence","status":"publish","type":"post","link":"https:\/\/www.europesays.com\/fr\/380579\/","title":{"rendered":"\u00e0 Niort, l\u2019ouverture d\u2019un Leclerc Jouet n\u2019affole pas la concurrence"},"content":{"rendered":"<p>En plus des Jou\u00e9 Club et King Jouet d\u00e9j\u00e0 implant\u00e9s dans la zone Mend\u00e8s-France, un Leclerc Jouet va ouvrir ses portes le mercredi 1er\u00a0octobre 2025 \u00e0 Niort. Si le <a target=\"_self\" href=\"https:\/\/www.lanouvellerepublique.fr\/niort\/mouvement-bloquons-tout-le-centre-commercial-de-la-zone-mendes-france-bloque-1757490810\" rel=\"noopener\">Leclerc Niort Mend\u00e8s-France<\/a> n\u2019a pas souhait\u00e9 nous r\u00e9pondre \u00e0 ce sujet, l\u2019installation de la nouvelle enseigne a \u00e9t\u00e9 confirm\u00e9e sur le compte Facebook du magasin. Dans une vid\u00e9o publi\u00e9e sur le r\u00e9seau social, une Formule 1 en Lego est install\u00e9e dans la galerie pendant le mois de septembre \u00ab\u00a0po&#8230; <\/p>\n<p>    Cet article a \u00e9t\u00e9 tronqu\u00e9. Abonnez-vous pour lire l&rsquo;article complet sur notre site.<\/p>\n<p style=\"margin: 0 !important; padding: 0 !important; font-size: 12px !important;\">Cet article a \u00e9t\u00e9 tronqu\u00e9. Abonnez-vous pour lire l&rsquo;article complet.<\/p>\n<p>    <a href=\"https:\/\/www.lanouvellerepublique.fr\/abonnements\" style=\"display: inline-block; margin-top: 5px !important; padding: 6px 12px !important; background: #cb1c27; color: white; text-decoration: none; border-radius: 4px; font-size: 12px !important;\" target=\"_blank\" rel=\"noopener\"><br \/>\n      S&rsquo;abonner<br \/>\n    <\/a><\/p>\n","protected":false},"excerpt":{"rendered":"En plus des Jou\u00e9 Club et King Jouet d\u00e9j\u00e0 implant\u00e9s dans la zone Mend\u00e8s-France, un Leclerc Jouet va&hellip;\n","protected":false},"author":2,"featured_media":380580,"comment_status":"","ping_status":"","sticky":false,"template":"","format":"standard","meta":{"footnotes":""},"categories":[1412],"tags":[1392,22484,215,2545,33,1451,1452,1453,1454,1455,1011,27,6752,60],"class_list":{"0":"post-380579","1":"post","2":"type-post","3":"status-publish","4":"format-standard","5":"has-post-thumbnail","7":"category-f1","8":"tag-a-la-une-local","9":"tag-chauray","10":"tag-commerce","11":"tag-deux-sevres","12":"tag-economie","13":"tag-f1","14":"tag-formula-1","15":"tag-formula1","16":"tag-formule-1","17":"tag-formule1","18":"tag-fr","19":"tag-france","20":"tag-niort","21":"tag-sports"},"share_on_mastodon":{"url":"https:\/\/pubeurope.com\/@fr\/115180768138582865","error":""},"_links":{"self":[{"href":"https:\/\/www.europesays.com\/fr\/wp-json\/wp\/v2\/posts\/380579","targetHints":{"allow":["GET"]}}],"collection":[{"href":"https:\/\/www.europesays.com\/fr\/wp-json\/wp\/v2\/posts"}],"about":[{"href":"https:\/\/www.europesays.com\/fr\/wp-json\/wp\/v2\/types\/post"}],"author":[{"embeddable":true,"href":"https:\/\/www.europesays.com\/fr\/wp-json\/wp\/v2\/users\/2"}],"replies":[{"embeddable":true,"href":"https:\/\/www.europesays.com\/fr\/wp-json\/wp\/v2\/comments?post=380579"}],"version-history":[{"count":0,"href":"https:\/\/www.europesays.com\/fr\/wp-json\/wp\/v2\/posts\/380579\/revisions"}],"wp:featuredmedia":[{"embeddable":true,"href":"https:\/\/www.europesays.com\/fr\/wp-json\/wp\/v2\/media\/380580"}],"wp:attachment":[{"href":"https:\/\/www.europesays.com\/fr\/wp-json\/wp\/v2\/media?parent=380579"}],"wp:term":[{"taxonomy":"category","embeddable":true,"href":"https:\/\/www.europesays.com\/fr\/wp-json\/wp\/v2\/categories?post=380579"},{"taxonomy":"post_tag","embeddable":true,"href":"https:\/\/www.europesays.com\/fr\/wp-json\/wp\/v2\/tags?post=380579"}],"curies":[{"name":"wp","href":"https:\/\/api.w.org\/{rel}","templated":true}]}}