{"id":380581,"date":"2025-09-10T15:43:10","date_gmt":"2025-09-10T15:43:10","guid":{"rendered":"https:\/\/www.europesays.com\/fr\/380581\/"},"modified":"2025-09-10T15:43:10","modified_gmt":"2025-09-10T15:43:10","slug":"giulio-pellizzari-remporte-la-17e-etape-de-la-vuelta-jonas-vingegaard-toujours-pas-inquiete-lequipe","status":"publish","type":"post","link":"https:\/\/www.europesays.com\/fr\/380581\/","title":{"rendered":"Giulio Pellizzari remporte la 17e \u00e9tape de la Vuelta, Jonas Vingegaard toujours pas inqui\u00e9t\u00e9 &#8211; L&#039;\u00c9quipe"},"content":{"rendered":"<ol>\n<li><a href=\"https:\/\/news.google.com\/rss\/articles\/CBMi5wFBVV95cUxNOElMemZ1OGZ5OFRrekdpX0U4QzdxWmpQNHhJQjB6eXJLZkctUWNhek92Y2ZWWllwMUNnckdjN3BOVTNvU0tvcDF3d3BBQlB6V1RLVS1LRzdxeVBDajZhRk8yR1hpbnZCNElDREZkbUR4NGNFcDQyOWhOcmp3ZXlWYkVvVktzQnk5ODc3U0d3VW5sRVRycWFkdW5ZLTM2clBsdExEVVBWUlNpTWdrY3prVDNOaGJXX1BpSGNwWGtDemJ1LVc1WUZmb3NlMXZYZWFHQ1RZZ0dEQ2pHWFh1MUY5Ukd0cGNIUDg?oc=5\" target=\"_blank\" rel=\"nofollow noopener\">Giulio Pellizzari remporte la 17e \u00e9tape de la Vuelta, Jonas Vingegaard toujours pas inqui\u00e9t\u00e9<\/a>&nbsp;&nbsp;L&rsquo;\u00c9quipe<\/li>\n<li><a href=\"https:\/\/news.google.com\/rss\/articles\/CBMi0AFBVV95cUxQNklDYVoxbVZCQzN4S3BzSThmWTVKckh5eVBhNDAtSUZ6YXEzeEQxSGoyMGlxcUdsSXVfSWpmNUNQaXZZcHVnWWF2TXJRSjFZVTZaYnBWU3IyLUEwYWJWWHBnM0toZ0tHaVNfOWdIeWNtSDh4dDU2dVJKZzlnMGZ4ajBBd1hFSW9ibkJwY29oRHozWkU5YWNxWE9YNmF3dUN6VXFxbURVMnk0ZmE4TDlZSUUtbFBoYkdrVWVlNkduWG5iMjE3bnlLbkhYZDV6U1ot?oc=5\" target=\"_blank\" rel=\"nofollow noopener\">\u00c9tape 17 Tour d&rsquo;Espagne en direct | El Barco de Valdeorras &#8211; Alto de El Morredero<\/a>&nbsp;&nbsp;Eurosport<\/li>\n<li><a href=\"https:\/\/news.google.com\/rss\/articles\/CBMiswFBVV95cUxON2JwQ2hxeUU0cF8xcFFtZTdKV3A2N1VmRlFWTDRrdW1OekJiMXRxaV9zbllqVDYwZERoX2ZoMmNUcm5Vakx2SkpfakJtNVRNXzVmMHdpX29LVnJ2V3BuQlJlclhYYWF5bF9MdjFDMzRreEt2S1lFQ1lsS1dydTJvTVZLSERvYmhmUDE2VjJraGMxODVGM3hPSWowdW44R0tvbzlmXzFmRnk5Zjh3TkF6NEoydw?oc=5\" target=\"_blank\" rel=\"nofollow noopener\">Classement g\u00e9n\u00e9ral et r\u00e9sultats apr\u00e8s la 17e \u00e9tape de la Vuelta 2025<\/a>&nbsp;&nbsp;20 Minutes<\/li>\n<li><a href=\"https:\/\/news.google.com\/rss\/articles\/CBMifEFVX3lxTFA1bkUtaS1uc0RTTmxscC1FRk90OVJQdk5CZmtCcGVMTUdNd0RfZGh0VV8tbUVHR0lzeVFXbjdqcG1HX2Joclc4TzhZSDMtWVQycEJQVkpxblE3VmRmVjI1MmdZWjdaRUE4S1FpT01LV0tTUXNuWlh3OHNnVUM?oc=5\" target=\"_blank\" rel=\"nofollow noopener\">La Vuelta 2025 : Le parcours et le profil de la 17e \u00e9tape du Tour d\u2019Espagne ce mercredi 10 septembre<\/a>&nbsp;&nbsp;Yahoo Actualit\u00e9s<\/li>\n<li><a href=\"https:\/\/news.google.com\/rss\/articles\/CBMioAJBVV95cUxNMUpqNVFYVUNtckVZSlhYeGdUZ1F2OHB1ZXNNUmpoQnZzc0RsOWlZOTNpenNxUDZkSExwVndYRkMyWVgxX0VINEdjbW1QcjBUUW5YdDBiUGltZW5zM25LQU9IYjJIaVd6NC1TN29iRnpZRnNJZGVHSEdBMVJUTmlfWDh6QzcxVldEYlZfdlAwNHZiQVgxWlBlYXBxNjM4WjZqNDFfb3ZyeHBzbWd1SXhYZ1VaYTU4cVFGckYwUFF1WXVkN3V0MThVdjFvUW4yWTA4YkRuZmRrZEZ2U082azZmSnhtMktFQVR3Q3ZjblRSZzFjODZEbzZ0SkRBVlNfSG5LckE5ZHBCWHE3X19NNzdKNUlGRXlDXzB6SE5oazlPUVU?oc=5\" target=\"_blank\" rel=\"nofollow noopener\">Pellizzari s&rsquo;impose \u00e0 l&rsquo;Alto de El Morredero, Vingegaard et Almeida se neutralisent<\/a>&nbsp;&nbsp;Eurosport<\/li>\n<\/ol>\n","protected":false},"excerpt":{"rendered":"Giulio Pellizzari remporte la 17e \u00e9tape de la Vuelta, Jonas Vingegaard toujours pas inqui\u00e9t\u00e9&nbsp;&nbsp;L&rsquo;\u00c9quipe \u00c9tape 17 Tour d&rsquo;Espagne&hellip;\n","protected":false},"author":2,"featured_media":380582,"comment_status":"","ping_status":"","sticky":false,"template":"","format":"standard","meta":{"footnotes":""},"categories":[1411],"tags":[1154,207,1011,27,60],"class_list":{"0":"post-380581","1":"post","2":"type-post","3":"status-publish","4":"format-standard","5":"has-post-thumbnail","7":"category-cyclisme","8":"tag-cycling","9":"tag-cyclisme","10":"tag-fr","11":"tag-france","12":"tag-sports"},"share_on_mastodon":{"url":"https:\/\/pubeurope.com\/@fr\/115180772007608351","error":""},"_links":{"self":[{"href":"https:\/\/www.europesays.com\/fr\/wp-json\/wp\/v2\/posts\/380581","targetHints":{"allow":["GET"]}}],"collection":[{"href":"https:\/\/www.europesays.com\/fr\/wp-json\/wp\/v2\/posts"}],"about":[{"href":"https:\/\/www.europesays.com\/fr\/wp-json\/wp\/v2\/types\/post"}],"author":[{"embeddable":true,"href":"https:\/\/www.europesays.com\/fr\/wp-json\/wp\/v2\/users\/2"}],"replies":[{"embeddable":true,"href":"https:\/\/www.europesays.com\/fr\/wp-json\/wp\/v2\/comments?post=380581"}],"version-history":[{"count":0,"href":"https:\/\/www.europesays.com\/fr\/wp-json\/wp\/v2\/posts\/380581\/revisions"}],"wp:featuredmedia":[{"embeddable":true,"href":"https:\/\/www.europesays.com\/fr\/wp-json\/wp\/v2\/media\/380582"}],"wp:attachment":[{"href":"https:\/\/www.europesays.com\/fr\/wp-json\/wp\/v2\/media?parent=380581"}],"wp:term":[{"taxonomy":"category","embeddable":true,"href":"https:\/\/www.europesays.com\/fr\/wp-json\/wp\/v2\/categories?post=380581"},{"taxonomy":"post_tag","embeddable":true,"href":"https:\/\/www.europesays.com\/fr\/wp-json\/wp\/v2\/tags?post=380581"}],"curies":[{"name":"wp","href":"https:\/\/api.w.org\/{rel}","templated":true}]}}