{"id":380583,"date":"2025-09-10T15:44:10","date_gmt":"2025-09-10T15:44:10","guid":{"rendered":"https:\/\/www.europesays.com\/fr\/380583\/"},"modified":"2025-09-10T15:44:10","modified_gmt":"2025-09-10T15:44:10","slug":"fayza-lamari-demonte-le-projet-mbappe","status":"publish","type":"post","link":"https:\/\/www.europesays.com\/fr\/380583\/","title":{"rendered":"Fayza Lamari d\u00e9monte le projet Mbapp\u00e9"},"content":{"rendered":"<p>M\u00e8re et agent de <a href=\"https:\/\/www.footmercato.net\/joueur\/kylian-mbappe\/\" rel=\"nofollow noopener\" target=\"_blank\">Kylian Mbapp\u00e9<\/a>, Fayza Lamari est une personnalit\u00e9 forte de la plan\u00e8te football. Lors d\u2019un long entretien accord\u00e9 au <a href=\"https:\/\/www.lequipe.fr\/Football\/Article\/Fayza-lamari-mere-de-kylian-mbappe-c-est-l-homme-qu-il-est-devenu-qui-me-rend-fiere\/1591800\" rel=\"nofollow noopener\" target=\"_blank\">Magazine L\u2019Equipe<\/a>, elle a \u00e9voqu\u00e9 le fait d\u2019\u00eatre la maman d\u2019une superstar du foot. Elle en a aussi profit\u00e9 pour \u00e9voquer le fameux \u00ab\u00a0projet Mbapp\u00e9\u00a0\u00bb. De nombreuses familles ou des parents veulent essayer de faire de leurs enfants les nouvelles stars du ballon rond. Ce qui la d\u00e9sole. <\/p>\n<p>            La suite apr\u00e8s cette publicit\u00e9<\/p>\n<p>\u00ab\u00c7a m\u2019attriste. Je veux bien expliquer quel a vraiment \u00e9t\u00e9 le projet Mbapp\u00e9. De l\u2019amour, du jeu, du plaisir. La seule exigence que nous avions, c\u2019est qu\u2019ils aient les moyens de leurs ambitions. Comme le parent d\u2019un enfant qui d\u00e9ciderait d\u2019entrer en pr\u00e9pa car il r\u00eave de devenir ing\u00e9nieur.\u00bb Elle a ajout\u00e9 : \u00abla priorit\u00e9, c\u2019est d\u2019aller \u00e0 l\u2019\u00e9cole et le message c\u2019est : \u00ab\u00a0Laissez-les jouer, laissez-les rigoler.\u00a0\u00bb Si le gamin est bon, \u00e7a va venir. Mais, en fait, ce n\u2019est m\u00eame pas aux parents que j\u2019ai envie de passer un message, c\u2019est aux institutions. Arr\u00eatez d\u2019aller les chercher \u00e0 8 ans, arr\u00eatez de les mettre sur une base de donn\u00e9es comme s\u2019ils \u00e9taient des produits. Les parents sont des victimes de ce syst\u00e8me. Comment reprocher \u00e0 un parent d\u2019accepter 100 000 euros quand la famille a du mal \u00e0 joindre les deux bouts ? Posons-nous et essayons de prot\u00e9ger nos gamins parce qu\u2019on a la chance en France d\u2019avoir un vrai vivier de talents. Dans les centres, j\u2019aimerais qu\u2019on les \u00e9duque \u00e0 devenir des hommes et pas des footballeurs. D\u2019o\u00f9 l\u2019achat du SM Caen.\u00bb Le message est pass\u00e9.<\/p>\n<p>\n    Pub. le 10\/09\/2025 16:14<br \/>\n            &#8211; MAJ le 10\/09\/2025 17:42\n    <\/p>\n","protected":false},"excerpt":{"rendered":"M\u00e8re et agent de Kylian Mbapp\u00e9, Fayza Lamari est une personnalit\u00e9 forte de la plan\u00e8te football. Lors d\u2019un&hellip;\n","protected":false},"author":2,"featured_media":66791,"comment_status":"","ping_status":"","sticky":false,"template":"","format":"standard","meta":{"footnotes":""},"categories":[1410],"tags":[63,1011,27,60],"class_list":{"0":"post-380583","1":"post","2":"type-post","3":"status-publish","4":"format-standard","5":"has-post-thumbnail","7":"category-football","8":"tag-football","9":"tag-fr","10":"tag-france","11":"tag-sports"},"share_on_mastodon":{"url":"https:\/\/pubeurope.com\/@fr\/115180775931694808","error":""},"_links":{"self":[{"href":"https:\/\/www.europesays.com\/fr\/wp-json\/wp\/v2\/posts\/380583","targetHints":{"allow":["GET"]}}],"collection":[{"href":"https:\/\/www.europesays.com\/fr\/wp-json\/wp\/v2\/posts"}],"about":[{"href":"https:\/\/www.europesays.com\/fr\/wp-json\/wp\/v2\/types\/post"}],"author":[{"embeddable":true,"href":"https:\/\/www.europesays.com\/fr\/wp-json\/wp\/v2\/users\/2"}],"replies":[{"embeddable":true,"href":"https:\/\/www.europesays.com\/fr\/wp-json\/wp\/v2\/comments?post=380583"}],"version-history":[{"count":0,"href":"https:\/\/www.europesays.com\/fr\/wp-json\/wp\/v2\/posts\/380583\/revisions"}],"wp:featuredmedia":[{"embeddable":true,"href":"https:\/\/www.europesays.com\/fr\/wp-json\/wp\/v2\/media\/66791"}],"wp:attachment":[{"href":"https:\/\/www.europesays.com\/fr\/wp-json\/wp\/v2\/media?parent=380583"}],"wp:term":[{"taxonomy":"category","embeddable":true,"href":"https:\/\/www.europesays.com\/fr\/wp-json\/wp\/v2\/categories?post=380583"},{"taxonomy":"post_tag","embeddable":true,"href":"https:\/\/www.europesays.com\/fr\/wp-json\/wp\/v2\/tags?post=380583"}],"curies":[{"name":"wp","href":"https:\/\/api.w.org\/{rel}","templated":true}]}}