{"id":380584,"date":"2025-09-10T15:45:13","date_gmt":"2025-09-10T15:45:13","guid":{"rendered":"https:\/\/www.europesays.com\/fr\/380584\/"},"modified":"2025-09-10T15:45:13","modified_gmt":"2025-09-10T15:45:13","slug":"continuer-a-proteger-nos-filles-du-mieux-que-je-peux-atteint-de-demence-bruce-willis-eloigne-de-sa-famille","status":"publish","type":"post","link":"https:\/\/www.europesays.com\/fr\/380584\/","title":{"rendered":"\u00ab\u00a0Continuer \u00e0 prot\u00e9ger nos filles du mieux que je peux\u00a0\u00bb: atteint de d\u00e9mence, Bruce Willis \u00e9loign\u00e9 de sa famille"},"content":{"rendered":"<p>\u00ab\u00a0C\u2019\u00e9tait l\u2019une des d\u00e9cisions les plus difficiles que j\u2019ai eue \u00e0 prendre jusqu\u2019\u00e0 pr\u00e9sent.\u00a0Mais je savais avant tout que Bruce souhaiterait cela pour nos filles.\u00a0\u00bb<\/p>\n<p>Dans un livre publi\u00e9 ce mardi 9 septembre &#8211;\u00a0The Unexpected Journey -,\u00a0l&rsquo;\u00e9pouse de Bruce Willis,\u00a0Emma Heming, revient sur son choix de vivre s\u00e9par\u00e9ment de l&rsquo;acteur, avec leurs deux filles.<\/p>\n<p>Atteint de d\u00e9mence, Bruce Willis vit d\u00e9sormais dans une maison de plain-pied, voisine de celle o\u00f9 vivent sa femme et leurs deux\u00a0filles, Evelyn, 11 ans et Mabel, 13 ans. Il y\u00a0re\u00e7oit de nombreux soins adapt\u00e9s et b\u00e9n\u00e9ficie de la pr\u00e9sence de soignants 24h sur 24.<\/p>\n<p>\u00ab\u00a0Les pr\u00e9parer \u00e0 sa mort\u00a0\u00bb<\/p>\n<p>Une d\u00e9cision prise et enti\u00e8rement assum\u00e9e par\u00a0Emma Heming.<\/p>\n<p>\u00ab\u00a0Donner aux filles un peu d\u2019espace avec Bruce et\u00a0leur permettre de s\u2019\u00e9loigner de lui contribue \u00e9galement \u00e0 les pr\u00e9parer \u00e0 sa mort, confie-t-elle.\u00a0Je sais que cela peut para\u00eetre sombre et bouleversant, mais c\u2019est la dure r\u00e9alit\u00e9 du monde dans lequel je dois naviguer pour continuer \u00e0 prot\u00e9ger nos filles du mieux que je peux.\u00a0Ce n\u2019est vraiment pas sujet \u00e0 d\u00e9bat. Je sais maintenant que Bruce b\u00e9n\u00e9ficie des meilleurs soins, 100\u00a0% du temps.\u00a0Ses besoins sont satisfaits \u00e0 100\u00a0% du temps, tout comme ceux de nos deux jeunes filles.\u00a0\u00bb<\/p>\n","protected":false},"excerpt":{"rendered":"\u00ab\u00a0C\u2019\u00e9tait l\u2019une des d\u00e9cisions les plus difficiles que j\u2019ai eue \u00e0 prendre jusqu\u2019\u00e0 pr\u00e9sent.\u00a0Mais je savais avant tout&hellip;\n","protected":false},"author":2,"featured_media":380585,"comment_status":"","ping_status":"","sticky":false,"template":"","format":"standard","meta":{"footnotes":""},"categories":[1359],"tags":[58,59,1011,27,973],"class_list":{"0":"post-380584","1":"post","2":"type-post","3":"status-publish","4":"format-standard","5":"has-post-thumbnail","7":"category-people","8":"tag-divertissement","9":"tag-entertainment","10":"tag-fr","11":"tag-france","12":"tag-people"},"share_on_mastodon":{"url":"https:\/\/pubeurope.com\/@fr\/115180779848324160","error":""},"_links":{"self":[{"href":"https:\/\/www.europesays.com\/fr\/wp-json\/wp\/v2\/posts\/380584","targetHints":{"allow":["GET"]}}],"collection":[{"href":"https:\/\/www.europesays.com\/fr\/wp-json\/wp\/v2\/posts"}],"about":[{"href":"https:\/\/www.europesays.com\/fr\/wp-json\/wp\/v2\/types\/post"}],"author":[{"embeddable":true,"href":"https:\/\/www.europesays.com\/fr\/wp-json\/wp\/v2\/users\/2"}],"replies":[{"embeddable":true,"href":"https:\/\/www.europesays.com\/fr\/wp-json\/wp\/v2\/comments?post=380584"}],"version-history":[{"count":0,"href":"https:\/\/www.europesays.com\/fr\/wp-json\/wp\/v2\/posts\/380584\/revisions"}],"wp:featuredmedia":[{"embeddable":true,"href":"https:\/\/www.europesays.com\/fr\/wp-json\/wp\/v2\/media\/380585"}],"wp:attachment":[{"href":"https:\/\/www.europesays.com\/fr\/wp-json\/wp\/v2\/media?parent=380584"}],"wp:term":[{"taxonomy":"category","embeddable":true,"href":"https:\/\/www.europesays.com\/fr\/wp-json\/wp\/v2\/categories?post=380584"},{"taxonomy":"post_tag","embeddable":true,"href":"https:\/\/www.europesays.com\/fr\/wp-json\/wp\/v2\/tags?post=380584"}],"curies":[{"name":"wp","href":"https:\/\/api.w.org\/{rel}","templated":true}]}}