{"id":380586,"date":"2025-09-10T15:46:20","date_gmt":"2025-09-10T15:46:20","guid":{"rendered":"https:\/\/www.europesays.com\/fr\/380586\/"},"modified":"2025-09-10T15:46:20","modified_gmt":"2025-09-10T15:46:20","slug":"le-peintre-jean-luc-panek-la-cresse-invite-au-prestigieux-salon-art3f-de-paris","status":"publish","type":"post","link":"https:\/\/www.europesays.com\/fr\/380586\/","title":{"rendered":"Le peintre Jean-Luc Panek (La Cresse) invit\u00e9 au prestigieux salon art3F de Paris"},"content":{"rendered":"<p>Du 26 au 28 septembre, le peintre <strong>Jean-Luc Panek<\/strong> participera au salon <strong>art3F Paris<\/strong>, l\u2019un des rendez-vous les plus exigeants de la sc\u00e8ne artistique contemporaine europ\u00e9enne. Une jolie reconnaissance pour cet artiste install\u00e9 \u00e0 <strong>La Cresse<\/strong>, dont le parcours atypique et l\u2019univers pictural puissant suscitent l\u2019admiration.<\/p>\n<p>Une trajectoire singuli\u00e8re, entre Renaissance et modernit\u00e9<\/p>\n<p>Chez Jean-Luc Panek, le dessin est affaire de rigueur, de pr\u00e9cision, mais aussi d\u2019\u00e9motion. Form\u00e9 \u00e0 l\u2019\u00e9cole des grands ma\u00eetres, nourri de <strong>Michel-Ange<\/strong> et de la lumi\u00e8re de la Renaissance italienne, il d\u00e9veloppe tr\u00e8s t\u00f4t une ma\u00eetrise technique qui le propulse sur les cimaises de <strong>New York<\/strong> et <strong>Los Angeles<\/strong>. Sa premi\u00e8re p\u00e9riode, marqu\u00e9e par l\u2019huile et l\u2019ombre sculpt\u00e9e, r\u00e9v\u00e8le d\u00e9j\u00e0 un sens aigu du d\u00e9tail et une recherche presque mystique du r\u00e9alisme.<\/p>\n<p>Puis vient le temps du silence \u2014 ou plut\u00f4t, du tumulte discret. Panek met son talent au service du monde publicitaire, \u00e0 Paris, en collaboration avec un agent de renom. Une parenth\u00e8se fructueuse qui le tient un temps \u00e9loign\u00e9 des galeries, mais lui permet d\u2019enrichir sa palette, de perfectionner ses techniques et d\u2019exp\u00e9rimenter de nouvelles formes d\u2019expression.<\/p>\n<p><img loading=\"lazy\" decoding=\"async\" width=\"808\" height=\"1078\" src=\"https:\/\/www.europesays.com\/fr\/wp-content\/uploads\/2025\/09\/millau-la-cresse-jean-luc-panek-2.webp.webp\" alt=\"millau la cresse jean luc panek 2\" class=\"wp-image-170628\" title=\"Le peintre Jean-Luc Panek (La Cresse) invit\u00e9 au prestigieux salon art3F de Paris 2\"\/>\u00a9 Instagram Jean-Luc Panek<\/p>\n<p>Un retour \u00e0 la peinture, visc\u00e9ral et lumineux<\/p>\n<p>Aujourd\u2019hui, Jean-Luc Panek revient \u00e0 l\u2019essence de son art, avec une intensit\u00e9 renouvel\u00e9e. <strong>Ses portraits<\/strong> captivent par la profondeur de leurs regards, la tension de leurs silences, l\u2019humanit\u00e9 troublante qu\u2019ils d\u00e9gagent. Il y a, dans chacun de ses visages, une pr\u00e9sence presque palpable, un r\u00e9cit en suspens que la lumi\u00e8re vient r\u00e9v\u00e9ler ou dissimuler. Il ne s\u2019agit pas seulement de repr\u00e9sentation, mais de <strong>r\u00e9v\u00e9lation<\/strong>.<\/p>\n<p><img loading=\"lazy\" decoding=\"async\" width=\"808\" height=\"629\" src=\"https:\/\/www.europesays.com\/fr\/wp-content\/uploads\/2025\/09\/millau-la-cresse-jean-luc-panek-1.webp.webp\" alt=\"millau la cresse jean luc panek 1\" class=\"wp-image-170627\" title=\"Le peintre Jean-Luc Panek (La Cresse) invit\u00e9 au prestigieux salon art3F de Paris 3\"\/>\u00a9 Instagram Jean-Luc Panek<\/p>\n<p>Ses <strong>natures mortes<\/strong>, elles, intriguent par leur construction : objets suspendus dans une narration muette, jeux de textures et de mati\u00e8res, compositions \u00e0 la fois sobres et d\u00e9routantes. L\u2019artiste y injecte une dose d\u2019\u00e9tranget\u00e9 po\u00e9tique, qui pousse le regardeur \u00e0 s\u2019interroger, \u00e0 interpr\u00e9ter, \u00e0 r\u00eaver. C\u2019est l\u00e0 toute la force de l\u2019hyperr\u00e9alisme lorsqu\u2019il est transcend\u00e9 par l\u2019\u00e9motion.<\/p>\n<p>L\u2019Aveyron comme ancrage, la vie comme moteur<\/p>\n<p>Install\u00e9 \u00e0 <strong>La Cresse<\/strong>, petit village lov\u00e9 entre Causses et vall\u00e9es, Jean-Luc Panek puise dans cette terre rugueuse une \u00e9nergie paisible. La nature aveyronnaise, ses lumi\u00e8res franches, ses silences \u00e9pais, nourrissent ses toiles. Mais c\u2019est aussi dans <strong>sa vie personnelle<\/strong>, profond\u00e9ment assum\u00e9e et empreinte d\u2019un amour sinc\u00e8re, qu\u2019il trouve mati\u00e8re \u00e0 cr\u00e9er.<\/p>\n<p><img loading=\"lazy\" decoding=\"async\" width=\"818\" height=\"1026\" src=\"https:\/\/www.europesays.com\/fr\/wp-content\/uploads\/2025\/09\/millau-la-cresse-jean-luc-panek-3.webp.webp\" alt=\"millau la cresse jean luc panek 3\" class=\"wp-image-170629\" title=\"Le peintre Jean-Luc Panek (La Cresse) invit\u00e9 au prestigieux salon art3F de Paris 4\"\/>\u00a9 Instagram Jean-Luc Panek<\/p>\n<p>Son couple, atypique et lumineux, sa famille recompos\u00e9e, la tendresse partag\u00e9e au quotidien, forment la trame souterraine d\u2019une \u0153uvre \u00e0 fleur de peau. Cette intimit\u00e9 transpara\u00eet dans chaque toile, discr\u00e8tement, mais avec une intensit\u00e9 qui ne laisse pas indemne.<\/p>\n<p>Une reconnaissance m\u00e9rit\u00e9e<\/p>\n<p>C\u2019est donc un <strong>artiste accompli<\/strong> que le salon <strong>art3F<\/strong> a choisi d\u2019inviter \u00e0 Paris cette ann\u00e9e. L\u2019\u00e9v\u00e9nement, reconnu pour sa s\u00e9lection rigoureuse et son exigence artistique, ne retient que des cr\u00e9ateurs au parcours affirm\u00e9. La pr\u00e9sence de Jean-Luc Panek dans ce cercle restreint confirme ce que ses amateurs savent d\u00e9j\u00e0 : son \u0153uvre m\u00e9rite d\u2019\u00eatre vue, partag\u00e9e, reconnue.<\/p>\n<p><strong>Un conseil : ne passez pas \u00e0 c\u00f4t\u00e9 de ses toiles. Elles ne crient pas. Elles chuchotent des v\u00e9rit\u00e9s.<\/strong><\/p>\n<p><strong>Infos pratiques<\/strong><\/p>\n<p><strong>Dates<\/strong> : du 26 au 28 septembre 2025<br \/><strong>Lieu<\/strong> : Salon art3F \u2013 Paris<br \/><strong>Artiste<\/strong> : Jean-Luc Panek, peintre hyperr\u00e9aliste (huile, acrylique, technique mixte a\u00e9rographe\/pinceaux)<br \/><strong>Site officiel<\/strong> : <a href=\"http:\/\/www.panekjeanluc-art.com\/\" rel=\"noopener nofollow\" target=\"_blank\">www.panekjeanluc-art.com<\/a><br \/><strong>Contact<\/strong> : 06 08 57 88 03 \u2013 La Cresse<\/p>\n","protected":false},"excerpt":{"rendered":"Du 26 au 28 septembre, le peintre Jean-Luc Panek participera au salon art3F Paris, l\u2019un des rendez-vous les&hellip;\n","protected":false},"author":2,"featured_media":380587,"comment_status":"","ping_status":"","sticky":false,"template":"","format":"standard","meta":{"footnotes":""},"categories":[1358],"tags":[1348,1384,1385,1386,58,59,1011,27],"class_list":{"0":"post-380586","1":"post","2":"type-post","3":"status-publish","4":"format-standard","5":"has-post-thumbnail","7":"category-arts-et-design","8":"tag-arts","9":"tag-arts-and-design","10":"tag-arts-et-design","11":"tag-design","12":"tag-divertissement","13":"tag-entertainment","14":"tag-fr","15":"tag-france"},"share_on_mastodon":{"url":"https:\/\/pubeurope.com\/@fr\/115180784964369212","error":""},"_links":{"self":[{"href":"https:\/\/www.europesays.com\/fr\/wp-json\/wp\/v2\/posts\/380586","targetHints":{"allow":["GET"]}}],"collection":[{"href":"https:\/\/www.europesays.com\/fr\/wp-json\/wp\/v2\/posts"}],"about":[{"href":"https:\/\/www.europesays.com\/fr\/wp-json\/wp\/v2\/types\/post"}],"author":[{"embeddable":true,"href":"https:\/\/www.europesays.com\/fr\/wp-json\/wp\/v2\/users\/2"}],"replies":[{"embeddable":true,"href":"https:\/\/www.europesays.com\/fr\/wp-json\/wp\/v2\/comments?post=380586"}],"version-history":[{"count":0,"href":"https:\/\/www.europesays.com\/fr\/wp-json\/wp\/v2\/posts\/380586\/revisions"}],"wp:featuredmedia":[{"embeddable":true,"href":"https:\/\/www.europesays.com\/fr\/wp-json\/wp\/v2\/media\/380587"}],"wp:attachment":[{"href":"https:\/\/www.europesays.com\/fr\/wp-json\/wp\/v2\/media?parent=380586"}],"wp:term":[{"taxonomy":"category","embeddable":true,"href":"https:\/\/www.europesays.com\/fr\/wp-json\/wp\/v2\/categories?post=380586"},{"taxonomy":"post_tag","embeddable":true,"href":"https:\/\/www.europesays.com\/fr\/wp-json\/wp\/v2\/tags?post=380586"}],"curies":[{"name":"wp","href":"https:\/\/api.w.org\/{rel}","templated":true}]}}