{"id":380590,"date":"2025-09-10T15:48:30","date_gmt":"2025-09-10T15:48:30","guid":{"rendered":"https:\/\/www.europesays.com\/fr\/380590\/"},"modified":"2025-09-10T15:48:30","modified_gmt":"2025-09-10T15:48:30","slug":"je-laisserai-tout-le-monde-tranquille-pendant-longtemps","status":"publish","type":"post","link":"https:\/\/www.europesays.com\/fr\/380590\/","title":{"rendered":"je laisserai tout le monde tranquille pendant longtemps"},"content":{"rendered":"<p><strong>D\u00e9part programm\u00e9<\/strong>. <a href=\"https:\/\/www.journaldesfemmes.fr\/people\/florent-pagny\/\" title=\"Florent Pagny\" rel=\"nofollow noopener\" target=\"_blank\">Florent Pagny<\/a> sera bien pr\u00e9sent dans la prochaine \u00e9dition de The Voice mais il n&rsquo;y fera peut-\u00eatre pas long feu ! \u00ab\u00a0J&rsquo;avais pr\u00e9vu moi, \u00e0 la base, faire la 15\u00e8me saison. Et puis les \u00e9v\u00e9nements ont chang\u00e9 le cours des choses et je me suis retrouv\u00e9 \u00e0 faire la 14\u00e8me. Mais je ferai la quinzi\u00e8me quand m\u00eame, et apr\u00e8s, je laisserai tout le monde tranquille pendant longtemps\u00a0\u00bb, a expliqu\u00e9, \u00e0\u00a0T\u00e9l\u00e9 7\u00a0jours,\u00a0le chanteur de 63 ans qui se r\u00e9serve cependant le droit de faire son comeback dans la saison 20 !<\/p>\n","protected":false},"excerpt":{"rendered":"D\u00e9part programm\u00e9. Florent Pagny sera bien pr\u00e9sent dans la prochaine \u00e9dition de The Voice mais il n&rsquo;y fera&hellip;\n","protected":false},"author":2,"featured_media":380591,"comment_status":"","ping_status":"","sticky":false,"template":"","format":"standard","meta":{"footnotes":""},"categories":[1356],"tags":[58,59,1011,27,252,1364],"class_list":{"0":"post-380590","1":"post","2":"type-post","3":"status-publish","4":"format-standard","5":"has-post-thumbnail","7":"category-television","8":"tag-divertissement","9":"tag-entertainment","10":"tag-fr","11":"tag-france","12":"tag-television","13":"tag-tv"},"share_on_mastodon":{"url":"https:\/\/pubeurope.com\/@fr\/115180791760918488","error":""},"_links":{"self":[{"href":"https:\/\/www.europesays.com\/fr\/wp-json\/wp\/v2\/posts\/380590","targetHints":{"allow":["GET"]}}],"collection":[{"href":"https:\/\/www.europesays.com\/fr\/wp-json\/wp\/v2\/posts"}],"about":[{"href":"https:\/\/www.europesays.com\/fr\/wp-json\/wp\/v2\/types\/post"}],"author":[{"embeddable":true,"href":"https:\/\/www.europesays.com\/fr\/wp-json\/wp\/v2\/users\/2"}],"replies":[{"embeddable":true,"href":"https:\/\/www.europesays.com\/fr\/wp-json\/wp\/v2\/comments?post=380590"}],"version-history":[{"count":0,"href":"https:\/\/www.europesays.com\/fr\/wp-json\/wp\/v2\/posts\/380590\/revisions"}],"wp:featuredmedia":[{"embeddable":true,"href":"https:\/\/www.europesays.com\/fr\/wp-json\/wp\/v2\/media\/380591"}],"wp:attachment":[{"href":"https:\/\/www.europesays.com\/fr\/wp-json\/wp\/v2\/media?parent=380590"}],"wp:term":[{"taxonomy":"category","embeddable":true,"href":"https:\/\/www.europesays.com\/fr\/wp-json\/wp\/v2\/categories?post=380590"},{"taxonomy":"post_tag","embeddable":true,"href":"https:\/\/www.europesays.com\/fr\/wp-json\/wp\/v2\/tags?post=380590"}],"curies":[{"name":"wp","href":"https:\/\/api.w.org\/{rel}","templated":true}]}}