{"id":380592,"date":"2025-09-10T15:49:11","date_gmt":"2025-09-10T15:49:11","guid":{"rendered":"https:\/\/www.europesays.com\/fr\/380592\/"},"modified":"2025-09-10T15:49:11","modified_gmt":"2025-09-10T15:49:11","slug":"crottes-de-chiens-crise-et-video-sexy-britney-spears-ne-va-pas-bien-du-tout","status":"publish","type":"post","link":"https:\/\/www.europesays.com\/fr\/380592\/","title":{"rendered":"Crottes de chiens, crise et vid\u00e9o sexy\u2026 Britney Spears ne va pas bien du tout"},"content":{"rendered":"<p class=\"mb-4 text-lg md:leading-8 break-words\">Britney Spears <strong>inqui\u00e8te<\/strong> une nouvelle fois ses proches. Selon des r\u00e9v\u00e9lations du Daily Mail, la chanteuse de 43 ans traverserait actuellement un nouvel \u00e9pisode <strong>pr\u00e9occupant<\/strong>. Depuis la <strong>fin de sa tutelle<\/strong> en 2021, l\u2019artiste multiplie les comportements <strong>\u00e9tranges<\/strong> sur les r\u00e9seaux sociaux. Ses vid\u00e9os d\u00e9routent autant qu\u2019elles <strong>inqui\u00e8tent<\/strong> ses fans.<\/p>\n<p class=\"mb-4 text-lg md:leading-8 break-words\">Un membre de sa famille confie que \u2018\u2018Britney <strong>n\u2019agit pas comme une adulte<\/strong>\u2019\u2019. Il ajoute que son quotidien est devenu <strong>incontr\u00f4lable<\/strong>. Sa maison serait en <strong>d\u00e9sordre<\/strong> total, \u2018\u2018<strong>pleine de crottes de chiens.<\/strong>\u201d Et la star \u2018\u2018<strong>ne va pas bien du tout<\/strong>.\u201d Malgr\u00e9 <strong>l\u2019inqui\u00e9tude<\/strong> de son entourage, aucune intervention n\u2019est envisag\u00e9e par <strong>peur<\/strong> de relancer la <strong>pol\u00e9mique<\/strong> autour de l\u2019affaire #FreeBritney qui avait mis fin \u00e0 <strong>treize ans de mise sous tutelle.<\/strong><\/p>\n<p>Britney Spears : une maison en chaos et une vie troubl\u00e9e<\/p>\n<p class=\"mb-4 text-lg md:leading-8 break-words\">Selon un proche cit\u00e9 par le Daily Mail, \u2018\u2018Britney est en plein <strong>\u00e9pisode<\/strong> en ce moment. Et nous allons la voir <strong>se battre comme elle l\u2019a fait pendant des ann\u00e9es<\/strong>.\u201d Mais si ses proches reconnaissent avoir \u2018\u2018<strong>d\u00e9j\u00e0 vu \u00e7a \u00e0 de multiples reprises<\/strong>\u201d, ils ne savent plus comment agir sans risquer d\u2019\u00eatre <strong>rejet\u00e9s<\/strong> par la chanteuse. Un autre membre de la famille admet : \u2018\u2018Nous sommes <strong>terrifi\u00e9s pour son avenir<\/strong>.\u201d<\/p>\n<p>Publicit\u00e9<\/p>\n<p>Publicit\u00e9<\/p>\n<p>Publicit\u00e9<\/p>\n<p>Publicit\u00e9<\/p>\n<p class=\"mb-4 text-lg md:leading-8 break-words\"><a href=\"https:\/\/www.closermag.fr\/people\/crottes-de-chiens-crise-et-video-sexy-britney-spears-ne-va-pas-bien-du-tout-3578569\" rel=\"nofollow noopener\" target=\"_blank\" data-ylk=\"slk:Lire la suite sur Closer;elm:context_link;itc:0;sec:content-canvas\" class=\"link \">Lire la suite sur Closer<\/a><\/p>\n<p class=\"mb-4 text-lg md:leading-8 break-words\"><a href=\"https:\/\/www.closermag.fr\/people\/elle-ma-ignoree-capucine-anav-cash-sur-anouchka-delon-3578566\" rel=\"nofollow noopener\" target=\"_blank\" data-ylk=\"slk:&quot;Elle m&#039;a ignor\u00e9e...&quot; : Capucine Anav cash sur Anouchka Delon;elm:context_link;itc:0;sec:content-canvas\" class=\"link \">\u00ab\u00a0Elle m&rsquo;a ignor\u00e9e&#8230;\u00a0\u00bb : Capucine Anav cash sur Anouchka Delon<\/a><br \/><a href=\"https:\/\/www.closermag.fr\/people\/nagui-une-ruine-a-quoi-ressemble-la-maison-ou-melanie-page-et-lanimateur-vivent-a-montmartre-3550699\" rel=\"nofollow noopener\" target=\"_blank\" data-ylk=\"slk:Nagui : &quot;Une ruine\u2026&quot;, \u00e0 quoi ressemble la maison o\u00f9 M\u00e9lanie Page et l&#039;animateur vivent \u00e0 Montmartre ?;elm:context_link;itc:0;sec:content-canvas\" class=\"link \">Nagui : \u00ab\u00a0Une ruine\u2026\u00a0\u00bb, \u00e0 quoi ressemble la maison o\u00f9 M\u00e9lanie Page et l&rsquo;animateur vivent \u00e0 Montmartre ?<\/a><br \/><a href=\"https:\/\/www.closermag.fr\/people\/descendue-a-39-kilos-capucine-anav-fait-une-terrible-confession-sur-son-poids-3578576\" rel=\"nofollow noopener\" target=\"_blank\" data-ylk=\"slk:&quot;Descendue \u00e0 39 kilos&quot; : Capucine Anav fait une terrible confession sur son poids;elm:context_link;itc:0;sec:content-canvas\" class=\"link \">\u00ab\u00a0Descendue \u00e0 39 kilos\u00a0\u00bb : Capucine Anav fait une terrible confession sur son poids <\/a><br \/><a href=\"https:\/\/www.closermag.fr\/people\/jimmy-mohamed-exerce-t-il-toujours-la-medecine-3578567\" rel=\"nofollow noopener\" target=\"_blank\" data-ylk=\"slk:Jimmy Mohamed exerce-t-il toujours la m\u00e9decine ?;elm:context_link;itc:0;sec:content-canvas\" class=\"link \">Jimmy Mohamed exerce-t-il toujours la m\u00e9decine ?<\/a><br \/><a href=\"https:\/\/www.closermag.fr\/royautes\/harry-et-meghan-ce-que-charles-a-du-faire-lors-de-leur-mariage-a-herisse-le-poil-delizabeth-ii-3486979\" rel=\"nofollow noopener\" target=\"_blank\" data-ylk=\"slk:Harry et Meghan : ce que Charles a d\u00fb faire lors de leur mariage a h\u00e9riss\u00e9 le poil d&#039;Elizabeth II;elm:context_link;itc:0;sec:content-canvas\" class=\"link \">Harry et Meghan : ce que Charles a d\u00fb faire lors de leur mariage a h\u00e9riss\u00e9 le poil d&rsquo;Elizabeth II<\/a><\/p>\n","protected":false},"excerpt":{"rendered":"Britney Spears inqui\u00e8te une nouvelle fois ses proches. Selon des r\u00e9v\u00e9lations du Daily Mail, la chanteuse de 43&hellip;\n","protected":false},"author":2,"featured_media":380593,"comment_status":"","ping_status":"","sticky":false,"template":"","format":"standard","meta":{"footnotes":""},"categories":[1355],"tags":[8719,51397,1260,58,59,1011,27,1361,873,51398],"class_list":{"0":"post-380592","1":"post","2":"type-post","3":"status-publish","4":"format-standard","5":"has-post-thumbnail","7":"category-musique","8":"tag-britney-spears","9":"tag-crottes-de-chiens","10":"tag-daily-mail","11":"tag-divertissement","12":"tag-entertainment","13":"tag-fr","14":"tag-france","15":"tag-music","16":"tag-musique","17":"tag-tutelle"},"share_on_mastodon":{"url":"https:\/\/pubeurope.com\/@fr\/115180795728351942","error":""},"_links":{"self":[{"href":"https:\/\/www.europesays.com\/fr\/wp-json\/wp\/v2\/posts\/380592","targetHints":{"allow":["GET"]}}],"collection":[{"href":"https:\/\/www.europesays.com\/fr\/wp-json\/wp\/v2\/posts"}],"about":[{"href":"https:\/\/www.europesays.com\/fr\/wp-json\/wp\/v2\/types\/post"}],"author":[{"embeddable":true,"href":"https:\/\/www.europesays.com\/fr\/wp-json\/wp\/v2\/users\/2"}],"replies":[{"embeddable":true,"href":"https:\/\/www.europesays.com\/fr\/wp-json\/wp\/v2\/comments?post=380592"}],"version-history":[{"count":0,"href":"https:\/\/www.europesays.com\/fr\/wp-json\/wp\/v2\/posts\/380592\/revisions"}],"wp:featuredmedia":[{"embeddable":true,"href":"https:\/\/www.europesays.com\/fr\/wp-json\/wp\/v2\/media\/380593"}],"wp:attachment":[{"href":"https:\/\/www.europesays.com\/fr\/wp-json\/wp\/v2\/media?parent=380592"}],"wp:term":[{"taxonomy":"category","embeddable":true,"href":"https:\/\/www.europesays.com\/fr\/wp-json\/wp\/v2\/categories?post=380592"},{"taxonomy":"post_tag","embeddable":true,"href":"https:\/\/www.europesays.com\/fr\/wp-json\/wp\/v2\/tags?post=380592"}],"curies":[{"name":"wp","href":"https:\/\/api.w.org\/{rel}","templated":true}]}}