{"id":380594,"date":"2025-09-10T15:50:16","date_gmt":"2025-09-10T15:50:16","guid":{"rendered":"https:\/\/www.europesays.com\/fr\/380594\/"},"modified":"2025-09-10T15:50:16","modified_gmt":"2025-09-10T15:50:16","slug":"audiences-netflix-ce-film-coup-de-poing-inspire-dun-fait-divers-glacant-cree-la-surprise-et-detrone-enfin-kpop-demon-hunter-au-sommet-du-top-mondial","status":"publish","type":"post","link":"https:\/\/www.europesays.com\/fr\/380594\/","title":{"rendered":"Audiences Netflix : Ce film coup de poing, inspir\u00e9 d&rsquo;un fait divers gla\u00e7ant, cr\u00e9e la surprise et d\u00e9tr\u00f4ne (enfin) \u00ab\u00a0KPop Demon Hunter\u00a0\u00bb au sommet du top mondial"},"content":{"rendered":"<p>            <img loading=\"lazy\" decoding=\"async\" src=\"https:\/\/www.europesays.com\/fr\/wp-content\/uploads\/2025\/04\/82-65703a09b7c5d-35x35-1.jpg\" class=\"author-article-picture\" width=\"35\" height=\"35\"\/><\/p>\n<p>                Par<br \/>\n                                    <a class=\"author-article-bio-link\" href=\"https:\/\/www.ozap.com\/auteur\/bruna-fernandez_a82\" rel=\"nofollow noopener\" target=\"_blank\">Bruna Fernandez<\/a><br \/>\n                                                    | Journaliste<\/p>\n<p>\n                N\u00e9e \u00e0 l\u2019\u00e9poque des \u201cInconnus\u201d, Bruna grandit entre le Br\u00e9sil et la France. Enfant, elle enrichit son imaginaire devant le grand et le petit \u00e9cran. Devenue journaliste, elle passe derri\u00e8re la cam\u00e9ra et travaille pour plusieurs \u00e9missions. Un petit monde qu\u2019elle se pla\u00eet \u00e0 d\u00e9cortiquer pour puremedias.\n            <\/p>\n<p>\n    Purem\u00e9dias vous propose de d\u00e9couvrir le classement des 10 films et 10 s\u00e9ries les plus regard\u00e9s sur Netflix entre le lundi 1er et le dimanche 7 septembre 2025.\n<\/p>\n<p>                            <img loading=\"lazy\" decoding=\"async\" class=\"player-thumbnail\" src=\"https:\/\/www.europesays.com\/fr\/wp-content\/uploads\/2025\/09\/1e17bed266dc8e5c-580x326-1.png\" width=\"580\" height=\"326\"\/><\/p>\n<p>                    La bande-annonce de \u00ab\u00a0Num\u00e9ro inconnu : textos toxiques au lyc\u00e9e\u00a0\u00bb \u00a9 Netflix<\/p>\n<p>La suite apr\u00e8s la publicit\u00e9<\/p>\n<p>Netflix tient son nouveau ph\u00e9nom\u00e8ne. Disponible depuis le 29 ao\u00fbt, \u00ab\u00a0Num\u00e9ro inconnu : Textos toxiques au lyc\u00e9e\u00a0\u00bb s&rsquo;impose d\u00e9j\u00e0 comme le film incontournable de la rentr\u00e9e. Ce documentaire coup de poing, inspir\u00e9 d&rsquo;un fait divers gla\u00e7ant, a cumul\u00e9 26,3 millions de vues en deux semaines seulement et s&rsquo;est hiss\u00e9 \u00e0 la premi\u00e8re place du classement mondial, d\u00e9tr\u00f4nant le mastodonte <a href=\"https:\/\/www.ozap.com\/actu\/netflix-24-heures-apres-sa-sortie-ce-film-haletant-menace-deja-le-phenomene-kpop-demon-hunters-au-sommet-du-top-mondial\/651383\" rel=\"nofollow noopener\" target=\"_blank\">\u00ab\u00a0KPop Demon Hunters\u00a0\u00bb<\/a>. En France, il atteint la cinqui\u00e8me position.<\/p>\n<p>Une incroyable affaire de cyberharc\u00e8lement\u00a0<\/p>\n<p>R\u00e9alis\u00e9 par Skye Borgman (\u00ab\u00a0Girl in the Picture\u00a0\u00bb), le film retrace une affaire de cyberharc\u00e8lement sid\u00e9rante qui a secou\u00e9 la petite ville de Beal City, dans le Michigan. En 2020, Lauryn, 13 ans, et son petit ami Owen commencent \u00e0 recevoir des messages anonymes d&rsquo;une cruaut\u00e9 inou\u00efe : insultes, menaces, sextos\u2026 Pendant deux ans, l&rsquo;exp\u00e9diteur inconnu poursuit son harc\u00e8lement jusqu&rsquo;\u00e0 cibler l&rsquo;entourage des deux adolescents.\u00a0<\/p>\n<p><strong>Attention spoilers :<\/strong> Apr\u00e8s une longue enqu\u00eate, le verdict tombe en 2022 \u00a0: derri\u00e8re ces textos se cachait\u2026 la propre m\u00e8re de Lauryn. Condamn\u00e9e \u00e0 19 mois de prison pour harc\u00e8lement sur mineurs, Kendra Licari a accept\u00e9 de t\u00e9moigner face cam\u00e9ra, un fait rare dans les productions true crime. Depuis sa sortie de prison en ao\u00fbt 2024, Kendra vit pr\u00e8s de Detroit, en libert\u00e9 conditionnelle. Son mari a obtenu le divorce et la garde de Lauryn, aujourd&rsquo;hui \u00e2g\u00e9e de 18 ans.\u00a0<\/p>\n<p><a href=\"https:\/\/www.ozap.com\/actu\/audiences-netflix-en-a-peine-3-jours-la-suite-de-cette-serie-tres-attendue-detrone-mercredi-et-cumule-deja-88-millions-dheures-vues\/651439\" rel=\"nofollow noopener\" target=\"_blank\"><strong>\u00c0 LIRE AUSSI : Audiences Netflix : En \u00e0 peine 3 jours, la suite de cette s\u00e9rie tr\u00e8s attendue d\u00e9tr\u00f4ne \u00ab\u00a0Mercredi\u00a0\u00bb et cumule d\u00e9j\u00e0 88 millions d&rsquo;heures vues<\/strong><\/a><\/p>\n<p>C\u00f4t\u00e9 s\u00e9ries, la plateforme continue aussi de cartonner : la deuxi\u00e8me partie de la saison 2 de <a href=\"https:\/\/www.ozap.com\/actu\/mercredi-quand-netflix-mettra-t-elle-en-ligne-la-2e-partie-de-la-saison-2-de-la-serie-avec-jenna-ortega\/651094\" rel=\"nofollow noopener\" target=\"_blank\">\u00ab\u00a0Mercredi\u00a0\u00bb,<\/a> avec Jenna Ortega, domine toujours les d\u00e9bats. Sans surprise, elle s&rsquo;impose \u00e0 la premi\u00e8re place en France et dans le monde, avec 28,2 millions de vues suppl\u00e9mentaires. Depuis son lancement en 2022, cette s\u00e9rie autour de la fille a\u00een\u00e9e de la famille Addams, en partie r\u00e9alis\u00e9e par Tim Burton, s&rsquo;est impos\u00e9e comme l&rsquo;un des plus grands ph\u00e9nom\u00e8nes de Netfli<a href=\"https:\/\/www.ozap.com\/actu\/netflix-24-heures-apres-sa-sortie-la-deuxieme-saison-de-la-serie-anglophone-la-plus-vue-de-lhistoire-de-la-plateforme-ecrase-tout-sur-son-passage-et-simpose-dans-90-pays\/651111\" rel=\"nofollow noopener\" target=\"_blank\">x. La saison 1 restant \u00e0 ce jour la s\u00e9rie anglophone la plus regard\u00e9e de l&rsquo;histoire<\/a> de la plateforme, 252 millions de vues en 91 jours.\u00a0<\/p>\n<p>D\u00e8s la mise ligne de cette saison 2 plus sombre et sanglante, marqu\u00e9e par des r\u00e9v\u00e9lations inattendues autour plusieurs personnages, la plateforme a confirm\u00e9 une saison 3 qui explorera l&rsquo;\u00e9volution des pouvoirs de l&rsquo;h\u00e9ro\u00efne et ses relations complexes, tout en poussant plus loin l&rsquo;aspect horrifique et \u00e9motionnel. En parall\u00e8le, <a href=\"https:\/\/www.ozap.com\/actu\/netflix-la-deuxieme-serie-la-plus-regardee-de-l-histoire-de-la-plateforme-va-avoir-droit-a-un-spin-off\/650922\" rel=\"nofollow noopener\" target=\"_blank\">un spin-off serait \u00e9galement en chantier<\/a>.\u00a0<\/p>\n<p>Top 10 des films en France sur Netflix du 1er au 7 septembre 2025 :<\/p>\n<ol>\n<li>\u00ab\u00a0K-Pop Demon Hunters\u00a0\u00bb : 12 semaines dans le Top 10<\/li>\n<li><strong>\u00ab\u00a0Ma Reum\u00a0\u00bb : 1 semaine dans le Top 10<\/strong><\/li>\n<li>\u00ab\u00a0Le Murder Club du jeudi\u00a0\u00bb : 2 semaines dans le Top 10<\/li>\n<li>\u00ab\u00a0Abigail\u00a0\u00bb : 2 semaines dans le Top 10<\/li>\n<li><strong>\u00ab\u00a0Num\u00e9ro inconnu : Textos toxiques au lyc\u00e9e\u00a0\u00bb : 1 semaine dans le Top 10<\/strong><\/li>\n<li>\u00ab\u00a0La Pat&rsquo; Patrouille : Le Film\u00a0\u00bb : 3 semaines dans le Top 10<\/li>\n<li>\u00ab\u00a0Fall for Me\u00a0\u00bb : 3 semaines dans le Top 10<\/li>\n<li><strong>\u00ab\u00a0Mort ou vif\u00a0\u00bb : 1 semaine dans le Top 10<\/strong><\/li>\n<li>\u00ab\u00a02 C\u0153urs\u00a0\u00bb : 5 semaines dans le Top 10<\/li>\n<li>\u00ab\u00a0L&rsquo;Homme abandonn\u00e9\u00a0\u00bb : 2 semaines dans le Top 10<br \/>\u00a0<\/li>\n<\/ol>\n<p>Top 10 des s\u00e9ries en France sur Netflix du 1er au 7 septembre 2025 :<\/p>\n<ol>\n<li>\u00ab\u00a0Mercredi\u00a0\u00bb saison 2 : 5 semaines dans le Top 10<\/li>\n<li>\u00ab\u00a0Ma vie avec les Walter Boys\u00a0\u00bb saison 2 : 2 semaines dans le Top 10<\/li>\n<li>\u00ab\u00a0Deux tombes\u00a0\u00bb mini-s\u00e9rie : 2 semaines dans le Top 10<\/li>\n<li>\u00ab\u00a0Hostage\u00a0\u00bb mini-s\u00e9rie : 3 semaines dans le Top 10<\/li>\n<li>\u00ab\u00a0Young Millionaires\u00a0\u00bb saison 1 : 4 semaines dans le Top 10<\/li>\n<li>\u00ab\u00a0Ma vie avec les Walter Boys\u00a0\u00bb saison 1 : 11 semaines dans le Top 10<\/li>\n<li>\u00ab\u00a0Mercredi\u00a0\u00bb saison 1 : 17 semaines dans le Top 10<\/li>\n<li>\u00ab\u00a0Pssica\u00a0\u00bb mini-s\u00e9rie : 3 semaines dans le Top 10<\/li>\n<li>\u00ab\u00a0Bon App\u00e9tit, Your Majesty\u00a0\u00bb mini-s\u00e9rie : 2 semaines dans le Top 10<\/li>\n<li><strong>\u00ab\u00a0Le Monde incroyable de Gumball\u00a0\u00bb saison 2 : 1 semaine dans le Top 10<\/strong><\/li>\n<\/ol>\n<p>Chiffres : Netflix\u00a0<\/p>\n","protected":false},"excerpt":{"rendered":"Par Bruna Fernandez | Journaliste N\u00e9e \u00e0 l\u2019\u00e9poque des \u201cInconnus\u201d, Bruna grandit entre le Br\u00e9sil et la France.&hellip;\n","protected":false},"author":2,"featured_media":380595,"comment_status":"","ping_status":"","sticky":false,"template":"","format":"standard","meta":{"footnotes":""},"categories":[1354],"tags":[58,59,1346,1011,27,1360],"class_list":{"0":"post-380594","1":"post","2":"type-post","3":"status-publish","4":"format-standard","5":"has-post-thumbnail","7":"category-films","8":"tag-divertissement","9":"tag-entertainment","10":"tag-films","11":"tag-fr","12":"tag-france","13":"tag-movies"},"share_on_mastodon":{"url":"https:\/\/pubeurope.com\/@fr\/115180799724256134","error":""},"_links":{"self":[{"href":"https:\/\/www.europesays.com\/fr\/wp-json\/wp\/v2\/posts\/380594","targetHints":{"allow":["GET"]}}],"collection":[{"href":"https:\/\/www.europesays.com\/fr\/wp-json\/wp\/v2\/posts"}],"about":[{"href":"https:\/\/www.europesays.com\/fr\/wp-json\/wp\/v2\/types\/post"}],"author":[{"embeddable":true,"href":"https:\/\/www.europesays.com\/fr\/wp-json\/wp\/v2\/users\/2"}],"replies":[{"embeddable":true,"href":"https:\/\/www.europesays.com\/fr\/wp-json\/wp\/v2\/comments?post=380594"}],"version-history":[{"count":0,"href":"https:\/\/www.europesays.com\/fr\/wp-json\/wp\/v2\/posts\/380594\/revisions"}],"wp:featuredmedia":[{"embeddable":true,"href":"https:\/\/www.europesays.com\/fr\/wp-json\/wp\/v2\/media\/380595"}],"wp:attachment":[{"href":"https:\/\/www.europesays.com\/fr\/wp-json\/wp\/v2\/media?parent=380594"}],"wp:term":[{"taxonomy":"category","embeddable":true,"href":"https:\/\/www.europesays.com\/fr\/wp-json\/wp\/v2\/categories?post=380594"},{"taxonomy":"post_tag","embeddable":true,"href":"https:\/\/www.europesays.com\/fr\/wp-json\/wp\/v2\/tags?post=380594"}],"curies":[{"name":"wp","href":"https:\/\/api.w.org\/{rel}","templated":true}]}}