{"id":380598,"date":"2025-09-10T15:53:15","date_gmt":"2025-09-10T15:53:15","guid":{"rendered":"https:\/\/www.europesays.com\/fr\/380598\/"},"modified":"2025-09-10T15:53:15","modified_gmt":"2025-09-10T15:53:15","slug":"judith-godreche-desabusee-apres-sa-mise-en-examen-a-hate-daffronter-jacques-doillon","status":"publish","type":"post","link":"https:\/\/www.europesays.com\/fr\/380598\/","title":{"rendered":"Judith Godr\u00e8che, d\u00e9sabus\u00e9e apr\u00e8s sa mise en examen, a h\u00e2te d\u2019affronter Jacques Doillon"},"content":{"rendered":"<p>        <img decoding=\"async\" loading=\"lazy\" src=\"https:\/\/www.europesays.com\/fr\/wp-content\/uploads\/2025\/09\/6d9997d_1715592584619-000-34kv8ru.jpg\"  width=\"728\" height=\"410\" alt=\"Judith Godr\u00e8che est mise en examen pour diffamation envers Jacques Doillon, qu\u2019elle accuse de viol.\"\/>  <\/p>\n<p>GEOFFROY VAN DER HASSELT \/ AFP<\/p>\n<p>Judith Godr\u00e8che est mise en examen pour diffamation envers Jacques Doillon, qu\u2019elle accuse de viol.<\/p>\n<p class=\"asset asset-text\">FAITS DIVERS &#8211; Une incompr\u00e9hension totale. La com\u00e9dienne <a href=\"https:\/\/www.huffingtonpost.fr\/life\/article\/metoo-la-mise-en-garde-de-judith-godreche-apres-le-rapport-sur-les-violences-sexuelles-dans-la-culture_248584.html\" target=\"_blank\" rel=\"noopener\">Judith Godr\u00e8che<\/a>, fer de lance de MeToo en France, a r\u00e9agi ce mercredi 10\u00a0septembre sur Instagram \u00e0 sa mise en examen pour diffamation envers le cin\u00e9aste<a href=\"https:\/\/www.huffingtonpost.fr\/culture\/article\/le-realisateur-jacques-doillon-place-sous-le-statut-de-temoin-assiste-dans-les-accusations-de-viol-a-son-encontre_243221.html\" target=\"_blank\" rel=\"noopener\"> Jacques Doillon<\/a>, qu\u2019elle accuse de viol quand elle avait 15\u00a0ans.<\/p>\n<p class=\"asset asset-text\">En mati\u00e8re de diffamation, la mise en examen de la personne vis\u00e9e par une plainte est automatique et ne r\u00e9sulte pas, comme dans une proc\u00e9dure p\u00e9nale classique, d\u2019une enqu\u00eate ayant mis au jour des \u00ab\u00a0indices graves et concordants\u00a0\u00bb.<\/p>\n<p class=\"asset asset-text\">Annon\u00e7ant sa mise en examen sur Instagram, la com\u00e9dienne de 53\u00a0ans a mis en parall\u00e8le la plainte qu\u2019elle a d\u00e9pos\u00e9e pour viol d\u00e9but 2024 et la proc\u00e9dure qui la vise pour avoir \u00e9crit sur Instagram que Jacques Doillon avait pour sp\u00e9cialit\u00e9 de tourner avec des enfants \u00ab\u00a0avec qui il couche\u00a0\u00bb.<\/p>\n<p class=\"asset asset-text\">\u00ab\u00a0D\u2019un c\u00f4t\u00e9, ma plainte contre lui se heurte \u00e0 la prescription. De l\u2019autre, pour sa plainte contre moi, la justice ne perd pas de temps\u00a0\u00bb, affirme-t-elle sur Instagram, avant de lancer\u00a0: \u00ab\u00a0\u00c0 votre avis, \u00e7a encouragera les victimes \u00e0 d\u00e9noncer les violences qu\u2019elles ont subies, ou \u00e7a les dissuadera\u00a0?\u00a0\u00bb.<\/p>\n<p> La lecture de ce contenu est susceptible d\u2019entra\u00eener un d\u00e9p\u00f4t de cookies de la part de l\u2019op\u00e9rateur tiers qui l\u2019h\u00e9berge. Compte-tenu des choix que vous avez exprim\u00e9s en mati\u00e8re de d\u00e9p\u00f4t de cookies, nous avons bloqu\u00e9 l\u2019affichage de ce contenu. Si vous souhaitez y acc\u00e9der, vous devez accepter la cat\u00e9gorie de cookies \u201cContenus tiers\u201d en cliquant sur le bouton ci-dessous. <\/p>\n<p> Lire la Vid\u00e9o        \u00ab\u00a0Intimidation\u00a0\u00bb    <\/p>\n<p class=\"asset asset-text\">Apr\u00e8s la plainte de Judith Godr\u00e8che, suivie par celles de trois autres personnes, une enqu\u00eate avait \u00e9t\u00e9 ouverte et Jacques Doillon avait \u00e9t\u00e9 plac\u00e9 fin 2024 sous le statut interm\u00e9diaire de t\u00e9moin assist\u00e9. Le cin\u00e9aste de 81\u00a0ans, figure du cin\u00e9ma d\u2019auteur, conteste les faits.<\/p>\n<p class=\"asset asset-text\">Sur Instagram, Judith Godr\u00e8che dit toutefois attendre avec impatience le proc\u00e8s en diffamation, qui aura lieu sauf d\u00e9sistement de Jacques Doillon. \u00ab\u00a0J\u2019ai h\u00e2te de venir expliquer la v\u00e9rit\u00e9 de son comportement\u00a0\u00bb, \u00e9crit-elle.<\/p>\n<p class=\"asset asset-text\">Le recours \u00e0 des plaintes pour diffamation dans des dossiers de violences sexuelles a d\u00e9j\u00e0 \u00e9t\u00e9 d\u00e9nonc\u00e9 par des plaignantes comme un moyen \u00ab\u00a0d\u2019intimidation\u00a0\u00bb.<\/p>\n<p class=\"asset asset-text\">Le 6\u00a0septembre, un collectif de journalistes s\u2019est \u00e9mu de la mise en examen de la journaliste sportive Marie Portolano \u00e0 la suite d\u2019une plainte pour diffamation d\u00e9pos\u00e9e par le chroniqueur Pierre M\u00e9n\u00e8s, apr\u00e8s la parution d\u2019un livre o\u00f9 elle relatait une agression sexuelle sur le plateau de Canal+ en 2016. Selon le collectif, la plainte en diffamation provoque \u00ab\u00a0une inversion de la charge victimaire\u00a0: au lieu d\u2019entendre la parole d\u2019une femme qui d\u00e9nonce des violences patriarcales, c\u2019est elle qui se trouve en position d\u2019\u00eatre attaqu\u00e9e en justice\u00a0\u00bb.<\/p>\n","protected":false},"excerpt":{"rendered":"GEOFFROY VAN DER HASSELT \/ AFP Judith Godr\u00e8che est mise en examen pour diffamation envers Jacques Doillon, qu\u2019elle&hellip;\n","protected":false},"author":2,"featured_media":380599,"comment_status":"","ping_status":"","sticky":false,"template":"","format":"standard","meta":{"footnotes":""},"categories":[8],"tags":[650,251,58,59,118,1011,27,4358,799],"class_list":{"0":"post-380598","1":"post","2":"type-post","3":"status-publish","4":"format-standard","5":"has-post-thumbnail","7":"category-divertissement","8":"tag-cinema","9":"tag-culture","10":"tag-divertissement","11":"tag-entertainment","12":"tag-faits-divers","13":"tag-fr","14":"tag-france","15":"tag-judith-godreche","16":"tag-violences-sexuelles"},"share_on_mastodon":{"url":"https:\/\/pubeurope.com\/@fr\/115180812195285531","error":""},"_links":{"self":[{"href":"https:\/\/www.europesays.com\/fr\/wp-json\/wp\/v2\/posts\/380598","targetHints":{"allow":["GET"]}}],"collection":[{"href":"https:\/\/www.europesays.com\/fr\/wp-json\/wp\/v2\/posts"}],"about":[{"href":"https:\/\/www.europesays.com\/fr\/wp-json\/wp\/v2\/types\/post"}],"author":[{"embeddable":true,"href":"https:\/\/www.europesays.com\/fr\/wp-json\/wp\/v2\/users\/2"}],"replies":[{"embeddable":true,"href":"https:\/\/www.europesays.com\/fr\/wp-json\/wp\/v2\/comments?post=380598"}],"version-history":[{"count":0,"href":"https:\/\/www.europesays.com\/fr\/wp-json\/wp\/v2\/posts\/380598\/revisions"}],"wp:featuredmedia":[{"embeddable":true,"href":"https:\/\/www.europesays.com\/fr\/wp-json\/wp\/v2\/media\/380599"}],"wp:attachment":[{"href":"https:\/\/www.europesays.com\/fr\/wp-json\/wp\/v2\/media?parent=380598"}],"wp:term":[{"taxonomy":"category","embeddable":true,"href":"https:\/\/www.europesays.com\/fr\/wp-json\/wp\/v2\/categories?post=380598"},{"taxonomy":"post_tag","embeddable":true,"href":"https:\/\/www.europesays.com\/fr\/wp-json\/wp\/v2\/tags?post=380598"}],"curies":[{"name":"wp","href":"https:\/\/api.w.org\/{rel}","templated":true}]}}