{"id":380604,"date":"2025-09-10T15:56:10","date_gmt":"2025-09-10T15:56:10","guid":{"rendered":"https:\/\/www.europesays.com\/fr\/380604\/"},"modified":"2025-09-10T15:56:10","modified_gmt":"2025-09-10T15:56:10","slug":"cetait-de-linconscience-de-laisser-joe-biden-se-presenter-a-la-presidentielle-americaine-fustige-kamala-harris","status":"publish","type":"post","link":"https:\/\/www.europesays.com\/fr\/380604\/","title":{"rendered":"\u00abC&rsquo;\u00e9tait de l&rsquo;inconscience\u00bb de laisser Joe Biden se pr\u00e9senter \u00e0 la pr\u00e9sidentielle am\u00e9ricaine, fustige Kamala Harris"},"content":{"rendered":"<p>La d\u00e9mocrate r\u00e8gle aussi ses comptes avec l\u2019entourage de l\u2019ancien pr\u00e9sident, accus\u00e9 de lui avoir mis en permanence des b\u00e2tons dans les roues quand elle \u00e9tait vice-pr\u00e9sidente, selon des extraits publi\u00e9s par le magazine The Atlantic.<\/p>\n<p class=\"fig-paragraph\"><a href=\"http:\/\/www.lefigaro.fr\/culture\/donald-trump-accuse-beyonce-d-avoir-touche-11-millions-de-dollars-pour-soutenir-kamala-harris-20250728\" data-fig-type=\"Article\" data-gtm-custom-categorie=\"navigation\" data-gtm-custom-action=\"crossclick\" data-gtm-custom-label=\"Contextuel\" data-gtm-event=\"customEventSPE\" data-fig-domain=\"LEFIGARO\" target=\"_blank\" rel=\"noopener\">Kamala Harris<\/a>, candidate d\u00e9mocrate malheureuse \u00e0 la pr\u00e9sidentielle, ass\u00e8ne dans un livre \u00e0 para\u00eetre en septembre que cela avait \u00e9t\u00e9 \u00abde l&rsquo;inconscience\u00bb de laisser l&rsquo;ancien pr\u00e9sident\u00a0<a href=\"http:\/\/www.lefigaro.fr\/international\/qu-il-aille-se-faire-foutre-un-an-apres-le-retrait-de-joe-biden-son-fils-hunter-s-en-prend-a-george-clooney-20250723\" data-fig-type=\"NewsFlash\" data-gtm-custom-categorie=\"navigation\" data-gtm-custom-action=\"crossclick\" data-gtm-custom-label=\"Contextuel\" data-gtm-event=\"customEventSPE\" data-fig-domain=\"LEFIGARO\" target=\"_blank\" rel=\"noopener\">Joe Biden<\/a>\u00a0s&rsquo;accrocher \u00e0 sa qu\u00eate d&rsquo;un second mandat.<\/p>\n<p class=\"fig-paragraph\">Elle r\u00e8gle aussi ses comptes avec l&rsquo;entourage de l&rsquo;ancien pr\u00e9sident, accus\u00e9 de lui avoir mis en permanence des b\u00e2tons dans les roues quand elle \u00e9tait vice-pr\u00e9sidente, selon des extraits publi\u00e9s par le magazine The Atlantic.<\/p>\n<p>                                    <a class=\"fig-a11y-skip a11y-hidden\" href=\"#fig-a11y-skip-main-inarticle\"><br \/>\n        Passer la publicit\u00e9<br \/>\n    <\/a><\/p>\n<p class=\"fig-paragraph\">\u00ab\u00a0\u00bbLa d\u00e9cision appartient \u00e0 Joe et Jill (Biden, son \u00e9pouse)\u00a0\u00bb. Nous r\u00e9p\u00e9tions cela comme un mantra, comme si nous avions \u00e9t\u00e9 hypnotis\u00e9s. \u00c9tait-ce de l&rsquo;\u00e9l\u00e9gance ou \u00e9tait-ce de l&rsquo;inconscience? En y repensant, je pense que c&rsquo;\u00e9tait de l&rsquo;inconscience. L&rsquo;enjeu \u00e9tait trop grand. Ce choix ne pouvait reposer sur l&rsquo;ego, sur l&rsquo;ambition d&rsquo;un individu\u00bb, \u00e9crit Kamala Harris.<\/p>\n<p>Amertume face \u00e0 l\u2019entourage de Biden<\/p>\n<p class=\"fig-paragraph\">La d\u00e9mocrate, qui a succ\u00e9d\u00e9 en catastrophe \u00e0 Joe Biden comme candidate \u00e0 la Maison-Blanche fin juillet, estime toutefois qu&rsquo;elle \u00e9tait \u00abla plus mal plac\u00e9e pour argumenter en faveur d&rsquo;un retrait\u00bb du pr\u00e9sident vieillissant. \u00abJe savais que cela appara\u00eetrait comme incroyablement opportuniste de lui demander de ne pas se pr\u00e9senter. Il l&rsquo;aurait vu comme de l&rsquo;ambition sans fard, peut-\u00eatre comme une trahison perfide\u00bb, estime-t-elle.<\/p>\n<p class=\"fig-paragraph\">Si elle assure que le d\u00e9mocrate, \u00e2g\u00e9 de 82 ans aujourd&rsquo;hui, a toujours \u00e9t\u00e9 en mesure d&rsquo;exercer ses fonctions, elle \u00e9crit qu&rsquo;il \u00abfatiguait\u00bb. La premi\u00e8re femme vice-pr\u00e9sidente des \u00c9tats-Unis expose son amertume face \u00e0 l&rsquo;entourage de Joe Biden dans les quelques paragraphes d\u00e9voil\u00e9s par l&rsquo;hebdomadaire.<\/p>\n<p>Un livre \u00e0 para\u00eetre<\/p>\n<p class=\"fig-paragraph\">\u00abIl \u00e9tait quasiment impossible d&rsquo;obtenir que (la Maison Blanche) dise quelque chose de positif sur mon travail ou qu&rsquo;elle me d\u00e9fende\u00a0\u00bb, d\u00e9plore-t-elle. \u00abJ&rsquo;ai souvent appris que l&rsquo;\u00e9quipe du pr\u00e9sident attisait les rumeurs n\u00e9gatives qui surgissaient autour de moi\u00bb, d\u00e9nonce encore la Californienne.<\/p>\n<p class=\"fig-paragraph\">Son ouvrage, \u00ab107 Days\u00bb (\u00ab107 jours\u00bb) publi\u00e9 aux \u00e9ditions Simon &amp; Schuster, para\u00eetra le 23 septembre aux \u00c9tats-Unis. Cette dur\u00e9e est celle de sa campagne tronqu\u00e9e, depuis le retrait surprise de Joe Biden le 21 juillet, jusqu&rsquo;\u00e0 l&rsquo;\u00e9lection perdue le 5 novembre face \u00e0 Donald Trump.<\/p>\n","protected":false},"excerpt":{"rendered":"La d\u00e9mocrate r\u00e8gle aussi ses comptes avec l\u2019entourage de l\u2019ancien pr\u00e9sident, accus\u00e9 de lui avoir mis en permanence&hellip;\n","protected":false},"author":2,"featured_media":380605,"comment_status":"","ping_status":"","sticky":false,"template":"","format":"standard","meta":{"footnotes":""},"categories":[5],"tags":[11,73,1011,27,14,457,458,12,28],"class_list":{"0":"post-380604","1":"post","2":"type-post","3":"status-publish","4":"format-standard","5":"has-post-thumbnail","7":"category-international","8":"tag-actualites","9":"tag-etats-unis","10":"tag-fr","11":"tag-france","12":"tag-international","13":"tag-joe-biden","14":"tag-kamala-harris","15":"tag-news","16":"tag-world"},"share_on_mastodon":{"url":"https:\/\/pubeurope.com\/@fr\/115180823136015239","error":""},"_links":{"self":[{"href":"https:\/\/www.europesays.com\/fr\/wp-json\/wp\/v2\/posts\/380604","targetHints":{"allow":["GET"]}}],"collection":[{"href":"https:\/\/www.europesays.com\/fr\/wp-json\/wp\/v2\/posts"}],"about":[{"href":"https:\/\/www.europesays.com\/fr\/wp-json\/wp\/v2\/types\/post"}],"author":[{"embeddable":true,"href":"https:\/\/www.europesays.com\/fr\/wp-json\/wp\/v2\/users\/2"}],"replies":[{"embeddable":true,"href":"https:\/\/www.europesays.com\/fr\/wp-json\/wp\/v2\/comments?post=380604"}],"version-history":[{"count":0,"href":"https:\/\/www.europesays.com\/fr\/wp-json\/wp\/v2\/posts\/380604\/revisions"}],"wp:featuredmedia":[{"embeddable":true,"href":"https:\/\/www.europesays.com\/fr\/wp-json\/wp\/v2\/media\/380605"}],"wp:attachment":[{"href":"https:\/\/www.europesays.com\/fr\/wp-json\/wp\/v2\/media?parent=380604"}],"wp:term":[{"taxonomy":"category","embeddable":true,"href":"https:\/\/www.europesays.com\/fr\/wp-json\/wp\/v2\/categories?post=380604"},{"taxonomy":"post_tag","embeddable":true,"href":"https:\/\/www.europesays.com\/fr\/wp-json\/wp\/v2\/tags?post=380604"}],"curies":[{"name":"wp","href":"https:\/\/api.w.org\/{rel}","templated":true}]}}