{"id":380606,"date":"2025-09-10T15:57:06","date_gmt":"2025-09-10T15:57:06","guid":{"rendered":"https:\/\/www.europesays.com\/fr\/380606\/"},"modified":"2025-09-10T15:57:06","modified_gmt":"2025-09-10T15:57:06","slug":"attaque-au-couteau-au-lycee-horticole-dantibes-au-moins-deux-blesses-le-suspect-deja-soupconne-davoir-prepare-une-tuerie-de-masse-les-reactions-suivez-notre-direct-nice-matin","status":"publish","type":"post","link":"https:\/\/www.europesays.com\/fr\/380606\/","title":{"rendered":"Attaque au couteau au lyc\u00e9e horticole d&#039;Antibes: au moins deux bless\u00e9s, le suspect d\u00e9j\u00e0 soup\u00e7onn\u00e9 d&#039;avoir pr\u00e9par\u00e9 une tuerie de masse, les r\u00e9actions&#8230; suivez notre direct &#8211; Nice-Matin"},"content":{"rendered":"<ol>\n<li><a href=\"https:\/\/news.google.com\/rss\/articles\/CBMi-wFBVV95cUxQSV83VEN5cHN0VGJhZVZyd1pyMFY2NFZ4TGJIc19KVERKZGdwanhMcnhaUm10UWRpVTNzelRfaE9oOU9UUHpoc2kydzd6SWk5MDdQZFR3ejNVeEJIaF9PQV9oOS15Y3c1ZkhaSkkzSGFWM01UdzRQRTZxVEN3WE5WSTFWa3NPN0ZhRThUTmY2aW5LR0ZjMGJDWXJzZkJEYWh4b3RBcEZpdTRqYkhUQlNURUdqWjJYWElIRWpHcHgzN2FIeUUtVGZkajNLZ3ZMTHNJcnRha0Fad2dyN1JJaDhKSHQ2VERHcVdRLVJDV1dLUkdFWi1tdm5qQ2Vydw?oc=5\" target=\"_blank\" rel=\"nofollow noopener\">Attaque au couteau au lyc\u00e9e horticole d&rsquo;Antibes: au moins deux bless\u00e9s, le suspect d\u00e9j\u00e0 soup\u00e7onn\u00e9 d&rsquo;avoir pr\u00e9par\u00e9 une tuerie de masse, les r\u00e9actions&#8230; suivez notre direct<\/a>&nbsp;&nbsp;Nice-Matin<\/li>\n<li><a href=\"https:\/\/news.google.com\/rss\/articles\/CBMirAFBVV95cUxPOVFvMTR0UEc5dEs1Qmg1TFFiYWtzdHRsVl9vMWEyZjBGUnREOUZEemN1SHRtSEFfZnJlblNPQU54TVR1QzAzbll2SU1Pb09KWUNoUk1NVW1NQlRoT2hrWGdtWC1YR0NaN3ZZR0Q2RVBmdnJsSV9NSDNTTDh2RVk0TEQtT1RtX2lib2RIdndJeFRoanJmWl9DQ2RPYXd4RFd1Mzg3SUJCWGFaMGpP?oc=5\" target=\"_blank\" rel=\"nofollow noopener\">Antibes : une attaque au couteau dans un lyc\u00e9e fait au moins deux bless\u00e9s, l\u2019assaillant interpell\u00e9 \u00e9tait fich\u00e9 S<\/a>&nbsp;&nbsp;Le Figaro<\/li>\n<li><a href=\"https:\/\/news.google.com\/rss\/articles\/CBMi_gFBVV95cUxQTEJtZllVTHIwdUlCZWtnV0syRjFZaHlqekNObFhPYWdyUW80OHFYbFc3TUZlS2I4M216M05wdmhDcUR5bnYzUTR0eU1KeXZoSTNRdWhXSGdSd25fVkE2SXhzcG5RY2JMTEViaFMyOGY4QVNmaFFFVXJ2OWNDamFnX1Q1bmE5cnhZX2ItcnIyWm9DcEszbTRLOG5LbzNRRG5nMGZuaXQ0XzJKOVRtVUlIVFkyUkNVUXNPMDhubG5vS2VQWHRlNF9HSzBSSHlpeENUTlZEZFFBOG1VeW9aY0VWYkxLenF6OFlQMlBPM1E3TDFhVEFuMnNLanl0TW9JUQ?oc=5\" target=\"_blank\" rel=\"nofollow noopener\">Antibes : Attaque au couteau dans un lyc\u00e9e horticole, une enseignante et une \u00e9l\u00e8ve bless\u00e9es, le suspect \u00e9tait fich\u00e9 S<\/a>&nbsp;&nbsp;Actualit\u00e9s \u2013 Orange<\/li>\n<li><a href=\"https:\/\/news.google.com\/rss\/articles\/CBMiswJBVV95cUxOVVVsS3VWWXllYTd2aVZ5QjZOSDV2LXpVYWFoZVZOX2J0WEVlSEU3THlMVkRDNlFoaFVlUW00NGdXY29fR1pCRm5BcGFVR0ItaXRPREM0S0xpSF8yM3YwRFRqWTlYeHl4T1dMb0lHN2xIUDU0UkUweXFjem1mNXZuZ2xNcHZpODl6TjJPMmxtcHBQN21IOTFiSkxqeS1yckk4T0xXNlBGVjlGT05ZdDF1bEJlZmhnWkRidGRVNmJnbjBwZDlndTRVOF9WNXQteHpsX2NwOW5TX19Edmc0NjhPamloazZBTkRiTXg1Y0RrV3J5cnV2S1huUHBQRXJDUlQxUnpvSDFTcm9lRlJkeEtvYmdfMm15ZjljcFNjclY4dnI0bGZkd2p4NnIyeGw2bTBnSTVF?oc=5\" target=\"_blank\" rel=\"nofollow noopener\">Attaque au couteau au lyc\u00e9e horticole d&rsquo;Antibes: l&rsquo;auteur avait d\u00e9j\u00e0 \u00e9t\u00e9 interpell\u00e9 en 2024 alors qu&rsquo;il \u00e9tait soup\u00e7onn\u00e9 de pr\u00e9parer une tuerie de masse<\/a>&nbsp;&nbsp;Nice-Matin<\/li>\n<li><a href=\"https:\/\/news.google.com\/rss\/articles\/CBMigwJBVV95cUxQbC1hTkcyem0ycUtxd2NpVm9WNXZaVE9xR1lBUkZXdll3UTZQX2N6TEFzcHktVDQ2SUg5RE5MbVZDeEdIaHY4RDFlTXJlTWk1ZGpoX1lSblRDUmFGeGVKdXdLbDVFRzNEVDAtaXowdkF3eTVmYk5EbVpFbzNMaVlrUmhaVlNTdTNyc2FiazAzZnM4MENVVGZ5cHJDWjUtSUdzNnhTeUE2UnBnSF9jLUxWYzlCQ3N3UVFHU2ZtR1FaQW1VaGtSR3VJaHRCVmthRUVfNVdXb180aUNYbmlSUXB1NUpGOHVadHIwdTZXaWZQM2Y1bTRDLVNId19ETEczeDUwYmhZ?oc=5\" target=\"_blank\" rel=\"nofollow noopener\">Un \u00e9l\u00e8ve et une enseignante bless\u00e9s dans une attaque au couteau dans un lyc\u00e9e horticole \u00e0 Antibes, l&rsquo;assaillant interpell\u00e9<\/a>&nbsp;&nbsp;France Info<\/li>\n<\/ol>\n","protected":false},"excerpt":{"rendered":"Attaque au couteau au lyc\u00e9e horticole d&rsquo;Antibes: au moins deux bless\u00e9s, le suspect d\u00e9j\u00e0 soup\u00e7onn\u00e9 d&rsquo;avoir pr\u00e9par\u00e9 une&hellip;\n","protected":false},"author":2,"featured_media":1445,"comment_status":"","ping_status":"","sticky":false,"template":"","format":"standard","meta":{"footnotes":""},"categories":[4],"tags":[11,1011,27,12,25],"class_list":{"0":"post-380606","1":"post","2":"type-post","3":"status-publish","4":"format-standard","5":"has-post-thumbnail","7":"category-france","8":"tag-actualites","9":"tag-fr","10":"tag-france","11":"tag-news","12":"tag-republique-francaise"},"share_on_mastodon":{"url":"https:\/\/pubeurope.com\/@fr\/115180827029332256","error":""},"_links":{"self":[{"href":"https:\/\/www.europesays.com\/fr\/wp-json\/wp\/v2\/posts\/380606","targetHints":{"allow":["GET"]}}],"collection":[{"href":"https:\/\/www.europesays.com\/fr\/wp-json\/wp\/v2\/posts"}],"about":[{"href":"https:\/\/www.europesays.com\/fr\/wp-json\/wp\/v2\/types\/post"}],"author":[{"embeddable":true,"href":"https:\/\/www.europesays.com\/fr\/wp-json\/wp\/v2\/users\/2"}],"replies":[{"embeddable":true,"href":"https:\/\/www.europesays.com\/fr\/wp-json\/wp\/v2\/comments?post=380606"}],"version-history":[{"count":0,"href":"https:\/\/www.europesays.com\/fr\/wp-json\/wp\/v2\/posts\/380606\/revisions"}],"wp:featuredmedia":[{"embeddable":true,"href":"https:\/\/www.europesays.com\/fr\/wp-json\/wp\/v2\/media\/1445"}],"wp:attachment":[{"href":"https:\/\/www.europesays.com\/fr\/wp-json\/wp\/v2\/media?parent=380606"}],"wp:term":[{"taxonomy":"category","embeddable":true,"href":"https:\/\/www.europesays.com\/fr\/wp-json\/wp\/v2\/categories?post=380606"},{"taxonomy":"post_tag","embeddable":true,"href":"https:\/\/www.europesays.com\/fr\/wp-json\/wp\/v2\/tags?post=380606"}],"curies":[{"name":"wp","href":"https:\/\/api.w.org\/{rel}","templated":true}]}}