{"id":380607,"date":"2025-09-10T15:58:10","date_gmt":"2025-09-10T15:58:10","guid":{"rendered":"https:\/\/www.europesays.com\/fr\/380607\/"},"modified":"2025-09-10T15:58:10","modified_gmt":"2025-09-10T15:58:10","slug":"un-salarie-malade-pendant-ses-vacances-desormais-peut-les-reporter-a-statue-la-cour-de-cassation","status":"publish","type":"post","link":"https:\/\/www.europesays.com\/fr\/380607\/","title":{"rendered":"Un salari\u00e9 malade pendant ses vacances d\u00e9sormais peut les reporter, a statu\u00e9 la Cour de cassation"},"content":{"rendered":"\n<p class=\"article__paragraph  \">Un salari\u00e9 qui tombe malade pendant ses vacances a \u00ab\u00a0le droit de voir son cong\u00e9 pay\u00e9 report\u00e9\u00a0\u00bb, a jug\u00e9 la Cour de cassation, selon un communiqu\u00e9 publi\u00e9 par l\u2019institution, mercredi 10\u00a0septembre.<\/p>\n<p class=\"article__paragraph  \">L\u2019arr\u00eat de la plus haute juridiction \u00e9tait attendu pour mettre le droit fran\u00e7ais en conformit\u00e9 avec le droit europ\u00e9en, qui pr\u00e9vaudra donc, pourvu que \u00ab\u00a0l\u2019arr\u00eat maladie soit notifi\u00e9 par le salari\u00e9 \u00e0 son employeur\u00a0\u00bb.<\/p>\n<p class=\"article__paragraph  \">En droit de l\u2019Union europ\u00e9enne, \u00ab\u00a0l\u2019objectif du cong\u00e9 pay\u00e9 est de permettre aux salari\u00e9s non seulement de se reposer, mais aussi de profiter d\u2019une p\u00e9riode de d\u00e9tente et de loisirs\u00a0\u00bb, explique la Cour de cassation. L\u2019objectif du cong\u00e9 de maladie est diff\u00e9rent\u00a0: il doit \u00ab\u00a0permettre aux salari\u00e9s de se r\u00e9tablir d\u2019un probl\u00e8me de sant\u00e9\u00a0\u00bb, poursuit le communiqu\u00e9 qui explique que \u00ab\u00a0ces deux droits n\u2019ont donc pas la m\u00eame finalit\u00e9\u00a0\u00bb.<\/p>\n<p>                                         Lire aussi |  Article r\u00e9serv\u00e9 \u00e0 nos abonn\u00e9s  <a href=\"https:\/\/www.lemonde.fr\/emploi\/article\/2025\/04\/23\/le-taux-d-absenteisme-dans-les-entreprises-a-diminue-en-2024-mais-les-arrets-maladie-sont-plus-longs_6599173_1698637.html\" class=\"js-article-read-also catcher--favoris__link\" data-premium=\"1\" id=\"article-title-3418954\" rel=\"nofollow noopener\" target=\"_blank\">Le taux d\u2019absent\u00e9isme dans les entreprises a diminu\u00e9 en\u00a02024, mais les arr\u00eats maladie sont plus longs<\/a>    <\/p>\n<p>   Lire plus tard  <\/p>\n<p class=\"article__paragraph  \">Dans un autre arr\u00eat publi\u00e9 mercredi, la Cour de cassation a d\u00e9cid\u00e9, \u00e0 la suite d\u2019un pourvoi de trois salari\u00e9s, le droit au paiement d\u2019heures suppl\u00e9mentaires pour un salari\u00e9 au d\u00e9compte horaire, y compris \u00ab\u00a0sur la semaine au cours de laquelle il a pos\u00e9 un jour de cong\u00e9 pay\u00e9 et n\u2019a donc pas r\u00e9alis\u00e9 35\u00a0heures de travail effectif\u00a0\u00bb.<\/p>\n<p class=\"article__paragraph  \">L\u00e0 aussi, le raisonnement est fond\u00e9 sur le droit europ\u00e9en qui veut que \u00ab\u00a0toute mesure pouvant dissuader un salari\u00e9 de prendre ses cong\u00e9s pay\u00e9s est interdite\u00a0\u00bb. Or, \u00ab\u00a0un calcul des heures suppl\u00e9mentaires qui ne tient pas compte des jours de cong\u00e9s pay\u00e9s fait perdre au salari\u00e9 un avantage financier qui peut le dissuader de se reposer\u00a0\u00bb.<\/p>\n<p>                                         Lire aussi |  Article r\u00e9serv\u00e9 \u00e0 nos abonn\u00e9s  <a href=\"https:\/\/www.lemonde.fr\/argent\/article\/2025\/08\/08\/arret-maladie-peut-on-sejourner-a-l-etranger_6627364_1657007.html\" class=\"js-article-read-also catcher--favoris__link\" data-premium=\"1\" id=\"article-title-3433616\" rel=\"nofollow noopener\" target=\"_blank\">Arr\u00eat maladie\u00a0: peut-on s\u00e9journer \u00e0 l\u2019\u00e9tranger\u00a0?<\/a>    <\/p>\n<p>   Lire plus tard  <\/p>\n<p class=\"author__detail\">  Le Monde avec AFP  <\/p>\n","protected":false},"excerpt":{"rendered":"Un salari\u00e9 qui tombe malade pendant ses vacances a \u00ab\u00a0le droit de voir son cong\u00e9 pay\u00e9 report\u00e9\u00a0\u00bb, a&hellip;\n","protected":false},"author":2,"featured_media":380608,"comment_status":"","ping_status":"","sticky":false,"template":"","format":"standard","meta":{"footnotes":""},"categories":[2],"tags":[11,1011,27,12],"class_list":{"0":"post-380607","1":"post","2":"type-post","3":"status-publish","4":"format-standard","5":"has-post-thumbnail","7":"category-actualites","8":"tag-actualites","9":"tag-fr","10":"tag-france","11":"tag-news"},"share_on_mastodon":{"url":"https:\/\/pubeurope.com\/@fr\/115180830910108472","error":""},"_links":{"self":[{"href":"https:\/\/www.europesays.com\/fr\/wp-json\/wp\/v2\/posts\/380607","targetHints":{"allow":["GET"]}}],"collection":[{"href":"https:\/\/www.europesays.com\/fr\/wp-json\/wp\/v2\/posts"}],"about":[{"href":"https:\/\/www.europesays.com\/fr\/wp-json\/wp\/v2\/types\/post"}],"author":[{"embeddable":true,"href":"https:\/\/www.europesays.com\/fr\/wp-json\/wp\/v2\/users\/2"}],"replies":[{"embeddable":true,"href":"https:\/\/www.europesays.com\/fr\/wp-json\/wp\/v2\/comments?post=380607"}],"version-history":[{"count":0,"href":"https:\/\/www.europesays.com\/fr\/wp-json\/wp\/v2\/posts\/380607\/revisions"}],"wp:featuredmedia":[{"embeddable":true,"href":"https:\/\/www.europesays.com\/fr\/wp-json\/wp\/v2\/media\/380608"}],"wp:attachment":[{"href":"https:\/\/www.europesays.com\/fr\/wp-json\/wp\/v2\/media?parent=380607"}],"wp:term":[{"taxonomy":"category","embeddable":true,"href":"https:\/\/www.europesays.com\/fr\/wp-json\/wp\/v2\/categories?post=380607"},{"taxonomy":"post_tag","embeddable":true,"href":"https:\/\/www.europesays.com\/fr\/wp-json\/wp\/v2\/tags?post=380607"}],"curies":[{"name":"wp","href":"https:\/\/api.w.org\/{rel}","templated":true}]}}